{"id":23595,"date":"2024-02-20T23:45:18","date_gmt":"2024-02-20T23:45:18","guid":{"rendered":"https:\/\/by-tv.co.uk\/?p=23595"},"modified":"2024-02-20T23:45:18","modified_gmt":"2024-02-20T23:45:18","slug":"ingilterede-ozel-ihtiyaclari-olan-yuzlerce-cocuk-destek-icin-bir-yil-bekliyor","status":"publish","type":"post","link":"https:\/\/by-tv.co.uk\/en\/ingilterede-ozel-ihtiyaclari-olan-yuzlerce-cocuk-destek-icin-bir-yil-bekliyor\/","title":{"rendered":"\u0130ngiltere&#8217;de \u00f6zel ihtiya\u00e7lar\u0131 olan y\u00fczlerce \u00e7ocuk destek i\u00e7in bir y\u0131l bekliyor"},"content":{"rendered":"<p>\u0130ngiltere&#8217;deki yerel makamlar kendilerine y\u00f6neltilen taleplerin y\u00fck\u00fc alt\u0131nda ezilirken, \u00f6zel e\u011fitim ihtiyac\u0131 olan y\u00fczlerce \u00e7ocuk deste\u011fe eri\u015fmek i\u00e7in bir y\u0131l veya daha uzun s\u00fcredir bekliyor.<\/p>\n<p>Bilgi edinme \u00f6zg\u00fcrl\u00fc\u011f\u00fc kapsam\u0131nda yap\u0131lan ba\u015fvurular, baz\u0131 yerel makamlarda \u00e7ocuk ve gen\u00e7lerin, ihtiya\u00e7 duyduklar\u0131 deste\u011fin ayr\u0131nt\u0131lar\u0131n\u0131 i\u00e7eren bir e\u011fitim, sa\u011fl\u0131k ve bak\u0131m plan\u0131n\u0131n (EHCP) kendilerine verilmesi i\u00e7in iki y\u0131ldan fazla beklediklerini ortaya koydu.<\/p>\n<p><a href=\"https:\/\/www.theguardian.com\/education\/2024\/feb\/18\/hundreds-of-children-with-special-needs-wait-a-year-for-support-in-england\" target=\"_blank\" rel=\"noopener\">Guardian&#8217;<\/a>\u0131n haberinde yer alan veriler, \u0130ngiltere genelinde 20.000&#8217;den fazla vakan\u0131n 20 haftadan fazla, 3.000 kadar\u0131n\u0131n da bir y\u0131l veya daha uzun s\u00fcre bekledi\u011fini g\u00f6steriyor.<\/p><div id=\"briti-2527086577\" class=\"briti-icerik\" style=\"margin-top: 5px;margin-bottom: 5px;\"><a href=\"https:\/\/piaryum.com\/services\/\" aria-label=\"piaryum banner\"><img loading=\"lazy\" decoding=\"async\" src=\"https:\/\/by-tv.co.uk\/wp-content\/uploads\/2025\/12\/Gemini_Generated_Image_g5yqr1g5yqr1g5yq.jpg\" alt=\"\"  width=\"2064\" height=\"1152\"   \/><\/a><\/div>\n<p>Belediye meclisi liderleri, EHCP&#8217;lere y\u00f6nelik taleplerin son y\u0131llarda artt\u0131\u011f\u0131n\u0131, ancak \u00e7ocuklar\u0131n ihtiya\u00e7lar\u0131n\u0131 kar\u015f\u0131layacak finansman\u0131n buna ayak uyduramad\u0131\u011f\u0131n\u0131 s\u00f6yl\u00fcyor. 2019&#8217;dan bu yana verilen planlar\u0131n say\u0131s\u0131 %72 artarak 2023&#8217;te 500 binden fazla ki\u015fiye destek sa\u011fland\u0131 ancak merkezi h\u00fck\u00fcmetten \u00f6zel e\u011fitim ihtiya\u00e7lar\u0131 ve engelliler (Send) i\u00e7in ayr\u0131lan fon yaln\u0131zca %42 artt\u0131.<\/p>\n<p>Derbyshire il\u00e7e meclisinin e\u011fitimden sorumlu kabine \u00fcyesi Alex Dale &#8220;Bunun \u00e7ok b\u00fcy\u00fck bir sorun oldu\u011fu a\u00e7\u0131k&#8221; dedi.<\/p>\n<p>Daha adil bir e\u011fitim finansman\u0131 i\u00e7in kampanya y\u00fcr\u00fcten f40 yerel y\u00f6netimler grubuna da ba\u015fkanl\u0131k eden Dale, gecikmelerin ard\u0131ndaki ana nedenlerden birinin talepteki b\u00fcy\u00fck art\u0131\u015f oldu\u011funu s\u00f6yledi.<\/p>\n<p>Dale &#8220;Benim yerel y\u00f6netimimde, kay\u0131tlar\u0131m\u0131zda bulunan EHCP&#8217;lerin say\u0131s\u0131n\u0131n son yedi y\u0131lda iki kat\u0131na \u00e7\u0131kt\u0131\u011f\u0131n\u0131 hesaplad\u0131k. Bu durum \u00fclke genelinde de hemen hemen ayn\u0131.&#8221; dedi.<\/p>\n<p>EHCP deste\u011fi verildikten sonra da kabus bitmiyor. Guardian&#8217;a konu\u015fan ebeveynler, York&#8217;ta ebeveynlerine \u00f6zel bir okulda yaln\u0131zca bir yer teklif edilen tek yumurta ikizlerinin davas\u0131n\u0131n s\u00fcrd\u00fc\u011f\u00fcn\u00fc, temyiz ve mahkeme s\u00fcrecinin uzun s\u00fcrd\u00fc\u011f\u00fcn\u00fc s\u00f6yl\u00fcyor.<\/p>\n<p>\u0130kizlerle ilgili bir ba\u015fka vaka, ebeveynlerin kar\u015f\u0131la\u015ft\u0131\u011f\u0131 zorluklar\u0131 g\u00f6zler \u00f6n\u00fcne seriyor. David ve Louise May&#8217;in ikiz o\u011fullar\u0131ndan biri \u00f6zel ihtiya\u00e7lar\u0131 olmayan ve normal bir ortaokulda GCSE&#8217;lerini almaya haz\u0131rlanan bir \u00e7ocuk. Ancak otizm ve DEHB te\u015fhisi konulan ikiz karde\u015fi Jack, Surrey belediye meclisi arac\u0131l\u0131\u011f\u0131yla EHCP almas\u0131na ra\u011fmen 2022 yaz\u0131ndan bu yana tam zamanl\u0131 e\u011fitimin d\u0131\u015f\u0131nda.<\/p>\n<p>Jack 7. s\u0131n\u0131fta bir okula yerle\u015ftirildi ancak ya\u015fad\u0131\u011f\u0131 zorluklar bu okulu s\u00fcrd\u00fcr\u00fclemez hale getirdi. Jack&#8217;in ailesinin temyize ba\u015fvurmas\u0131n\u0131n ard\u0131ndan \u00f6zel bir okulun ilk reddi temyizden d\u00f6nd\u00fc. Bunu, uygun olmayan a\u011f\u0131r engelli \u00e7ocuklar i\u00e7in \u00f6zel bir okul teklifi izledi. Jack&#8217;in ailesi daha sonra ona \u00f6zel bir okulda yer buldu, ancak okul pandemiden sonra Jack&#8217;in ihtiya\u00e7lar\u0131n\u0131 kar\u015f\u0131layamayaca\u011f\u0131n\u0131 s\u00f6yleyerek okulu aniden kapatt\u0131.<\/p>\n<p>\u015eimdi yerel otoritenin Jack&#8217;in EHCP plan\u0131n\u0131 yeniden ayarlamas\u0131 bekleniyor. Jack belediye taraf\u0131ndan finanse edilen haftada 12 saatlik evde e\u011fitim al\u0131rken uygun bir okulda yer bulunabilece\u011fini umuyor.<\/p>\n<p>Jack&#8217;in e\u011fitimi konusunda Surrey Belediyesi ile s\u00fcrekli bir m\u00fccadele i\u00e7inde olan \u00e7iftten David May, y\u00f6netimden yan\u0131t alamadan &#8220;aylar ve aylar&#8221; ge\u00e7ti\u011fini anlat\u0131yor.<\/p>\n<p>Jack&#8217;in durumu ge\u00e7ti\u011fimiz ay \u00f6zel ihtiya\u00e7lar\u0131n finansman\u0131na ili\u015fkin bir parlamento tart\u0131\u015fmas\u0131 s\u0131ras\u0131nda da g\u00fcndeme geldi. Liberal Demokratlar\u0131n e\u011fitim s\u00f6zc\u00fcs\u00fc Munira Wilson &#8220;\u0130kizi ac\u0131 \u00e7ekerken bir \u00e7ocu\u011fun geli\u015fti\u011fini g\u00f6rmenin ebeveynler i\u00e7in ne kadar y\u0131k\u0131c\u0131 oldu\u011funu bir d\u00fc\u015f\u00fcn\u00fcn.&#8221; dedi.<\/p>\n<p>E\u011fitim Bakanl\u0131\u011f\u0131&#8217;ndan bir s\u00f6zc\u00fc, \u00f6zel ihtiya\u00e7l\u0131 \u00e7ocuklar ve gen\u00e7ler i\u00e7in finansman deste\u011finin y\u00fczde 60&#8217;l\u0131k bir art\u0131\u015fla 2024-25&#8217;te toplam \u00a310,5 milyar \u00a3&#8217;un \u00fczerine \u00e7\u0131kaca\u011f\u0131n\u0131 s\u00f6yledi.<\/p>\n<div id=\"briti-717606825\" class=\"briti-icerikten-sonra_2\" style=\"margin-top: 25px;margin-bottom: 25px;\"><a href=\"https:\/\/wa.me\/message\/NDZLLIOQT4H3O1\" aria-label=\"bytv reklam banner\"><img loading=\"lazy\" decoding=\"async\" src=\"https:\/\/by-tv.co.uk\/wp-content\/uploads\/2025\/12\/bytv-reklam-banner.jpg\" alt=\"\"  width=\"2376\" height=\"1008\"   \/><\/a><\/div>","protected":false},"excerpt":{"rendered":"<p>\u0130ngiltere&#8217;deki yerel makamlar kendilerine y\u00f6neltilen taleplerin y\u00fck\u00fc alt\u0131nda ezilirken, \u00f6zel e\u011fitim ihtiyac\u0131 olan y\u00fczlerce \u00e7ocuk deste\u011fe eri\u015fmek i\u00e7in bir y\u0131l veya daha uzun s\u00fcredir bekliyor. Bilgi edinme \u00f6zg\u00fcrl\u00fc\u011f\u00fc kapsam\u0131nda yap\u0131lan ba\u015fvurular, baz\u0131 yerel makamlarda \u00e7ocuk ve gen\u00e7lerin, ihtiya\u00e7 duyduklar\u0131 deste\u011fin ayr\u0131nt\u0131lar\u0131n\u0131 i\u00e7eren bir e\u011fitim, sa\u011fl\u0131k ve bak\u0131m plan\u0131n\u0131n (EHCP) kendilerine verilmesi i\u00e7in iki y\u0131ldan fazla beklediklerini ortaya koydu. Guardian&#8217;\u0131n haberinde yer alan veriler, \u0130ngiltere genelinde 20.000&#8217;den fazla vakan\u0131n 20 haftadan fazla, 3.000 kadar\u0131n\u0131n da bir y\u0131l veya daha uzun s\u00fcre bekledi\u011fini g\u00f6steriyor. Belediye meclisi liderleri, EHCP&#8217;lere y\u00f6nelik taleplerin son y\u0131llarda artt\u0131\u011f\u0131n\u0131, ancak \u00e7ocuklar\u0131n ihtiya\u00e7lar\u0131n\u0131 kar\u015f\u0131layacak finansman\u0131n buna ayak uyduramad\u0131\u011f\u0131n\u0131 s\u00f6yl\u00fcyor. [&hellip;]<\/p>\n","protected":false},"author":1,"featured_media":23596,"comment_status":"open","ping_status":"open","sticky":false,"template":"","format":"standard","meta":{"ngg_post_thumbnail":0,"footnotes":""},"categories":[15],"tags":[],"class_list":["post-23595","post","type-post","status-publish","format-standard","has-post-thumbnail","hentry","category-ingiltere"],"_links":{"self":[{"href":"https:\/\/by-tv.co.uk\/en\/wp-json\/wp\/v2\/posts\/23595","targetHints":{"allow":["GET"]}}],"collection":[{"href":"https:\/\/by-tv.co.uk\/en\/wp-json\/wp\/v2\/posts"}],"about":[{"href":"https:\/\/by-tv.co.uk\/en\/wp-json\/wp\/v2\/types\/post"}],"author":[{"embeddable":true,"href":"https:\/\/by-tv.co.uk\/en\/wp-json\/wp\/v2\/users\/1"}],"replies":[{"embeddable":true,"href":"https:\/\/by-tv.co.uk\/en\/wp-json\/wp\/v2\/comments?post=23595"}],"version-history":[{"count":0,"href":"https:\/\/by-tv.co.uk\/en\/wp-json\/wp\/v2\/posts\/23595\/revisions"}],"wp:featuredmedia":[{"embeddable":true,"href":"https:\/\/by-tv.co.uk\/en\/wp-json\/wp\/v2\/media\/23596"}],"wp:attachment":[{"href":"https:\/\/by-tv.co.uk\/en\/wp-json\/wp\/v2\/media?parent=23595"}],"wp:term":[{"taxonomy":"category","embeddable":true,"href":"https:\/\/by-tv.co.uk\/en\/wp-json\/wp\/v2\/categories?post=23595"},{"taxonomy":"post_tag","embeddable":true,"href":"https:\/\/by-tv.co.uk\/en\/wp-json\/wp\/v2\/tags?post=23595"}],"curies":[{"name":"wp","href":"https:\/\/api.w.org\/{rel}","templated":true}]}}