{"id":23592,"date":"2024-02-20T15:39:30","date_gmt":"2024-02-20T15:39:30","guid":{"rendered":"https:\/\/by-tv.co.uk\/?p=23592"},"modified":"2024-02-20T15:39:44","modified_gmt":"2024-02-20T15:39:44","slug":"muhafazakar-partili-milletvekilleri-rishi-sunakin-gorevden-alinmadan-once-istifa-etmesi-icin-bastiriyor","status":"publish","type":"post","link":"https:\/\/by-tv.co.uk\/en\/muhafazakar-partili-milletvekilleri-rishi-sunakin-gorevden-alinmadan-once-istifa-etmesi-icin-bastiriyor\/","title":{"rendered":"Muhafazakar Partili milletvekilleri Rishi Sunak&#8217;\u0131n g\u00f6revden al\u0131nmadan \u00f6nce istifa etmesi i\u00e7in bast\u0131r\u0131yor"},"content":{"rendered":"<p><a href=\"https:\/\/www.theguardian.com\/politics\/2024\/feb\/18\/tory-mps-pushing-for-rishi-sunak-to-quit-before-he-is-deposed\" target=\"_blank\" rel=\"noopener\">Guardian&#8217;<\/a>\u0131n haberine g\u00f6re, \u0130ngiltere Ba\u015fbakan\u0131 Rishi Sunak&#8217;\u0131n liderli\u011fini ele\u015ftiren Muhafazak\u00e2r milletvekilleri, onun kendi iste\u011fiyle istifa etmesini umuyor ve May\u0131s ay\u0131ndaki yerel se\u00e7imleri potansiyel bir k\u0131r\u0131lma noktas\u0131 olarak g\u00f6r\u00fcyor.<\/p>\n<p>Eski bir bakan, baz\u0131 Muhafazak\u00e2r milletvekillerinin <strong>1922 Muhafazak\u00e2rlar Komitesi Ba\u015fkan\u0131 Graham Brady i<\/strong>le temasa ge\u00e7erek ba\u015fbakan\u0131n istifa etmesini istediklerini ancak hen\u00fcz g\u00fcvensizlik oyu vermediklerini s\u00f6yledi\u011fini aktard\u0131.<\/p>\n<p>Eski bakan, &#8220;Ba\u015fbakanl\u0131k makam\u0131, liderlik m\u00fccadelesi konusunda ba\u015flar\u0131n\u0131n fazla belada olmad\u0131\u011f\u0131n\u0131 d\u00fc\u015f\u00fcn\u00fcyor ki bu biraz kibirli bir yakla\u015f\u0131m gibi geliyor&#8221; dedi.<\/p><div id=\"briti-233083111\" class=\"briti-icerik\" style=\"margin-top: 5px;margin-bottom: 5px;\"><a href=\"https:\/\/piaryum.com\/services\/\" aria-label=\"piaryum banner\"><img loading=\"lazy\" decoding=\"async\" src=\"https:\/\/by-tv.co.uk\/wp-content\/uploads\/2025\/12\/Gemini_Generated_Image_g5yqr1g5yqr1g5yq.jpg\" alt=\"\"  width=\"2064\" height=\"1152\"   \/><\/a><\/div>\n<p>\u0130\u015f\u00e7i Partisi&#8217;nin Kingswood ve Wellingborough sandalyelerini kazanarak b\u00fcy\u00fck Muhafazakar \u00e7o\u011funluklar\u0131 ala\u015fa\u011f\u0131 etmesinden bu yana Sunak, baz\u0131 milletvekillerinin g\u00f6\u00e7 ve vergi kesintileri gibi konularda daha sa\u011fa kayma \u00e7a\u011fr\u0131lar\u0131yla kar\u015f\u0131 kar\u015f\u0131ya kald\u0131.<\/p>\n<p>Hen\u00fcz hi\u00e7bir milletvekili Simon Clarke ve Andrea Jenkyns&#8217;e kat\u0131larak onun gitmesi i\u00e7in a\u00e7\u0131k\u00e7a \u00e7a\u011fr\u0131da bulunmad\u0131 ancak bir Muhafazakar kaynak, bir\u00e7ok isyanc\u0131n\u0131n beklemeye ve partinin 2 May\u0131s&#8217;taki yerel se\u00e7imlerde nas\u0131l bir performans g\u00f6sterece\u011fini g\u00f6rmeye karar verdi\u011fini s\u00f6yledi.<\/p>\n<p>Uzun s\u00fcredir g\u00f6revde olan bir milletvekili &#8220;Rishi&#8217;den memnun olmayan herkese sessizce \u015funu s\u00f6yleyebilirim: Nas\u0131l olsa er ya da ge\u00e7 gidecek, b\u00fcy\u00fck ihtimalle de bir yat\u0131r\u0131m bankas\u0131n\u0131n y\u00f6netim kuruluna girecek, o y\u00fczden se\u00e7im yenilgisini bekleseniz daha iyi olur.&#8221; ifadelerini kulland\u0131.<\/p>\n<p>&nbsp;<\/p>\n<div id=\"briti-1671092249\" class=\"briti-icerikten-sonra_2\" style=\"margin-top: 25px;margin-bottom: 25px;\"><a href=\"https:\/\/wa.me\/message\/NDZLLIOQT4H3O1\" aria-label=\"bytv reklam banner\"><img loading=\"lazy\" decoding=\"async\" src=\"https:\/\/by-tv.co.uk\/wp-content\/uploads\/2025\/12\/bytv-reklam-banner.jpg\" alt=\"\"  width=\"2376\" height=\"1008\"   \/><\/a><\/div>","protected":false},"excerpt":{"rendered":"<p>Guardian&#8217;\u0131n haberine g\u00f6re, \u0130ngiltere Ba\u015fbakan\u0131 Rishi Sunak&#8217;\u0131n liderli\u011fini ele\u015ftiren Muhafazak\u00e2r milletvekilleri, onun kendi iste\u011fiyle istifa etmesini umuyor ve May\u0131s ay\u0131ndaki yerel se\u00e7imleri potansiyel bir k\u0131r\u0131lma noktas\u0131 olarak g\u00f6r\u00fcyor. Eski bir bakan, baz\u0131 Muhafazak\u00e2r milletvekillerinin 1922 Muhafazak\u00e2rlar Komitesi Ba\u015fkan\u0131 Graham Brady ile temasa ge\u00e7erek ba\u015fbakan\u0131n istifa etmesini istediklerini ancak hen\u00fcz g\u00fcvensizlik oyu vermediklerini s\u00f6yledi\u011fini aktard\u0131. Eski bakan, &#8220;Ba\u015fbakanl\u0131k makam\u0131, liderlik m\u00fccadelesi konusunda ba\u015flar\u0131n\u0131n fazla belada olmad\u0131\u011f\u0131n\u0131 d\u00fc\u015f\u00fcn\u00fcyor ki bu biraz kibirli bir yakla\u015f\u0131m gibi geliyor&#8221; dedi. \u0130\u015f\u00e7i Partisi&#8217;nin Kingswood ve Wellingborough sandalyelerini kazanarak b\u00fcy\u00fck Muhafazakar \u00e7o\u011funluklar\u0131 ala\u015fa\u011f\u0131 etmesinden bu yana Sunak, baz\u0131 milletvekillerinin g\u00f6\u00e7 ve vergi kesintileri gibi konularda daha sa\u011fa [&hellip;]<\/p>\n","protected":false},"author":1,"featured_media":0,"comment_status":"open","ping_status":"open","sticky":false,"template":"","format":"standard","meta":{"ngg_post_thumbnail":0,"footnotes":""},"categories":[15],"tags":[],"class_list":["post-23592","post","type-post","status-publish","format-standard","hentry","category-ingiltere"],"_links":{"self":[{"href":"https:\/\/by-tv.co.uk\/en\/wp-json\/wp\/v2\/posts\/23592","targetHints":{"allow":["GET"]}}],"collection":[{"href":"https:\/\/by-tv.co.uk\/en\/wp-json\/wp\/v2\/posts"}],"about":[{"href":"https:\/\/by-tv.co.uk\/en\/wp-json\/wp\/v2\/types\/post"}],"author":[{"embeddable":true,"href":"https:\/\/by-tv.co.uk\/en\/wp-json\/wp\/v2\/users\/1"}],"replies":[{"embeddable":true,"href":"https:\/\/by-tv.co.uk\/en\/wp-json\/wp\/v2\/comments?post=23592"}],"version-history":[{"count":0,"href":"https:\/\/by-tv.co.uk\/en\/wp-json\/wp\/v2\/posts\/23592\/revisions"}],"wp:attachment":[{"href":"https:\/\/by-tv.co.uk\/en\/wp-json\/wp\/v2\/media?parent=23592"}],"wp:term":[{"taxonomy":"category","embeddable":true,"href":"https:\/\/by-tv.co.uk\/en\/wp-json\/wp\/v2\/categories?post=23592"},{"taxonomy":"post_tag","embeddable":true,"href":"https:\/\/by-tv.co.uk\/en\/wp-json\/wp\/v2\/tags?post=23592"}],"curies":[{"name":"wp","href":"https:\/\/api.w.org\/{rel}","templated":true}]}}