{"id":23588,"date":"2024-02-20T10:41:45","date_gmt":"2024-02-20T10:41:45","guid":{"rendered":"https:\/\/by-tv.co.uk\/?p=23588"},"modified":"2024-02-20T10:41:45","modified_gmt":"2024-02-20T10:41:45","slug":"ingilterede-enerji-faturalari-yilda-yaklasik-300-duserek-son-iki-yilin-en-alt-seviyesine-inecek","status":"publish","type":"post","link":"https:\/\/by-tv.co.uk\/en\/ingilterede-enerji-faturalari-yilda-yaklasik-300-duserek-son-iki-yilin-en-alt-seviyesine-inecek\/","title":{"rendered":"\u0130ngiltere&#8217;de enerji faturalar\u0131 y\u0131lda yakla\u015f\u0131k \u00a3300 d\u00fc\u015ferek son iki y\u0131l\u0131n en alt seviyesine inecek"},"content":{"rendered":"<p>\u0130ngiltere\u2019de \u0131l\u0131man ge\u00e7en k\u0131\u015f mevsiminin y\u00fcksek gaz depolama seviyeleri anlam\u0131na gelmesi nedeniyle enerji faturalar\u0131n\u0131n ortalama %15 oran\u0131nda d\u00fc\u015fece\u011fi tahmin ediliyor. Bu da y\u0131ll\u0131k \u00a3293 tasarruf anlam\u0131na geliyor.<\/p>\n<p><strong>Cornwall Insight<\/strong> taraf\u0131ndan yap\u0131lan bir tahmin, Nisan-Haziran aylar\u0131 aras\u0131ndaki enerji faturalar\u0131n\u0131n tipik bir kullan\u0131c\u0131 i\u00e7in y\u0131lda \u00a31.635&#8217;e d\u00fc\u015fece\u011fini g\u00f6steriyor.<\/p>\n<p>Kar\u015f\u0131la\u015ft\u0131rma yapmak gerekirse, Ocak ay\u0131ndan Mart ay\u0131na kadar y\u0131ll\u0131k ortalama maliyet \u00a31.928 oldu. Ancak Cornwall y\u0131l\u0131n geri kalan\u0131nda faturalar\u0131n daha d\u00fc\u015f\u00fck olaca\u011f\u0131n\u0131 tahmin ediyor.<\/p><div id=\"briti-1980537856\" class=\"briti-icerik\" style=\"margin-top: 5px;margin-bottom: 5px;\"><a href=\"https:\/\/piaryum.com\/services\/\" aria-label=\"piaryum banner\"><img loading=\"lazy\" decoding=\"async\" src=\"https:\/\/by-tv.co.uk\/wp-content\/uploads\/2025\/12\/Gemini_Generated_Image_g5yqr1g5yqr1g5yq.jpg\" alt=\"\"  width=\"2064\" height=\"1152\"   \/><\/a><\/div>\n<p>B\u00f6yle bir d\u00fc\u015f\u00fc\u015f, son iki y\u0131l\u0131n en d\u00fc\u015f\u00fck enerji faturalar\u0131n\u0131 da beraberinde getirecek.<\/p>\n<p>Sky News\u2019\u00fcn haberine g\u00f6re; enerji fiyatlar\u0131n\u0131n pandemi \u00f6ncesi seviyelerin \u00fczerinde seyretmesi ise, \u015fimdilik bir\u00e7ok hanenin zorlanmaya devam edece\u011fi anlam\u0131na geliyor.<\/p>\n<p>Ancak Husilerin nakliye gemilerini hedef almas\u0131 nedeniyle K\u0131z\u0131ldeniz&#8217;de ya\u015fanan maliyetli nakliye krizi nedeniyle fiyatlarda bir art\u0131\u015f ya\u015fanmas\u0131 korkusu ger\u00e7ekle\u015fmedi.<\/p>\n<p>Y\u0131l\u0131n son \u00fc\u00e7 ay\u0131 i\u00e7in Ekim ay\u0131nda hafif bir art\u0131\u015ftan \u00f6nce Temmuz ay\u0131nda tekrar revize edildi\u011finde tavan fiyat daha da d\u00fc\u015fecek.<\/p>\n<p>Temmuz&#8217;dan Eyl\u00fcl&#8217;e kadar bir ba\u015fka d\u00fc\u015f\u00fc\u015fle y\u0131ll\u0131k \u00a31.465&#8217;e inecek ve ortalama bir fatura m\u00fckellefine \u00a3170 tasarruf sa\u011flayacak.<\/p>\n<p>Ekim ay\u0131ndan Aral\u0131k ay\u0131na kadar olan d\u00f6nemdeki hafif art\u0131\u015f \u00a31,524&#8217;e ula\u015facak.<\/p>\n<p>Di\u011fer yandan Cornwall Insight&#8217;\u0131n ba\u015f dan\u0131\u015fman\u0131 Dr. Craig Lowrey, olumlu g\u00f6r\u00fcn\u00fcme ra\u011fmen \u0130ngiltere&#8217;nin enerji sisteminin gaz ithalat\u0131na olan ba\u011f\u0131ml\u0131l\u0131\u011f\u0131 nedeniyle hala istikrars\u0131z oldu\u011funu s\u00f6yledi.<\/p>\n<p>&#8220;Enerji sistemimiz hala bir ip \u00fczerinde y\u00fcr\u00fcyor ve ba\u015fka bir siyasi ya da ekonomik krizin faturalar\u0131 yeniden y\u00fckseltmeyece\u011finden emin olamay\u0131z. S\u00fcrd\u00fcr\u00fclebilir enerjiye ge\u00e7i\u015fi h\u0131zland\u0131rmaz ve de\u011fi\u015fken ithalat\u0131 azaltmazsak, faturalar muhtemelen y\u00fcksek kalmaya devam edecek.&#8221; dedi.<\/p>\n<p>Nisan ay\u0131 i\u00e7in bir sonraki resmi tavan fiyat duyurusu 23 \u015eubat&#8217;ta yay\u0131nlanacak.<\/p>\n<div id=\"briti-496223322\" class=\"briti-icerikten-sonra_2\" style=\"margin-top: 25px;margin-bottom: 25px;\"><a href=\"https:\/\/wa.me\/message\/NDZLLIOQT4H3O1\" aria-label=\"bytv reklam banner\"><img loading=\"lazy\" decoding=\"async\" src=\"https:\/\/by-tv.co.uk\/wp-content\/uploads\/2025\/12\/bytv-reklam-banner.jpg\" alt=\"\"  width=\"2376\" height=\"1008\"   \/><\/a><\/div>","protected":false},"excerpt":{"rendered":"<p>\u0130ngiltere\u2019de \u0131l\u0131man ge\u00e7en k\u0131\u015f mevsiminin y\u00fcksek gaz depolama seviyeleri anlam\u0131na gelmesi nedeniyle enerji faturalar\u0131n\u0131n ortalama %15 oran\u0131nda d\u00fc\u015fece\u011fi tahmin ediliyor. Bu da y\u0131ll\u0131k \u00a3293 tasarruf anlam\u0131na geliyor. Cornwall Insight taraf\u0131ndan yap\u0131lan bir tahmin, Nisan-Haziran aylar\u0131 aras\u0131ndaki enerji faturalar\u0131n\u0131n tipik bir kullan\u0131c\u0131 i\u00e7in y\u0131lda \u00a31.635&#8217;e d\u00fc\u015fece\u011fini g\u00f6steriyor. Kar\u015f\u0131la\u015ft\u0131rma yapmak gerekirse, Ocak ay\u0131ndan Mart ay\u0131na kadar y\u0131ll\u0131k ortalama maliyet \u00a31.928 oldu. Ancak Cornwall y\u0131l\u0131n geri kalan\u0131nda faturalar\u0131n daha d\u00fc\u015f\u00fck olaca\u011f\u0131n\u0131 tahmin ediyor. B\u00f6yle bir d\u00fc\u015f\u00fc\u015f, son iki y\u0131l\u0131n en d\u00fc\u015f\u00fck enerji faturalar\u0131n\u0131 da beraberinde getirecek. Sky News\u2019\u00fcn haberine g\u00f6re; enerji fiyatlar\u0131n\u0131n pandemi \u00f6ncesi seviyelerin \u00fczerinde seyretmesi ise, \u015fimdilik bir\u00e7ok hanenin zorlanmaya devam [&hellip;]<\/p>\n","protected":false},"author":1,"featured_media":23589,"comment_status":"open","ping_status":"open","sticky":false,"template":"","format":"standard","meta":{"ngg_post_thumbnail":0,"footnotes":""},"categories":[15],"tags":[],"class_list":["post-23588","post","type-post","status-publish","format-standard","has-post-thumbnail","hentry","category-ingiltere"],"_links":{"self":[{"href":"https:\/\/by-tv.co.uk\/en\/wp-json\/wp\/v2\/posts\/23588","targetHints":{"allow":["GET"]}}],"collection":[{"href":"https:\/\/by-tv.co.uk\/en\/wp-json\/wp\/v2\/posts"}],"about":[{"href":"https:\/\/by-tv.co.uk\/en\/wp-json\/wp\/v2\/types\/post"}],"author":[{"embeddable":true,"href":"https:\/\/by-tv.co.uk\/en\/wp-json\/wp\/v2\/users\/1"}],"replies":[{"embeddable":true,"href":"https:\/\/by-tv.co.uk\/en\/wp-json\/wp\/v2\/comments?post=23588"}],"version-history":[{"count":0,"href":"https:\/\/by-tv.co.uk\/en\/wp-json\/wp\/v2\/posts\/23588\/revisions"}],"wp:featuredmedia":[{"embeddable":true,"href":"https:\/\/by-tv.co.uk\/en\/wp-json\/wp\/v2\/media\/23589"}],"wp:attachment":[{"href":"https:\/\/by-tv.co.uk\/en\/wp-json\/wp\/v2\/media?parent=23588"}],"wp:term":[{"taxonomy":"category","embeddable":true,"href":"https:\/\/by-tv.co.uk\/en\/wp-json\/wp\/v2\/categories?post=23588"},{"taxonomy":"post_tag","embeddable":true,"href":"https:\/\/by-tv.co.uk\/en\/wp-json\/wp\/v2\/tags?post=23588"}],"curies":[{"name":"wp","href":"https:\/\/api.w.org\/{rel}","templated":true}]}}