{"id":23570,"date":"2024-02-20T00:01:20","date_gmt":"2024-02-20T00:01:20","guid":{"rendered":"https:\/\/by-tv.co.uk\/?p=23570"},"modified":"2024-02-20T00:22:36","modified_gmt":"2024-02-20T00:22:36","slug":"kirmizi-cizgili-klasik-cay-tabaklari-bu-sefer-londra-moda-haftasinda-goruldu","status":"publish","type":"post","link":"https:\/\/by-tv.co.uk\/en\/kirmizi-cizgili-klasik-cay-tabaklari-bu-sefer-londra-moda-haftasinda-goruldu\/","title":{"rendered":"K\u0131rm\u0131z\u0131 \u00e7izgili klasik \u00e7ay tabaklar\u0131, bu sefer Londra Moda Haftas\u0131&#8217;nda g\u00f6r\u00fcld\u00fc"},"content":{"rendered":"<p>Tuncer Tonun, 2024 Londra Moda Haftas\u0131&#8217;nda sergiledi\u011fi &#8220;Anatomy of Confession&#8221; (G\u00fcnah \u00c7\u0131karman\u0131n Anatomisi) koleksiyonu ile moda d\u00fcnyas\u0131nda yine \u00f6nemli bir iz b\u0131rakt\u0131. Daha \u00f6nce 2019 Londra Moda Haftas\u0131&#8217;nda &#8220;The Secret Behind The Curtains&#8221; (Perdelerin Ard\u0131ndaki S\u0131r) koleksiyonu ile Britanya&#8217;n\u0131n en iyi tasar\u0131mc\u0131s\u0131 \u00f6d\u00fcl\u00fcn\u00fc alan Tonun, bu kez de kad\u0131nlar\u0131n g\u00fc\u00e7l\u00fc duru\u015funu ve kad\u0131na y\u00f6nelik \u015fiddete kar\u015f\u0131 dikkat \u00e7ekmek amac\u0131yla dikkat \u00e7ekici tasar\u0131mlar sundu.<\/p>\n<p><img loading=\"lazy\" decoding=\"async\" class=\"alignnone size-full wp-image-23573\" src=\"https:\/\/by-tv.co.uk\/wp-content\/uploads\/2024\/02\/tuncer-tonun-defile-2-scaled.jpg\" alt=\"\" width=\"1707\" height=\"2560\" title=\"\"><\/p>\n<p>St Johns Kilisesi&#8217;nde ger\u00e7ekle\u015ftirilen etkinlikte, Tonun&#8217;un do\u011fu ve bat\u0131 k\u00fclt\u00fcrlerinin sentezini vurgulayan tasar\u0131mlar\u0131yla ba\u015flayan defile, mankenlerden birinin \u00fczerinde &#8220;STOP VIOLENCE AGAINST WOMEN&#8221; (Kad\u0131na \u015eiddete Hay\u0131r) mesaj\u0131n\u0131n bulundu\u011fu pelerinle son buldu ve b\u00fcy\u00fck be\u011feni toplad\u0131.<\/p>\n<p><img loading=\"lazy\" decoding=\"async\" class=\"alignnone size-full wp-image-23572\" src=\"https:\/\/by-tv.co.uk\/wp-content\/uploads\/2024\/02\/tuncer-tonun-defile-1-scaled.jpg\" alt=\"\" width=\"1707\" height=\"2560\" title=\"\"><\/p>\n<p>Tonun, geleneksel T\u00fcrk k\u00fclt\u00fcr\u00fcnden ilham alarak, k\u0131rm\u0131z\u0131 \u00e7izgili klasik \u00e7ay tabaklar\u0131n\u0131 modern moda ile bulu\u015fturdu\u011fu bir koleksiyon haz\u0131rlayarak yarat\u0131c\u0131l\u0131\u011f\u0131n\u0131 bir kez daha kan\u0131tlad\u0131. Moda d\u00fcnyas\u0131nda s\u0131ra d\u0131\u015f\u0131 ve anlaml\u0131 koleksiyonlar\u0131yla tan\u0131nan Tonun, geri d\u00f6n\u00fc\u015f\u00fcm, do\u011fa, kad\u0131n g\u00fcc\u00fc ve nostalji gibi \u00e7e\u015fitli temalara de\u011finen tasar\u0131mlar\u0131yla biliniyor.<\/p><div id=\"briti-2061102091\" class=\"briti-icerik\" style=\"margin-top: 5px;margin-bottom: 5px;\"><a href=\"https:\/\/piaryum.com\/services\/\" aria-label=\"piaryum banner\"><img loading=\"lazy\" decoding=\"async\" src=\"https:\/\/by-tv.co.uk\/wp-content\/uploads\/2025\/12\/Gemini_Generated_Image_g5yqr1g5yqr1g5yq.jpg\" alt=\"\"  width=\"2064\" height=\"1152\"   \/><\/a><\/div>\n<p><img loading=\"lazy\" decoding=\"async\" class=\"alignnone size-full wp-image-23575\" src=\"https:\/\/by-tv.co.uk\/wp-content\/uploads\/2024\/02\/tuncer-tonun-defile-1-2-scaled.jpg\" alt=\"\" width=\"1707\" height=\"2560\" title=\"\"><\/p>\n<p><strong>Tuncer Tonun, &#8220;Kad\u0131n\u0131n zarafeti cesaretinden gelir&#8221;<\/strong> diyerek, kad\u0131n g\u00fcc\u00fcn\u00fcn \u00f6nemini ve bu g\u00fcc\u00fcn hayat\u0131n dengesine katk\u0131s\u0131n\u0131 vurguluyor. Tasar\u0131mc\u0131, kad\u0131nlar\u0131n g\u00fcc\u00fcnden korkmak yerine, bu g\u00fc\u00e7ten ilham al\u0131nmas\u0131 gerekti\u011fini belirterek, ya\u015fam\u0131n dengesini sa\u011flama ve b\u00fct\u00fcnl\u00fc\u011f\u00fc yakalama konusundaki g\u00f6r\u00fc\u015flerini payla\u015f\u0131yor.<\/p>\n<p><img loading=\"lazy\" decoding=\"async\" class=\"alignnone size-full wp-image-23574\" src=\"https:\/\/by-tv.co.uk\/wp-content\/uploads\/2024\/02\/tuncer-tonun-defile-3-scaled.jpg\" alt=\"\" width=\"1707\" height=\"2560\" title=\"\"><\/p>\n<h4>T\u00fcrkiye&#8217;nin Geleneksel \u00c7ay Taba\u011f\u0131: Renklerin ve Sembollerin Gizemli Anlamlar\u0131<\/h4>\n<p>T\u00fcrkiye&#8217;de sevilen ve s\u0131k\u00e7a kullan\u0131lan geleneksel \u00e7ay taba\u011f\u0131, aslen &#8220;Acem \u00e7ay taba\u011f\u0131&#8221; olarak bilinir. Bu \u00f6zel altl\u0131k, k\u00f6kenini \u0130ran&#8217;a dayand\u0131r\u0131r ve orada &#8220;Nalbeki&#8221; ad\u0131 alt\u0131nda tan\u0131n\u0131r. Bu tasar\u0131m\u0131n yarat\u0131c\u0131s\u0131 belirsiz olsa da, T\u00fcrkiye&#8217;de \u00fcretimini ve da\u011f\u0131t\u0131m\u0131n\u0131 ilk ba\u015flatan firman\u0131n \u0130stanbul Porselen oldu\u011fu ve g\u00fcn\u00fcm\u00fczde de \u00fcretimine devam etti\u011fi bilinmektedir.<\/p>\n<p><strong>Renklerin ve Desenlerin Derin Anlamlar\u0131<\/strong><\/p>\n<p>Bu \u00e7ay tabaklar\u0131n\u0131n tasar\u0131m\u0131, rastgele se\u00e7ilmi\u015f renkler ve fig\u00fcrlerle dolu de\u011fildir. K\u0131rm\u0131z\u0131 renk, bu tabaklar\u0131n en dikkat \u00e7ekici \u00f6zelli\u011fidir, ancak mavi ve ye\u015fil renkler de bulunsa da k\u0131rm\u0131z\u0131 her zaman \u00f6n plandad\u0131r. \u00c7ay taba\u011f\u0131n\u0131 milli bir simge haline getiren bu k\u0131rm\u0131z\u0131, yan\u0131nda beyaz renkle tamamlan\u0131r.<\/p>\n<p>K\u0131rm\u0131z\u0131n\u0131n \u00e7ay\u0131n koyu rengini daha iyi g\u00f6sterme i\u015flevi vard\u0131r; e\u011fer tabak tamamen k\u0131rm\u0131z\u0131 olsayd\u0131, \u00e7ay\u0131n ac\u0131 ya da bayat oldu\u011fu d\u00fc\u015f\u00fcn\u00fclebilirdi. Beyaz renk, olas\u0131 negatif alg\u0131lar\u0131 ortadan kald\u0131r\u0131r.<\/p>\n<p><strong>Desenler ve Onlar\u0131n \u00d6zel Anlamlar\u0131<\/strong><\/p>\n<p>\u00c7ay taba\u011f\u0131n\u0131n merkezinde yer alan \u00e7i\u00e7ek deseni, &#8220;Pen\u00e7&#8221; olarak adland\u0131r\u0131l\u0131r ve T\u00fcrk sanat\u0131nda \u00f6nemli bir yere sahiptir. Pen\u00e7, Fars\u00e7ada &#8220;5&#8221; anlam\u0131na gelir ve desen, yaprak say\u0131s\u0131na g\u00f6re adland\u0131r\u0131l\u0131r.<\/p>\n<p>Taba\u011f\u0131n yan k\u0131s\u0131mlar\u0131ndaki k\u0131rm\u0131z\u0131 desenler, parmak izlerini simgeler ve bu desenlerin yedi adet olmas\u0131, haftan\u0131n g\u00fcnlerini temsil eder.<\/p>\n<p><strong>Rumi Deseni ve Anadolu Ba\u011flant\u0131s\u0131<\/strong><\/p>\n<p>K\u0131rm\u0131z\u0131 desenlerin yan\u0131nda bulunan ba\u015fka bir \u00e7i\u00e7ek fig\u00fcr\u00fcne &#8220;Rumi&#8221; denir. Rumi deseni, Anadolu&#8217;ya \u00f6zg\u00fc oldu\u011fu anlam\u0131na gelir ve \u0130ran&#8217;a kadar uzanan tarihi boyunca Anadolu, &#8220;Diyar-\u0131 Rum&#8221; olarak adland\u0131r\u0131ld\u0131\u011f\u0131 i\u00e7in bu ismi al\u0131r.<\/p>\n<p>Bu \u00e7ay tabaklar\u0131, sadece bir i\u00e7ecek sunumu arac\u0131 olman\u0131n \u00f6tesinde, zengin k\u00fclt\u00fcrel miras\u0131n ve sanatsal ifadenin bir par\u00e7as\u0131 olarak T\u00fcrk ve \u0130ran k\u00fclt\u00fcrlerinde \u00f6nemli bir yer tutar.<\/p>\n<div id=\"briti-1505784753\" class=\"briti-icerikten-sonra_2\" style=\"margin-top: 25px;margin-bottom: 25px;\"><a href=\"https:\/\/wa.me\/message\/NDZLLIOQT4H3O1\" aria-label=\"bytv reklam banner\"><img loading=\"lazy\" decoding=\"async\" src=\"https:\/\/by-tv.co.uk\/wp-content\/uploads\/2025\/12\/bytv-reklam-banner.jpg\" alt=\"\"  width=\"2376\" height=\"1008\"   \/><\/a><\/div>","protected":false},"excerpt":{"rendered":"<p>Tuncer Tonun, 2024 Londra Moda Haftas\u0131&#8217;nda sergiledi\u011fi &#8220;Anatomy of Confession&#8221; (G\u00fcnah \u00c7\u0131karman\u0131n Anatomisi) koleksiyonu ile moda d\u00fcnyas\u0131nda yine \u00f6nemli bir iz b\u0131rakt\u0131. Daha \u00f6nce 2019 Londra Moda Haftas\u0131&#8217;nda &#8220;The Secret Behind The Curtains&#8221; (Perdelerin Ard\u0131ndaki S\u0131r) koleksiyonu ile Britanya&#8217;n\u0131n en iyi tasar\u0131mc\u0131s\u0131 \u00f6d\u00fcl\u00fcn\u00fc alan Tonun, bu kez de kad\u0131nlar\u0131n g\u00fc\u00e7l\u00fc duru\u015funu ve kad\u0131na y\u00f6nelik \u015fiddete kar\u015f\u0131 dikkat \u00e7ekmek amac\u0131yla dikkat \u00e7ekici tasar\u0131mlar sundu. St Johns Kilisesi&#8217;nde ger\u00e7ekle\u015ftirilen etkinlikte, Tonun&#8217;un do\u011fu ve bat\u0131 k\u00fclt\u00fcrlerinin sentezini vurgulayan tasar\u0131mlar\u0131yla ba\u015flayan defile, mankenlerden birinin \u00fczerinde &#8220;STOP VIOLENCE AGAINST WOMEN&#8221; (Kad\u0131na \u015eiddete Hay\u0131r) mesaj\u0131n\u0131n bulundu\u011fu pelerinle son buldu ve b\u00fcy\u00fck be\u011feni toplad\u0131. Tonun, geleneksel T\u00fcrk [&hellip;]<\/p>\n","protected":false},"author":1,"featured_media":23571,"comment_status":"open","ping_status":"open","sticky":false,"template":"","format":"standard","meta":{"ngg_post_thumbnail":0,"footnotes":""},"categories":[7],"tags":[453],"class_list":["post-23570","post","type-post","status-publish","format-standard","has-post-thumbnail","hentry","category-moda","tag-londra-moda-haftasi"],"_links":{"self":[{"href":"https:\/\/by-tv.co.uk\/en\/wp-json\/wp\/v2\/posts\/23570","targetHints":{"allow":["GET"]}}],"collection":[{"href":"https:\/\/by-tv.co.uk\/en\/wp-json\/wp\/v2\/posts"}],"about":[{"href":"https:\/\/by-tv.co.uk\/en\/wp-json\/wp\/v2\/types\/post"}],"author":[{"embeddable":true,"href":"https:\/\/by-tv.co.uk\/en\/wp-json\/wp\/v2\/users\/1"}],"replies":[{"embeddable":true,"href":"https:\/\/by-tv.co.uk\/en\/wp-json\/wp\/v2\/comments?post=23570"}],"version-history":[{"count":0,"href":"https:\/\/by-tv.co.uk\/en\/wp-json\/wp\/v2\/posts\/23570\/revisions"}],"wp:featuredmedia":[{"embeddable":true,"href":"https:\/\/by-tv.co.uk\/en\/wp-json\/wp\/v2\/media\/23571"}],"wp:attachment":[{"href":"https:\/\/by-tv.co.uk\/en\/wp-json\/wp\/v2\/media?parent=23570"}],"wp:term":[{"taxonomy":"category","embeddable":true,"href":"https:\/\/by-tv.co.uk\/en\/wp-json\/wp\/v2\/categories?post=23570"},{"taxonomy":"post_tag","embeddable":true,"href":"https:\/\/by-tv.co.uk\/en\/wp-json\/wp\/v2\/tags?post=23570"}],"curies":[{"name":"wp","href":"https:\/\/api.w.org\/{rel}","templated":true}]}}