{"id":23099,"date":"2024-01-26T10:11:04","date_gmt":"2024-01-26T10:11:04","guid":{"rendered":"https:\/\/by-tv.co.uk\/?p=23099"},"modified":"2024-01-26T10:11:04","modified_gmt":"2024-01-26T10:11:04","slug":"turkiyeden-goc-etmenin-siyah-beyaz-hali-acik-kapilar-ardinda-27-ocaktan-itibaren-mubide","status":"publish","type":"post","link":"https:\/\/by-tv.co.uk\/en\/turkiyeden-goc-etmenin-siyah-beyaz-hali-acik-kapilar-ardinda-27-ocaktan-itibaren-mubide\/","title":{"rendered":"T\u00fcrkiye\u2019den g\u00f6\u00e7 etmenin siyah beyaz h\u00e2li &#8220;A\u00e7\u0131k Kap\u0131lar Ard\u0131nda&#8221; ,  27 Ocak\u2019tan itibaren MUBI\u2019de"},"content":{"rendered":"<p>T\u00fcrkiye\u2019den gitmek konusuna etkileyici bir bak\u0131\u015f atan<strong> A\u00e7\u0131k Kap\u0131lar Ard\u0131nda<\/strong>, \u015fubat se\u00e7kisi kapsam\u0131nda MUBI\u2019ye konuk oluyor. Alpgiray U\u011furlu y\u00f6netmenli\u011finde beyazperdeye ta\u015f\u0131nan, T\u00fcrkiye\u2019den gitme planlar\u0131 yapan binlerce gencin de d\u00fcnyas\u0131n\u0131 yans\u0131tan film, festival g\u00f6sterimlerinden sonra T\u00fcrkiye\u2019de ilk kez 27 Ocak\u2019ta MUBI\u2019de g\u00f6sterime giriyor. Kendisi de Berlin\u2019de ya\u015fayan y\u00f6netmen, filmin hikayesini \u015f\u00f6yle aktar\u0131yor: \u201cTelegram grubuna bir mesaj geldi, bir garant\u00f6r isteniyordu. Ancak kimse garant\u00f6r olmak istemedi\u2026 \u00d6zellikle son d\u00f6nemde \u00e7ok fazla beyin g\u00f6\u00e7\u00fc hikayesine tan\u0131k oluyoruz. Ba\u015fka bir yere g\u00f6\u00e7en insanlar kendi alanlar\u0131nda ya\u015famaya \u00e7al\u0131\u015f\u0131yorlar. Birisi geldi\u011finde de kendi m\u00fccadelesini vermeye ba\u015fl\u0131yor. Bu y\u00fczden bu s\u00fcreci ve bu yaln\u0131zl\u0131\u011f\u0131 beyazperdeye ta\u015f\u0131mak istedim.\u201d&nbsp;<\/p>\n<p>Siyah beyaz bir estetikle seyirciyle bulu\u015fan <strong>A\u00e7\u0131k Kap\u0131lar Ard\u0131nda<\/strong>, T\u00fcrkiye\u2019den Berlin\u2019e g\u00f6\u00e7en gen\u00e7 bir m\u00fchendisin ev kiralarken kefil bulmak i\u00e7in \u00e7\u0131kt\u0131\u011f\u0131 yakla\u015f\u0131k 24 saatlik bir yolculu\u011fu anlat\u0131yor. Yeni bir hayata ba\u015flamak i\u00e7in Berlin\u2019e gelen ve burada \u00e7al\u0131\u015fan G\u00f6k\u00e7e\u2019nin ya\u015fad\u0131\u011f\u0131 hayal k\u0131r\u0131kl\u0131klar\u0131, kar\u015f\u0131la\u015ft\u0131\u011f\u0131 ayr\u0131mc\u0131l\u0131klar ve y\u00fczle\u015fmek zorunda kald\u0131\u011f\u0131 yaln\u0131zla\u015ft\u0131r\u0131c\u0131 atmosferle beyin g\u00f6\u00e7\u00fcne farkl\u0131 bir bak\u0131\u015f a\u00e7\u0131s\u0131 sunuyor. Beyin g\u00f6\u00e7\u00fc konusunun hi\u00e7 olmad\u0131\u011f\u0131 kadar s\u0131k konu\u015fuldu\u011fu bug\u00fcnlerde kimlik aray\u0131\u015f\u0131n\u0131, duygusal a\u00e7\u0131dan iki \u00fclke aras\u0131nda kalma h\u00e2lini yal\u0131n ve mizahi bir dille anlat\u0131yor.<\/p>\n<div id=\"briti-2424447657\" class=\"briti-icerikten-sonra_2\" style=\"margin-top: 25px;margin-bottom: 25px;\"><a href=\"https:\/\/wa.me\/message\/NDZLLIOQT4H3O1\" aria-label=\"bytv reklam banner\"><img loading=\"lazy\" decoding=\"async\" src=\"https:\/\/by-tv.co.uk\/wp-content\/uploads\/2025\/12\/bytv-reklam-banner.jpg\" alt=\"\"  width=\"2376\" height=\"1008\"   \/><\/a><\/div>","protected":false},"excerpt":{"rendered":"<p>T\u00fcrkiye\u2019den gitmek konusuna etkileyici bir bak\u0131\u015f atan A\u00e7\u0131k Kap\u0131lar Ard\u0131nda, \u015fubat se\u00e7kisi kapsam\u0131nda MUBI\u2019ye konuk oluyor. Alpgiray U\u011furlu y\u00f6netmenli\u011finde beyazperdeye ta\u015f\u0131nan, T\u00fcrkiye\u2019den gitme planlar\u0131 yapan binlerce gencin de d\u00fcnyas\u0131n\u0131 yans\u0131tan film, festival g\u00f6sterimlerinden sonra T\u00fcrkiye\u2019de ilk kez 27 Ocak\u2019ta MUBI\u2019de g\u00f6sterime giriyor. Kendisi de Berlin\u2019de ya\u015fayan y\u00f6netmen, filmin hikayesini \u015f\u00f6yle aktar\u0131yor: \u201cTelegram grubuna bir mesaj geldi, bir garant\u00f6r isteniyordu. Ancak kimse garant\u00f6r olmak istemedi\u2026 \u00d6zellikle son d\u00f6nemde \u00e7ok fazla beyin g\u00f6\u00e7\u00fc hikayesine tan\u0131k oluyoruz. Ba\u015fka bir yere g\u00f6\u00e7en insanlar kendi alanlar\u0131nda ya\u015famaya \u00e7al\u0131\u015f\u0131yorlar. Birisi geldi\u011finde de kendi m\u00fccadelesini vermeye ba\u015fl\u0131yor. Bu y\u00fczden bu s\u00fcreci ve bu yaln\u0131zl\u0131\u011f\u0131 beyazperdeye ta\u015f\u0131mak istedim.\u201d&nbsp; [&hellip;]<\/p>\n","protected":false},"author":1,"featured_media":23101,"comment_status":"open","ping_status":"open","sticky":false,"template":"","format":"standard","meta":{"ngg_post_thumbnail":0,"footnotes":""},"categories":[15],"tags":[5185,5186,235],"class_list":["post-23099","post","type-post","status-publish","format-standard","has-post-thumbnail","hentry","category-ingiltere","tag-acik-kapilar-ardinda","tag-alpgiray-ugurlu","tag-goc"],"_links":{"self":[{"href":"https:\/\/by-tv.co.uk\/en\/wp-json\/wp\/v2\/posts\/23099","targetHints":{"allow":["GET"]}}],"collection":[{"href":"https:\/\/by-tv.co.uk\/en\/wp-json\/wp\/v2\/posts"}],"about":[{"href":"https:\/\/by-tv.co.uk\/en\/wp-json\/wp\/v2\/types\/post"}],"author":[{"embeddable":true,"href":"https:\/\/by-tv.co.uk\/en\/wp-json\/wp\/v2\/users\/1"}],"replies":[{"embeddable":true,"href":"https:\/\/by-tv.co.uk\/en\/wp-json\/wp\/v2\/comments?post=23099"}],"version-history":[{"count":0,"href":"https:\/\/by-tv.co.uk\/en\/wp-json\/wp\/v2\/posts\/23099\/revisions"}],"wp:featuredmedia":[{"embeddable":true,"href":"https:\/\/by-tv.co.uk\/en\/wp-json\/wp\/v2\/media\/23101"}],"wp:attachment":[{"href":"https:\/\/by-tv.co.uk\/en\/wp-json\/wp\/v2\/media?parent=23099"}],"wp:term":[{"taxonomy":"category","embeddable":true,"href":"https:\/\/by-tv.co.uk\/en\/wp-json\/wp\/v2\/categories?post=23099"},{"taxonomy":"post_tag","embeddable":true,"href":"https:\/\/by-tv.co.uk\/en\/wp-json\/wp\/v2\/tags?post=23099"}],"curies":[{"name":"wp","href":"https:\/\/api.w.org\/{rel}","templated":true}]}}