{"id":22464,"date":"2023-11-28T13:08:48","date_gmt":"2023-11-28T13:08:48","guid":{"rendered":"https:\/\/by-tv.co.uk\/?p=22464"},"modified":"2023-11-28T14:57:14","modified_gmt":"2023-11-28T14:57:14","slug":"ingilterede-calismak-isteyen-yabanci-saglik-ve-bakim-calisanlarina-akraba-kotasi-masada","status":"publish","type":"post","link":"https:\/\/by-tv.co.uk\/en\/ingilterede-calismak-isteyen-yabanci-saglik-ve-bakim-calisanlarina-akraba-kotasi-masada\/","title":{"rendered":"\u0130ngiltere&#8217;de \u00c7al\u0131\u015fmak \u0130steyen Yabanc\u0131 Sa\u011fl\u0131k ve Bak\u0131m \u00c7al\u0131\u015fanlar\u0131na Akraba Kotas\u0131 Masada"},"content":{"rendered":"<p><iframe loading=\"lazy\" title=\"\u0130ngiltere\u2019de \u00c7al\u0131\u015fmak \u0130steyen Yabanc\u0131 Sa\u011fl\u0131k ve Bak\u0131m \u00c7al\u0131\u015fanlar\u0131na Akraba Kotas\u0131 Masada\" src=\"https:\/\/www.youtube.com\/embed\/K1rpAb3Nn1c\" width=\"857\" height=\"482\" frameborder=\"0\" allowfullscreen=\"allowfullscreen\"><\/iframe>\u0130ngiltere&#8217;de 2022&#8217;de ger\u00e7ekle\u015fen net g\u00f6\u00e7 rakamlar\u0131n\u0131n a\u00e7\u0131klanmas\u0131n\u0131n ard\u0131ndan g\u00f6\u00e7menlere y\u00f6nelik tart\u0131\u015fmalar yeniden alevlendi. Ge\u00e7en hafta Ulusal \u0130statistik Ofisi taraf\u0131ndan a\u00e7\u0131klanan verilere g\u00f6re 2022\u2019deki net g\u00f6\u00e7 say\u0131s\u0131 745 bin olarak revize edilmi\u015fti.<\/p>\n<p>Bu rakamlar\u0131n ard\u0131ndan \u00f6zellikle sa\u011fl\u0131k ve sosyal bak\u0131m sekt\u00f6r\u00fcnde yabanc\u0131 i\u015fg\u00fcc\u00fcne olan ba\u011f\u0131ml\u0131l\u0131k ve bu alandaki g\u00f6\u00e7 politikalar\u0131 tart\u0131\u015fma konusu oldu.<\/p>\n<p><a href=\"https:\/\/www.theguardian.com\/society\/2023\/nov\/25\/curbs-on-migrant-workers-would-be-dangerous-for-social-care-warns-government-adviser\" target=\"_blank\" rel=\"noopener\">The Guardian<\/a>\u2018da Shanti Das and Toby Helm imzal\u0131 haberde yer alan bilgilere g\u00f6re; G\u00f6\u00e7 \u0130\u015fleri Bakan\u0131 Robert Jenrick, yabanc\u0131 bak\u0131m \u00e7al\u0131\u015fanlar\u0131n\u0131n aile \u00fcyelerini \u0130ngiltere&#8217;ye getirmelerini engelleyecek planlar\u0131 h\u00fck\u00fcmete sunarken, bu planlar h\u00fck\u00fcmetin ba\u015f <a href=\"https:\/\/by-tv.co.uk\/en\/?s=g\u00f6\u00e7\">g\u00f6\u00e7<\/a> dan\u0131\u015fman\u0131 Prof. Brian Bell taraf\u0131ndan ele\u015ftirildi.<\/p><div id=\"briti-420992049\" class=\"briti-icerik\" style=\"margin-top: 5px;margin-bottom: 5px;\"><a href=\"https:\/\/piaryum.com\/services\/\" aria-label=\"piaryum banner\"><img loading=\"lazy\" decoding=\"async\" src=\"https:\/\/by-tv.co.uk\/wp-content\/uploads\/2025\/12\/Gemini_Generated_Image_g5yqr1g5yqr1g5yq.jpg\" alt=\"\"  width=\"2064\" height=\"1152\"   \/><\/a><\/div>\n<p>Bell, bu politikalar\u0131n \u0130ngiltere&#8217;nin sosyal bak\u0131m sekt\u00f6r\u00fcne b\u00fcy\u00fck zarar verece\u011fini, personel eksikli\u011fini daha da k\u00f6t\u00fcle\u015ftirece\u011fini ve bir\u00e7ok insan\u0131n bak\u0131m hizmetlerinden mahrum kalabilece\u011fini belirtti. Prof. Brian Bell, bu politikalar\u0131n d\u00fc\u015f\u00fck \u00fccretlendirme nedeniyle zaten \u0130ngiliz vatanda\u015flar\u0131n\u0131 \u00e7ekmekte zorlanan sekt\u00f6re zarar verece\u011fini ve bak\u0131m hizmetlerinden mahrum b\u0131rakabilece\u011fini dile getirdi.<\/p>\n<p><img loading=\"lazy\" decoding=\"async\" class=\"alignnone size-full wp-image-22466\" src=\"https:\/\/by-tv.co.uk\/wp-content\/uploads\/2023\/11\/F_m4iXEWEAAT2bK.jpeg\" alt=\"\" width=\"901\" height=\"831\" title=\"\"><\/p>\n<p>Ge\u00e7ti\u011fimiz y\u0131l \u0130ngiltere&#8217;de sa\u011fl\u0131k ve bak\u0131m \u00e7al\u0131\u015fan\u0131 vizeleriyle gelen g\u00f6\u00e7menlerin say\u0131s\u0131nda b\u00fcy\u00fck bir art\u0131\u015f ya\u015fand\u0131, bu g\u00f6\u00e7menlerin yar\u0131s\u0131ndan fazlas\u0131 aile \u00fcyelerini de yanlar\u0131nda getirdi.<\/p>\n<p>Eyl\u00fcl 2023&#8217;e kadar olan bir y\u0131lda, 143.990 ki\u015fi sa\u011fl\u0131k ve bak\u0131m \u00e7al\u0131\u015fan\u0131 vizesiyle \u0130ngiltere&#8217;ye geldi ve bu ki\u015filerin %58&#8217;i bak\u0131m \u00e7al\u0131\u015fanlar\u0131yd\u0131. Bu g\u00f6\u00e7menler, yanlar\u0131nda 173.896 ba\u011f\u0131ml\u0131 getirdiler. The Times&#8217;\u0131n raporuna g\u00f6re, Haziran ay\u0131na kadar \u0130ngiltere taraf\u0131ndan verilen 282.742 sa\u011fl\u0131k ve bak\u0131m vizesinin yar\u0131s\u0131ndan fazlas\u0131, \u00e7al\u0131\u015fanlar\u0131n bakmakla y\u00fck\u00fcml\u00fc oldu\u011fu ki\u015filere verildi. \u00d6zellikle Hintli ve Nijeryal\u0131 sa\u011fl\u0131k \u00e7al\u0131\u015fanlar\u0131n\u0131n \u00f6nemli \u00f6l\u00e7\u00fcde daha fazla aile \u00fcyesini yanlar\u0131nda getirdikleri belirtildi.<\/p>\n<p>G\u00f6\u00e7 Bakan\u0131 Jenrick&#8217;in \u00f6nerdi\u011fi be\u015f maddelik plan, \u00e7al\u0131\u015fanlar\u0131n ba\u011f\u0131ml\u0131lar\u0131 getirmesini yasaklamay\u0131 veya s\u0131n\u0131rlamay\u0131 i\u00e7eriyordu. Jenrick\u2019in di\u011fer \u00f6nerileri aras\u0131nda yetenekli \u00e7al\u0131\u015fanlar i\u00e7in asgari maa\u015f e\u015fi\u011fini y\u00fckseltmek ve toplam bak\u0131m \u00e7al\u0131\u015fan\u0131 say\u0131s\u0131nda bir \u00fcst s\u0131n\u0131r koymak yer al\u0131yor. Planlar\u0131n Ba\u015fbakanl\u0131k\u2019ta de\u011ferlendirildi\u011fi haberde yer al\u0131yor.<\/p>\n<p>Ba\u011f\u0131ml\u0131lar\u0131 s\u0131n\u0131rlama \u00f6nerileri, g\u00f6\u00e7men haklar\u0131 gruplar\u0131 taraf\u0131ndan \u201czalimce\u201d olarak k\u0131nand\u0131 ve \u201caileleri par\u00e7alayaca\u011f\u0131\u201d uyar\u0131s\u0131nda bulunuldu, sosyal bak\u0131m sekt\u00f6r\u00fc y\u00f6neticileri ise Jenrick\u2019in \u00f6nerilerinin bak\u0131m sa\u011flay\u0131c\u0131lar\u0131 \u00fczerinde s\u00fcrd\u00fcr\u00fclemez personel ve mali bask\u0131ya yol a\u00e7abilece\u011fi ve baz\u0131lar\u0131n\u0131n kapanmas\u0131na neden olabilece\u011fi konusunda uyar\u0131da bulundu.<\/p>\n<blockquote class=\"twitter-tweet\">\n<p dir=\"ltr\" lang=\"en\">Today\u2019s record migration stats show we\u2019ve let in an extra million people in just 2 years, a population equivalent to Birmingham. The pressure on housing, the NHS, schools, wages, and community cohesion, is unsustainable. When do we say: enough is enough? 1\/3<\/p>\n<p>\u2014 Suella Braverman MP (@SuellaBraverman) <a href=\"https:\/\/twitter.com\/SuellaBraverman\/status\/1727713562175381618?ref_src=twsrc%5Etfw\" target=\"_blank\" rel=\"noopener\">November 23, 2023<\/a><\/p><\/blockquote>\n<p><script async=\"\" src=\"https:\/\/platform.twitter.com\/widgets.js\" charset=\"utf-8\"><\/script><\/p>\n<p>Eski i\u00e7i\u015fleri bakan\u0131 Suella Braverman ise, h\u00fck\u00fcmetin \u0130ngiltere&#8217;ye gelen g\u00f6\u00e7men say\u0131lar\u0131n\u0131 azaltmak i\u00e7in harekete ge\u00e7mesi gerekti\u011fini savundu. Braverman, net g\u00f6\u00e7te y\u0131ll\u0131k bir \u00fcst s\u0131n\u0131r, lisans\u00fcst\u00fc vize yolunun kapat\u0131lmas\u0131 ve sa\u011fl\u0131k ve sosyal bak\u0131m vizelerinde bir \u00fcst s\u0131n\u0131r koyma \u00e7a\u011fr\u0131s\u0131nda bulundu. Bu \u00f6neriler, Brexit sonras\u0131 \u0130ngiltere&#8217;nin g\u00f6\u00e7 politikalar\u0131n\u0131 daha s\u0131k\u0131 kontrol etme yetene\u011fine vurgu yaparak g\u00fcndeme getirildi.<\/p>\n<div id=\"briti-2428416367\" class=\"briti-icerikten-sonra_2\" style=\"margin-top: 25px;margin-bottom: 25px;\"><a href=\"https:\/\/wa.me\/message\/NDZLLIOQT4H3O1\" aria-label=\"bytv reklam banner\"><img loading=\"lazy\" decoding=\"async\" src=\"https:\/\/by-tv.co.uk\/wp-content\/uploads\/2025\/12\/bytv-reklam-banner.jpg\" alt=\"\"  width=\"2376\" height=\"1008\"   \/><\/a><\/div>","protected":false},"excerpt":{"rendered":"<p>\u0130ngiltere&#8217;de 2022&#8217;de ger\u00e7ekle\u015fen net g\u00f6\u00e7 rakamlar\u0131n\u0131n a\u00e7\u0131klanmas\u0131n\u0131n ard\u0131ndan g\u00f6\u00e7menlere y\u00f6nelik tart\u0131\u015fmalar yeniden alevlendi. Ge\u00e7en hafta Ulusal \u0130statistik Ofisi taraf\u0131ndan a\u00e7\u0131klanan verilere g\u00f6re 2022\u2019deki net g\u00f6\u00e7 say\u0131s\u0131 745 bin olarak revize edilmi\u015fti. Bu rakamlar\u0131n ard\u0131ndan \u00f6zellikle sa\u011fl\u0131k ve sosyal bak\u0131m sekt\u00f6r\u00fcnde yabanc\u0131 i\u015fg\u00fcc\u00fcne olan ba\u011f\u0131ml\u0131l\u0131k ve bu alandaki g\u00f6\u00e7 politikalar\u0131 tart\u0131\u015fma konusu oldu. The Guardian\u2018da Shanti Das and Toby Helm imzal\u0131 haberde yer alan bilgilere g\u00f6re; G\u00f6\u00e7 \u0130\u015fleri Bakan\u0131 Robert Jenrick, yabanc\u0131 bak\u0131m \u00e7al\u0131\u015fanlar\u0131n\u0131n aile \u00fcyelerini \u0130ngiltere&#8217;ye getirmelerini engelleyecek planlar\u0131 h\u00fck\u00fcmete sunarken, bu planlar h\u00fck\u00fcmetin ba\u015f g\u00f6\u00e7 dan\u0131\u015fman\u0131 Prof. Brian Bell taraf\u0131ndan ele\u015ftirildi. Bell, bu politikalar\u0131n \u0130ngiltere&#8217;nin sosyal bak\u0131m sekt\u00f6r\u00fcne b\u00fcy\u00fck [&hellip;]<\/p>\n","protected":false},"author":1,"featured_media":22465,"comment_status":"open","ping_status":"open","sticky":false,"template":"","format":"video","meta":{"ngg_post_thumbnail":0,"footnotes":""},"categories":[11,969,15],"tags":[],"class_list":["post-22464","post","type-post","status-publish","format-video","has-post-thumbnail","hentry","category-dunya","category-gocmenlik","category-ingiltere","post_format-post-format-video"],"_links":{"self":[{"href":"https:\/\/by-tv.co.uk\/en\/wp-json\/wp\/v2\/posts\/22464","targetHints":{"allow":["GET"]}}],"collection":[{"href":"https:\/\/by-tv.co.uk\/en\/wp-json\/wp\/v2\/posts"}],"about":[{"href":"https:\/\/by-tv.co.uk\/en\/wp-json\/wp\/v2\/types\/post"}],"author":[{"embeddable":true,"href":"https:\/\/by-tv.co.uk\/en\/wp-json\/wp\/v2\/users\/1"}],"replies":[{"embeddable":true,"href":"https:\/\/by-tv.co.uk\/en\/wp-json\/wp\/v2\/comments?post=22464"}],"version-history":[{"count":0,"href":"https:\/\/by-tv.co.uk\/en\/wp-json\/wp\/v2\/posts\/22464\/revisions"}],"wp:featuredmedia":[{"embeddable":true,"href":"https:\/\/by-tv.co.uk\/en\/wp-json\/wp\/v2\/media\/22465"}],"wp:attachment":[{"href":"https:\/\/by-tv.co.uk\/en\/wp-json\/wp\/v2\/media?parent=22464"}],"wp:term":[{"taxonomy":"category","embeddable":true,"href":"https:\/\/by-tv.co.uk\/en\/wp-json\/wp\/v2\/categories?post=22464"},{"taxonomy":"post_tag","embeddable":true,"href":"https:\/\/by-tv.co.uk\/en\/wp-json\/wp\/v2\/tags?post=22464"}],"curies":[{"name":"wp","href":"https:\/\/api.w.org\/{rel}","templated":true}]}}