{"id":22457,"date":"2023-11-27T22:30:19","date_gmt":"2023-11-27T22:30:19","guid":{"rendered":"https:\/\/by-tv.co.uk\/?p=22457"},"modified":"2023-11-27T22:30:19","modified_gmt":"2023-11-27T22:30:19","slug":"kuresel-sirketlerden-ingiltereye-295-milyarlik-yatirim-sozu","status":"publish","type":"post","link":"https:\/\/by-tv.co.uk\/en\/kuresel-sirketlerden-ingiltereye-295-milyarlik-yatirim-sozu\/","title":{"rendered":"K\u00fcresel \u015firketlerden \u0130ngiltere\u2019ye 29,5 milyarl\u0131k Yat\u0131r\u0131m S\u00f6z\u00fc"},"content":{"rendered":"<p>\u0130ngiltere Ba\u015fbakanl\u0131k Ofisi 10 Numara&#8217;n\u0131n yapt\u0131\u011f\u0131 a\u00e7\u0131klamaya g\u00f6re, Londra&#8217;da d\u00fczenlenen K\u00fcresel Yat\u0131r\u0131m Zirvesi&#8217;nde Ba\u015fbakan Rishi Sunak, k\u00fcresel \u015firketlerin \u0130ngiltere&#8217;ye 29,5 milyar sterlinlik yat\u0131r\u0131m taahh\u00fcd\u00fcnde bulundu\u011funu duyurdu.<\/p>\n<p>Sunak, bu geli\u015fmenin, \u00fclkenin yat\u0131r\u0131m ve i\u015f d\u00fcnyas\u0131 a\u00e7\u0131s\u0131ndan d\u00fcnyan\u0131n \u00f6nde gelen b\u00f6lgelerinden biri haline geldi\u011finin bir i\u015fareti oldu\u011funu belirtti. Ayr\u0131ca, ge\u00e7en hafta yap\u0131lan b\u00fcy\u00fck vergi indirimlerine dikkat \u00e7ekerek, bu ad\u0131mlar\u0131n yan\u0131 s\u0131ra \u0130ngiltere&#8217;nin inovasyon k\u00fclt\u00fcr\u00fc ve d\u00fcnya standartlar\u0131nda \u00fcniversiteleri sayesinde bir f\u0131rsatlar \u00fclkesi oldu\u011funu vurgulad\u0131.<\/p>\n<p>Ba\u015fbakan Sunak, bu yat\u0131r\u0131mlar\u0131n binlerce yeni i\u015f imkan\u0131 yarataca\u011f\u0131n\u0131 ve \u0130ngiliz ekonomisine g\u00fcven kazand\u0131raca\u011f\u0131n\u0131 ifade etti.<\/p><div id=\"briti-3227362237\" class=\"briti-icerik\" style=\"margin-top: 5px;margin-bottom: 5px;\"><a href=\"https:\/\/piaryum.com\/services\/\" aria-label=\"piaryum banner\"><img loading=\"lazy\" decoding=\"async\" src=\"https:\/\/by-tv.co.uk\/wp-content\/uploads\/2025\/12\/Gemini_Generated_Image_g5yqr1g5yqr1g5yq.jpg\" alt=\"\"  width=\"2064\" height=\"1152\"   \/><\/a><\/div>\n<p>Ba\u015fbakan, ayr\u0131ca k\u00fcresel yat\u0131r\u0131mlar\u0131n \u00e7ekilmesinin, ekonominin b\u00fcy\u00fct\u00fclmesi plan\u0131n\u0131n merkezinde oldu\u011funu ve temiz enerji, ya\u015fam bilimleri ve ileri teknoloji gibi kilit sekt\u00f6rlerde yeni fonlarla \u00fclke genelinde b\u00fcy\u00fcmenin te\u015fvik edilece\u011fini s\u00f6yledi. Bu yat\u0131r\u0131mlar\u0131n \u00fclkede yakla\u015f\u0131k 12 bin ki\u015filik istihdam yaratmas\u0131 bekleniyor.<\/p>\n<p>Zirveye kat\u0131lan uluslararas\u0131 \u015firketler ve CEO&#8217;lar aras\u0131nda, Avustralya&#8217;n\u0131n en b\u00fcy\u00fck emeklilik fonu Aware Super&#8217;in CEO&#8217;su Deanne Stewart da bulunuyor. Stewart, Londra&#8217;da \u015firketin ilk yurt d\u0131\u015f\u0131 ofisini a\u00e7arak 5 milyar sterlinin \u00fczerinde altyap\u0131, emlak ve \u00f6zel sermaye yat\u0131r\u0131mlar\u0131 yapmay\u0131 planl\u0131yor. Ayr\u0131ca, Amerika Birle\u015fik Devletleri merkezli yat\u0131r\u0131m y\u00f6netim \u015firketi Blackstone&#8217;un CEO&#8217;su Stephen Schwarzman, yat\u0131r\u0131m bankas\u0131 Goldman Sachs&#8217;\u0131n CEO&#8217;su David Solomon ve JP Morgan Chase&#8217;in CEO&#8217;su Jamie Dimon da zirveye kat\u0131lan yakla\u015f\u0131k 200 CEO aras\u0131nda yer al\u0131yor.<\/p>\n<div id=\"briti-2638205882\" class=\"briti-icerikten-sonra_2\" style=\"margin-top: 25px;margin-bottom: 25px;\"><a href=\"https:\/\/wa.me\/message\/NDZLLIOQT4H3O1\" aria-label=\"bytv reklam banner\"><img loading=\"lazy\" decoding=\"async\" src=\"https:\/\/by-tv.co.uk\/wp-content\/uploads\/2025\/12\/bytv-reklam-banner.jpg\" alt=\"\"  width=\"2376\" height=\"1008\"   \/><\/a><\/div>","protected":false},"excerpt":{"rendered":"<p>\u0130ngiltere Ba\u015fbakanl\u0131k Ofisi 10 Numara&#8217;n\u0131n yapt\u0131\u011f\u0131 a\u00e7\u0131klamaya g\u00f6re, Londra&#8217;da d\u00fczenlenen K\u00fcresel Yat\u0131r\u0131m Zirvesi&#8217;nde Ba\u015fbakan Rishi Sunak, k\u00fcresel \u015firketlerin \u0130ngiltere&#8217;ye 29,5 milyar sterlinlik yat\u0131r\u0131m taahh\u00fcd\u00fcnde bulundu\u011funu duyurdu. Sunak, bu geli\u015fmenin, \u00fclkenin yat\u0131r\u0131m ve i\u015f d\u00fcnyas\u0131 a\u00e7\u0131s\u0131ndan d\u00fcnyan\u0131n \u00f6nde gelen b\u00f6lgelerinden biri haline geldi\u011finin bir i\u015fareti oldu\u011funu belirtti. Ayr\u0131ca, ge\u00e7en hafta yap\u0131lan b\u00fcy\u00fck vergi indirimlerine dikkat \u00e7ekerek, bu ad\u0131mlar\u0131n yan\u0131 s\u0131ra \u0130ngiltere&#8217;nin inovasyon k\u00fclt\u00fcr\u00fc ve d\u00fcnya standartlar\u0131nda \u00fcniversiteleri sayesinde bir f\u0131rsatlar \u00fclkesi oldu\u011funu vurgulad\u0131. Ba\u015fbakan Sunak, bu yat\u0131r\u0131mlar\u0131n binlerce yeni i\u015f imkan\u0131 yarataca\u011f\u0131n\u0131 ve \u0130ngiliz ekonomisine g\u00fcven kazand\u0131raca\u011f\u0131n\u0131 ifade etti. Ba\u015fbakan, ayr\u0131ca k\u00fcresel yat\u0131r\u0131mlar\u0131n \u00e7ekilmesinin, ekonominin b\u00fcy\u00fct\u00fclmesi plan\u0131n\u0131n merkezinde oldu\u011funu ve temiz [&hellip;]<\/p>\n","protected":false},"author":1,"featured_media":17103,"comment_status":"open","ping_status":"open","sticky":false,"template":"","format":"standard","meta":{"ngg_post_thumbnail":0,"footnotes":""},"categories":[1],"tags":[],"class_list":["post-22457","post","type-post","status-publish","format-standard","has-post-thumbnail","hentry","category-genel"],"_links":{"self":[{"href":"https:\/\/by-tv.co.uk\/en\/wp-json\/wp\/v2\/posts\/22457","targetHints":{"allow":["GET"]}}],"collection":[{"href":"https:\/\/by-tv.co.uk\/en\/wp-json\/wp\/v2\/posts"}],"about":[{"href":"https:\/\/by-tv.co.uk\/en\/wp-json\/wp\/v2\/types\/post"}],"author":[{"embeddable":true,"href":"https:\/\/by-tv.co.uk\/en\/wp-json\/wp\/v2\/users\/1"}],"replies":[{"embeddable":true,"href":"https:\/\/by-tv.co.uk\/en\/wp-json\/wp\/v2\/comments?post=22457"}],"version-history":[{"count":0,"href":"https:\/\/by-tv.co.uk\/en\/wp-json\/wp\/v2\/posts\/22457\/revisions"}],"wp:featuredmedia":[{"embeddable":true,"href":"https:\/\/by-tv.co.uk\/en\/wp-json\/wp\/v2\/media\/17103"}],"wp:attachment":[{"href":"https:\/\/by-tv.co.uk\/en\/wp-json\/wp\/v2\/media?parent=22457"}],"wp:term":[{"taxonomy":"category","embeddable":true,"href":"https:\/\/by-tv.co.uk\/en\/wp-json\/wp\/v2\/categories?post=22457"},{"taxonomy":"post_tag","embeddable":true,"href":"https:\/\/by-tv.co.uk\/en\/wp-json\/wp\/v2\/tags?post=22457"}],"curies":[{"name":"wp","href":"https:\/\/api.w.org\/{rel}","templated":true}]}}