{"id":22447,"date":"2023-11-27T15:19:04","date_gmt":"2023-11-27T15:19:04","guid":{"rendered":"https:\/\/by-tv.co.uk\/?p=22447"},"modified":"2023-11-27T15:19:04","modified_gmt":"2023-11-27T15:19:04","slug":"ingilterenin-yeni-butcesi-kimi-nasil-etkiliyor","status":"publish","type":"post","link":"https:\/\/by-tv.co.uk\/en\/ingilterenin-yeni-butcesi-kimi-nasil-etkiliyor\/","title":{"rendered":"\u0130ngiltere&#8217;nin Yeni B\u00fct\u00e7esi Kimi Nas\u0131l Etkiliyor?"},"content":{"rendered":"<p>\u0130ngiltere Maliye Bakan\u0131 Jeremy Hunt&#8217;\u0131n Avam Kamaras\u0131&#8217;nda a\u00e7\u0131klad\u0131\u011f\u0131 Sonbahar Bildirisi (Autumn Statement) , milyonlarca insan\u0131n gelirini ve hane b\u00fct\u00e7elerini etkileyecek. Yeni a\u00e7\u0131klanan b\u00fct\u00e7e; ayn\u0131 zamanda \u00f6nemli kamu hizmetlerine yap\u0131lacak harcamalar\u0131 da belirledi. <a href=\"https:\/\/www.ada-co.uk\" target=\"_blank\" rel=\"noopener\"><strong>Ada &amp; Co Accounts&#8217;<\/strong><\/a>\u0131n deste\u011fiyle yeni b\u00fct\u00e7eyi \u00f6zetledik.&nbsp;<\/p>\n<h3>Vergilendirme ve \u00fccretler<\/h3>\n<p>6 Ocak&#8217;tan itibaren, \u00e7al\u0131\u015fan Ulusal Sigorta kesinti oran\u0131 %12&#8217;den %10&#8217;a d\u00fc\u015f\u00fcr\u00fclecek. 27 milyon ki\u015fiyi etkilemesi beklenen bu de\u011fi\u015fiklikle ortalama \u00a335,000 maa\u015f alan bir ki\u015fi y\u0131lda \u00a3450\u2019a yak\u0131n tasarruf yapabilir.<\/p>\n<p>Nisan 2024\u2019ten itibaren y\u0131ll\u0131k kazanc\u0131 \u00a312,570&#8217;nin \u00fczerinde olan kendi i\u015finde \u00e7al\u0131\u015fanlar\u0131n \u00f6dedi\u011fi 2. S\u0131n\u0131f Ulusal Sigorta bedeli kald\u0131r\u0131ld\u0131.<\/p><div id=\"briti-3750104894\" class=\"briti-icerik\" style=\"margin-top: 5px;margin-bottom: 5px;\"><a href=\"https:\/\/piaryum.com\/services\/\" aria-label=\"piaryum banner\"><img loading=\"lazy\" decoding=\"async\" src=\"https:\/\/by-tv.co.uk\/wp-content\/uploads\/2025\/12\/Gemini_Generated_Image_g5yqr1g5yqr1g5yq.jpg\" alt=\"\"  width=\"2064\" height=\"1152\"   \/><\/a><\/div>\n<p>Nisan 2024\u2019ten itibaren, kendi i\u015finde \u00e7al\u0131\u015fanlar\u0131n \u00a312,570 ile \u00a350,270 aras\u0131ndaki karlar\u0131 \u00fczerinden \u00f6dedikleri 4.S\u0131n\u0131f Ulusal Sigorta bedeli %9&#8217;dan %8&#8217;e d\u00fc\u015f\u00fcr\u00fclecek.<\/p>\n<p>Yasal asgari \u00fccret, resmi ad\u0131yla Ulusal Ya\u015fam \u00dccreti, Nisan ay\u0131ndan itibaren saatlik \u00a310.42&#8217;den \u00a311.44&#8217;e y\u00fckseltilecek. Bu yeni oran, ilk defa 21 ve 22 ya\u015f\u0131ndaki \u00e7al\u0131\u015fanlar\u0131 da kapsayacak \u015fekilde geni\u015fletildi.<\/p>\n<p><img loading=\"lazy\" decoding=\"async\" class=\"alignnone size-full wp-image-22448\" src=\"https:\/\/by-tv.co.uk\/wp-content\/uploads\/2023\/11\/1.jpg\" alt=\"\" width=\"1080\" height=\"1080\" title=\"\"><\/p>\n<h3>Te\u015fvikler ve Emeklilik<\/h3>\n<p>\u0130\u015f g\u00fcc\u00fc piyasas\u0131n\u0131 desteklemek ve pandemi sonras\u0131 d\u00f6nemdeki ekonomik toparlanmay\u0131 h\u0131zland\u0131rmak amac\u0131yla al\u0131nan \u00f6nlemler ise \u015f\u00f6yle:<\/p>\n<p>\u0130ngiltere ve Galler&#8217;deki evrensel kredi ve di\u011fer \u00e7al\u0131\u015fma ya\u015f\u0131 yard\u0131mlar\u0131, Eyl\u00fcl enflasyon oran\u0131na uygun olarak Nisan 2024\u2019ten itibaren %6.7 oran\u0131nda artacak.<\/p>\n<p>Kira \u00f6demeleri i\u00e7in konut yard\u0131m\u0131 ve evrensel kredi miktar\u0131n\u0131 belirleyen yerel konut yard\u0131m\u0131 oranlar\u0131 yerel kiralar\u0131n %30&#8217;unu kapsayacak \u015fekilde art\u0131r\u0131ld\u0131.<\/p>\n<p>Sa\u011fl\u0131k sorunlar\u0131 olan insanlara i\u015f bulmalar\u0131nda yard\u0131mc\u0131 olmak amac\u0131yla \u00f6n\u00fcm\u00fczdeki be\u015f y\u0131l i\u00e7inde \u00a31.3 milyar fon sa\u011flanacak. Ayr\u0131ca, bir y\u0131ldan fazla s\u00fcredir i\u015fsiz olanlara y\u00f6nelik ba\u015fka bir \u00a31.3 milyar fon ayr\u0131ld\u0131.<\/p>\n<p>\u0130ngiltere ve Galler&#8217;de, i\u015f arama yetene\u011fine sahip olup i\u015f bulmay\u0131 reddeden hak sahipleri, yard\u0131mlar\u0131n\u0131 ve \u00fccretsiz re\u00e7eteler gibi ek avantajlar\u0131n\u0131 kaybedecekler<\/p>\n<p>Devlet emeklilik \u00f6demeleri, Nisan ay\u0131ndan itibaren %8.5 oran\u0131nda artacak. Bu art\u0131\u015f, ortalama kazan\u00e7larla ayn\u0131 oranda olacak ve emeklilik maa\u015flar\u0131n\u0131n al\u0131m g\u00fcc\u00fcn\u00fc korumay\u0131 hedefleyecek.<\/p>\n<p>Ayr\u0131ca, i\u015fverenlerin \u00f6dedi\u011fi emeklilik planlar\u0131na ili\u015fkin bir dan\u0131\u015fma s\u00fcreci ba\u015flat\u0131lacak. Bu s\u00fcre\u00e7, \u00e7al\u0131\u015fanlara belki de \u00f6m\u00fcr boyu s\u00fcrecek bir emeklilik fonuna sahip olma imkan\u0131 sunmay\u0131 hedefleyebilir.<\/p>\n<p><img loading=\"lazy\" decoding=\"async\" class=\"alignnone size-full wp-image-22450\" src=\"https:\/\/by-tv.co.uk\/wp-content\/uploads\/2023\/11\/2.jpg\" alt=\"\" width=\"1081\" height=\"1080\" title=\"\"><\/p>\n<h3>Ekonomi ve kamu maliyesi<\/h3>\n<p>Ba\u011f\u0131ms\u0131z B\u00fct\u00e7e Sorumlulu\u011fu Ofisi (OBR)&#8217;nin tahminlerine g\u00f6re: Bu y\u0131l ekonomi %0.6, gelecek y\u0131l %0.7 oran\u0131nda b\u00fcy\u00fcyecek.2025&#8217;te b\u00fcy\u00fcme oran\u0131 %1.4&#8217;e, 2026&#8217;da %1.9&#8217;a, 2027&#8217;de %2&#8217;ye ve 2028&#8217;de %1.7&#8217;ye y\u00fckselecek.<\/p>\n<p>2024 sonu enflasyon tahmini %2.8 ve \u0130ngiltere Merkez Bankas\u0131\u2019n\u0131n 2025 hedefi % 2<\/p>\n<p>Temel bor\u00e7, gelecek y\u0131l GSY\u0130H&#8217;n\u0131n %91.6&#8217;s\u0131n\u0131 olu\u015fturacak, 2024-25&#8217;te %92.7, 2026-27&#8217;de %93.2 olacak ve ard\u0131ndan 2028-29&#8217;da %92.8&#8217;e d\u00fc\u015fecek.<\/p>\n<p><img loading=\"lazy\" decoding=\"async\" class=\"alignnone size-full wp-image-22451\" src=\"https:\/\/by-tv.co.uk\/wp-content\/uploads\/2023\/11\/3.jpg\" alt=\"\" width=\"1081\" height=\"1080\" title=\"\"><\/p>\n<h3>H\u00fck\u00fcmet Harcamalar\u0131:<\/h3>\n<p>\u0130ngiltere&#8217;de NHS (Ulusal Sa\u011fl\u0131k Hizmetleri) ve yeti\u015fkin sosyal bak\u0131m i\u00e7in ge\u00e7en sonbaharda yap\u0131lan 14.1 milyar sterlinlik taahh\u00fct yeniden onayland\u0131. Bu fonlar, 2023-24 ve 2024-25 y\u0131llar\u0131 i\u00e7in ge\u00e7erli olacak.<\/p>\n<p>Okullar i\u00e7in 2023-24 ve 2024-25 y\u0131llar\u0131nda ekstra 2 milyar sterlin sa\u011flanacak.<\/p>\n<p>\u0130sko\u00e7ya, Galler ve Kuzey \u0130rlanda&#8217;daki \u00f6zerk h\u00fck\u00fcmetlere e\u015fde\u011fer finansman sa\u011flanacak.<\/p>\n<p>OBR (Ba\u011f\u0131ms\u0131z B\u00fct\u00e7e Sorumluluk Ofisi) y\u00fcksek enflasyonun, 2027\/28 y\u0131l\u0131na kadar bakanl\u0131k b\u00fct\u00e7elerinin ger\u00e7ek de\u011ferini Mart tahminlerine g\u00f6re 19 milyar sterlin d\u00fc\u015f\u00fcrece\u011fini belirtiyor.<\/p>\n<p>Savunma harcamalar\u0131, ulusal gelirin %2&#8217;sinde sabit kalacak, bu bir NATO taahh\u00fcd\u00fcd\u00fcr.<\/p>\n<p>Yurtd\u0131\u015f\u0131 yard\u0131m harcamalar\u0131, ulusal gelirin %0.5&#8217;inde tutulacak, bu ise resmi %0.7 hedefinin alt\u0131nda bir orand\u0131r.&nbsp;<\/p>\n<p><img loading=\"lazy\" decoding=\"async\" class=\"alignnone size-full wp-image-22452\" src=\"https:\/\/by-tv.co.uk\/wp-content\/uploads\/2023\/11\/4.jpg\" alt=\"\" width=\"1081\" height=\"1080\" title=\"\"><\/p>\n<h3>\u0130\u015f ve altyap\u0131<\/h3>\n<p>\u0130ngiltere h\u00fck\u00fcmeti, ekonomik b\u00fcy\u00fcmeyi te\u015fvik etmek ve \u00e7e\u015fitli sekt\u00f6rleri desteklemek i\u00e7in bir dizi yeni \u00f6nlemi duyurdu:<\/p>\n<p>\u015eirketlere yeni makine ve ekipman harcamalar\u0131n\u0131 k\u00e2rlar\u0131ndan d\u00fc\u015fme olana\u011f\u0131 tan\u0131yan &#8220;Tam Masraf&#8221; vergi indirimi kal\u0131c\u0131 hale getirildi.<\/p>\n<p>\u0130ngiltere&#8217;deki perakende, konaklama ve e\u011flence \u015firketleri i\u00e7in %75 i\u015fletme vergisi indirimi bir y\u0131l daha uzat\u0131ld\u0131.<\/p>\n<p>Yeni direkler ve iletim altyap\u0131s\u0131na yak\u0131n ya\u015fayan haneler, 10 y\u0131l boyunca enerji faturalar\u0131ndan her y\u0131l \u00a31,000&#8217;a kadar indirim alacak.<\/p>\n<p>Ye\u015fil enerji, havac\u0131l\u0131k, ya\u015fam bilimleri ve s\u0131f\u0131r emisyonlu ara\u00e7lar dahil stratejik imalat sekt\u00f6rlerine yat\u0131r\u0131m \u00e7ekmek i\u00e7in \u00a34.5 milyar fon ayr\u0131ld\u0131.<\/p>\n<p>\u00d6n\u00fcm\u00fczdeki iki y\u0131l boyunca yapay zeka inovasyon merkezlerini finanse etmek i\u00e7in \u00a3500 milyon tahsis edildi.<\/p>\n<p>Yat\u0131r\u0131m b\u00f6lgeleri i\u00e7in finansal te\u015fvikler ve serbest b\u00f6lgeler i\u00e7in vergi muafiyetleri, yeni yat\u0131r\u0131m b\u00f6lgelerinin West Midlands, East Midlands ve Greater Manchester&#8217;\u0131, ayr\u0131ca Wrexham ve Flintshire&#8217;\u0131 kapsayacak \u015fekilde be\u015f y\u0131ldan on y\u0131la uzat\u0131ld\u0131.<\/p>\n<p>\u0130sko\u00e7ya&#8217;da yeniden yap\u0131lanma projelerini finanse etmek i\u00e7in yeni Dengeleme Ortakl\u0131klar\u0131 i\u00e7in ek \u00a380 milyon ayr\u0131ld\u0131.<\/p>\n<h3><img loading=\"lazy\" decoding=\"async\" class=\"alignnone size-full wp-image-22453\" src=\"https:\/\/by-tv.co.uk\/wp-content\/uploads\/2023\/11\/5.jpg\" alt=\"\" width=\"1081\" height=\"1080\" title=\"\"><br \/>\nDi\u011fer \u00f6nlemler<\/h3>\n<p>T\u00fcm alkol vergileri gelecek y\u0131l 1 A\u011fustos&#8217;a kadar donduruldu<\/p>\n<p>T\u00fct\u00fcn \u00fcr\u00fcnlerine uygulanan g\u00fcmr\u00fck vergisi oran\u0131 TEFE enflasyonunun %2 \u00fczerinde artarken, sarmal\u0131k k\u0131y\u0131lm\u0131\u015f t\u00fct\u00fcne TEFE&#8217;nin %12 \u00fczerinde zam yap\u0131ld\u0131<\/p>\n<p>Ba\u015fbakan\u0131n Mart ay\u0131nda 12 ay boyunca litre ba\u015f\u0131na 5p indirim yap\u0131laca\u011f\u0131n\u0131 a\u00e7\u0131klamas\u0131n\u0131n ard\u0131ndan akaryak\u0131t vergisinden bahsedilmedi ve benzin ve dizel i\u00e7in litre ba\u015f\u0131na 52.95p olarak kald\u0131<\/p>\n<p>Holokost E\u011fitim Vakf\u0131 gibi kurulu\u015flar\u0131n okullarda ve \u00fcniversitelerde antisemitizmle m\u00fccadele etmesi i\u00e7in \u00f6n\u00fcm\u00fczdeki \u00fc\u00e7 y\u0131l i\u00e7inde 7 milyon sterline kadar kaynak<\/p>\n<p>Imperial College ve Imperial College Healthcare NHS Trust&#8217;\u0131n sa\u011fl\u0131k alan\u0131ndaki yenilikler \u00fczerinde \u00e7al\u0131\u015fmak \u00fczere Fleming Merkezi kurmas\u0131 i\u00e7in 5 milyon sterlin fon<\/p>\n<p>Kuzey \u0130rlanda&#8217;da Paramilitarizmle M\u00fccadele Program\u0131 i\u00e7in yakla\u015f\u0131k 3 milyon sterlin<\/p>\n<p><img loading=\"lazy\" decoding=\"async\" class=\"alignnone size-full wp-image-22454\" src=\"https:\/\/by-tv.co.uk\/wp-content\/uploads\/2023\/11\/6.jpg\" alt=\"\" width=\"1081\" height=\"1080\" title=\"\"><\/p>\n<p>&nbsp;<\/p>\n<div id=\"briti-2028820779\" class=\"briti-icerikten-sonra_2\" style=\"margin-top: 25px;margin-bottom: 25px;\"><a href=\"https:\/\/wa.me\/message\/NDZLLIOQT4H3O1\" aria-label=\"bytv reklam banner\"><img loading=\"lazy\" decoding=\"async\" src=\"https:\/\/by-tv.co.uk\/wp-content\/uploads\/2025\/12\/bytv-reklam-banner.jpg\" alt=\"\"  width=\"2376\" height=\"1008\"   \/><\/a><\/div>","protected":false},"excerpt":{"rendered":"<p>\u0130ngiltere Maliye Bakan\u0131 Jeremy Hunt&#8217;\u0131n Avam Kamaras\u0131&#8217;nda a\u00e7\u0131klad\u0131\u011f\u0131 Sonbahar Bildirisi (Autumn Statement) , milyonlarca insan\u0131n gelirini ve hane b\u00fct\u00e7elerini etkileyecek. Yeni a\u00e7\u0131klanan b\u00fct\u00e7e; ayn\u0131 zamanda \u00f6nemli kamu hizmetlerine yap\u0131lacak harcamalar\u0131 da belirledi. Ada &amp; Co Accounts&#8217;\u0131n deste\u011fiyle yeni b\u00fct\u00e7eyi \u00f6zetledik.&nbsp; Vergilendirme ve \u00fccretler 6 Ocak&#8217;tan itibaren, \u00e7al\u0131\u015fan Ulusal Sigorta kesinti oran\u0131 %12&#8217;den %10&#8217;a d\u00fc\u015f\u00fcr\u00fclecek. 27 milyon ki\u015fiyi etkilemesi beklenen bu de\u011fi\u015fiklikle ortalama \u00a335,000 maa\u015f alan bir ki\u015fi y\u0131lda \u00a3450\u2019a yak\u0131n tasarruf yapabilir. Nisan 2024\u2019ten itibaren y\u0131ll\u0131k kazanc\u0131 \u00a312,570&#8217;nin \u00fczerinde olan kendi i\u015finde \u00e7al\u0131\u015fanlar\u0131n \u00f6dedi\u011fi 2. S\u0131n\u0131f Ulusal Sigorta bedeli kald\u0131r\u0131ld\u0131. Nisan 2024\u2019ten itibaren, kendi i\u015finde \u00e7al\u0131\u015fanlar\u0131n \u00a312,570 ile \u00a350,270 aras\u0131ndaki [&hellip;]<\/p>\n","protected":false},"author":1,"featured_media":22449,"comment_status":"open","ping_status":"open","sticky":false,"template":"","format":"standard","meta":{"ngg_post_thumbnail":0,"footnotes":""},"categories":[15],"tags":[149],"class_list":["post-22447","post","type-post","status-publish","format-standard","has-post-thumbnail","hentry","category-ingiltere","tag-ingiltere"],"_links":{"self":[{"href":"https:\/\/by-tv.co.uk\/en\/wp-json\/wp\/v2\/posts\/22447","targetHints":{"allow":["GET"]}}],"collection":[{"href":"https:\/\/by-tv.co.uk\/en\/wp-json\/wp\/v2\/posts"}],"about":[{"href":"https:\/\/by-tv.co.uk\/en\/wp-json\/wp\/v2\/types\/post"}],"author":[{"embeddable":true,"href":"https:\/\/by-tv.co.uk\/en\/wp-json\/wp\/v2\/users\/1"}],"replies":[{"embeddable":true,"href":"https:\/\/by-tv.co.uk\/en\/wp-json\/wp\/v2\/comments?post=22447"}],"version-history":[{"count":0,"href":"https:\/\/by-tv.co.uk\/en\/wp-json\/wp\/v2\/posts\/22447\/revisions"}],"wp:featuredmedia":[{"embeddable":true,"href":"https:\/\/by-tv.co.uk\/en\/wp-json\/wp\/v2\/media\/22449"}],"wp:attachment":[{"href":"https:\/\/by-tv.co.uk\/en\/wp-json\/wp\/v2\/media?parent=22447"}],"wp:term":[{"taxonomy":"category","embeddable":true,"href":"https:\/\/by-tv.co.uk\/en\/wp-json\/wp\/v2\/categories?post=22447"},{"taxonomy":"post_tag","embeddable":true,"href":"https:\/\/by-tv.co.uk\/en\/wp-json\/wp\/v2\/tags?post=22447"}],"curies":[{"name":"wp","href":"https:\/\/api.w.org\/{rel}","templated":true}]}}