{"id":22441,"date":"2023-11-26T00:56:21","date_gmt":"2023-11-26T00:56:21","guid":{"rendered":"https:\/\/by-tv.co.uk\/?p=22441"},"modified":"2023-11-26T00:56:21","modified_gmt":"2023-11-26T00:56:21","slug":"ingilterede-calismak-isteyen-yabanci-saglik-calisanlari-na-akraba-kotasi-masada","status":"publish","type":"post","link":"https:\/\/by-tv.co.uk\/en\/ingilterede-calismak-isteyen-yabanci-saglik-calisanlari-na-akraba-kotasi-masada\/","title":{"rendered":"\u0130ngiltere&#8217;de \u00c7al\u0131\u015fmak \u0130steyen Yabanc\u0131 Sa\u011fl\u0131k \u00c7al\u0131\u015fanlar\u0131na Akraba Kotas\u0131 Masada"},"content":{"rendered":"<p>&nbsp;2022 y\u0131l\u0131 i\u00e7in \u0130ngiltere\u2019ye y\u00f6nelik net g\u00f6\u00e7 rakam\u0131n\u0131n&nbsp; 745 bin olarak revize edildikten sonra \u00fclkede g\u00f6\u00e7 tart\u0131\u015fmalar\u0131 yine alevlendi.<\/p>\n<p>\u0130ngiltere&#8217;de personel ihtiyac\u0131n\u0131 en \u00e7ok yabanc\u0131 yeteneklerden kar\u015f\u0131layan sa\u011fl\u0131k ve sosyal bak\u0131m sekt\u00f6r\u00fc de g\u00f6\u00e7 tart\u0131\u015fmalar\u0131n\u0131n g\u00f6be\u011finde yer al\u0131yor. Sosyal&nbsp; Sosyal bak\u0131m sekt\u00f6r\u00fc, d\u00fc\u015f\u00fck \u00fccretler ve ko\u015fullar nedeniyle \u0130ngiliz vatanda\u015flar\u0131n\u0131 \u00e7ekemiyor, bu y\u00fczden yurtd\u0131\u015f\u0131 i\u015fg\u00fcc\u00fcne ba\u011f\u0131ml\u0131. <strong>G\u00f6\u00e7 \u0130\u015fleri Bakan\u0131 Robert Jenrick<\/strong>&#8216;in g\u00f6\u00e7men bak\u0131m i\u015f\u00e7ilerinin aile \u00fcyelerini \u0130ngiltere&#8217;ye getirmelerini engelleyen planlar\u0131na h\u00fck\u00fcmetin ba\u015f g\u00f6\u00e7 dan\u0131\u015fman\u0131 <a href=\"https:\/\/www.kcl.ac.uk\/people\/brian-bell\" target=\"_blank\" rel=\"noopener\"><strong>Prof. Brian Bell<\/strong><\/a> tepki g\u00f6sterdi ve bunun sosyal bak\u0131m sekt\u00f6r\u00fc i\u00e7in &#8220;\u00e7ok tehlikeli&#8221; olabilece\u011fi konusunda uyard\u0131.<\/p>\n<div id=\"attachment_22443\" style=\"width: 1610px\" class=\"wp-caption alignnone\"><img loading=\"lazy\" decoding=\"async\" aria-describedby=\"caption-attachment-22443\" class=\"size-full wp-image-22443\" src=\"https:\/\/by-tv.co.uk\/wp-content\/uploads\/2023\/11\/jenrick.jpg\" alt=\"\" width=\"1600\" height=\"1066\" title=\"\"><p id=\"caption-attachment-22443\" class=\"wp-caption-text\">G\u00f6\u00e7 \u0130\u015fleri Bakan\u0131 Robert Jenrick<br \/>Foto\u011fraf: parliament.uk<\/p><\/div>\n<h4><strong>Sosyal Bak\u0131m Sekt\u00f6r\u00fcnde G\u00f6\u00e7men \u0130\u015f\u00e7i Ba\u011f\u0131ml\u0131l\u0131\u011f\u0131<\/strong><\/h4>\n<p><a href=\"https:\/\/www.theguardian.com\/society\/2023\/nov\/25\/curbs-on-migrant-workers-would-be-dangerous-for-social-care-warns-government-adviser\" target=\"_blank\" rel=\"noopener\">The Guardian<\/a>&#8216;da <strong>Shanti Das and Toby Helm<\/strong> imzal\u0131 haberde yer alan bilgilere g\u00f6re; Bell, Jenrick&#8217;in ayr\u0131ca yurtd\u0131\u015f\u0131ndan gelen bak\u0131m<strong> i\u015f\u00e7isi say\u0131s\u0131nda bir \u00fcst s\u0131n\u0131r<\/strong> koymay\u0131 planlad\u0131\u011f\u0131n\u0131 ve bu durumun kronik personel eksikli\u011fini daha da k\u00f6t\u00fcle\u015ftirebilece\u011fini, sonucun ise <strong>&#8220;bir\u00e7ok insan\u0131n bak\u0131m alamamas\u0131&#8221;<\/strong> olabilece\u011fini s\u00f6yledi. Bell, &#8220;Britanyal\u0131lar\u0131 sosyal bak\u0131m i\u015flerine te\u015fvik edemiyorsunuz \u00e7\u00fcnk\u00fc \u00e7ok d\u00fc\u015f\u00fck \u00fccretlendi\u011fi i\u00e7in. G\u00f6\u00e7menlerin bu yolla gelmesini zorla\u015ft\u0131r\u0131rsan\u0131z, gelenlerin say\u0131s\u0131 azalabilir. Bu, net g\u00f6\u00e7\u00fc d\u00fc\u015f\u00fcrebilir ve h\u00fck\u00fcmet bununla mutlu olabilir,&#8221; dedi.<\/p><div id=\"briti-3818597121\" class=\"briti-icerik\" style=\"margin-top: 5px;margin-bottom: 5px;\"><a href=\"https:\/\/piaryum.com\/services\/\" aria-label=\"piaryum banner\"><img loading=\"lazy\" decoding=\"async\" src=\"https:\/\/by-tv.co.uk\/wp-content\/uploads\/2025\/12\/Gemini_Generated_Image_g5yqr1g5yqr1g5yq.jpg\" alt=\"\"  width=\"2064\" height=\"1152\"   \/><\/a><\/div>\n<p>Fakat Bell, &#8220;Ancak, bunu g\u00f6\u00e7 a\u00e7\u0131s\u0131ndan yaparsan\u0131z ve bu politika hedefine ula\u015f\u0131rsan\u0131z, sosyal bak\u0131m sekt\u00f6r\u00fcne b\u00fcy\u00fck zarar vermi\u015f olmaz m\u0131s\u0131n\u0131z?&#8221; diye sordu. Bell, h\u00fck\u00fcmetin, bak\u0131m i\u015flerinde \u00e7al\u0131\u015facak insanlar\u0131n say\u0131s\u0131n\u0131 d\u00fc\u015f\u00fcrecek politikalar uygulamadan \u00f6nce, i\u015fg\u00fcc\u00fc sorunlar\u0131n\u0131, daha fazla \u0130ngiliz personel \u00e7ekmek ve elde tutmak i\u00e7in fonlama art\u0131r\u0131lmas\u0131 ve \u00fccretlerin iyile\u015ftirilmesi dahil ele almas\u0131 gerekti\u011fini belirtti.<\/p>\n<p>Bell, &#8220;Bu sorunu \u00e7\u00f6zmenin temel yolu bak\u0131m \u00e7al\u0131\u015fanlar\u0131na daha iyi \u00fccret \u00f6demektir. Ve h\u00fck\u00fcmet bu konuda hi\u00e7bir \u015fey yapmad\u0131,&#8221; dedi ve &#8220;bu eksik par\u00e7a&#8221; \u00e7\u00f6z\u00fclmeden, sosyal bak\u0131m yolundaki say\u0131larla oynaman\u0131n &#8220;\u00e7ok tehlikeli&#8221; oldu\u011funu ekledi.<\/p>\n<h4>\u0130ngiltere&#8217;de Net G\u00f6\u00e7 Rakamlar\u0131 ve Artan Tart\u0131\u015fmalar<\/h4>\n<p>Bu yorumlar, \u0130ngiltere&#8217;ye net g\u00f6\u00e7\u00fcn 2022&#8217;de rekor bir 745.000&#8217;e ula\u015ft\u0131\u011f\u0131n\u0131 g\u00f6steren yeni rakamlar\u0131n ard\u0131ndan geldi. <strong>Eyl\u00fcl 2023&#8217;e kadar olan bir y\u0131lda, 143.990 ki\u015fi sa\u011fl\u0131k ve bak\u0131m \u00e7al\u0131\u015fan\u0131 vizesi yoluyla geldi, bunlar\u0131n %58&#8217;i bak\u0131m \u00e7al\u0131\u015fanlar\u0131yd\u0131. Bu ki\u015filer yanlar\u0131nda 173.896 ba\u011f\u0131ml\u0131 getirdiler.<\/strong><\/p>\n<p>The Times&#8217;\u0131n konuyla ilgili haberine g\u00f6re de, Haziran ay\u0131na kadar \u0130ngiltere taraf\u0131ndan 282.742 sa\u011fl\u0131k ve bak\u0131m vizesi verildi\u011fini, bunun bir \u00f6nceki y\u0131la g\u00f6re y\u00fczde 172 art\u0131\u015f oldu\u011funu bildirdi.<\/p>\n<p>Bunlar\u0131n yar\u0131s\u0131ndan fazlas\u0131 (151.774) sa\u011fl\u0131k ve bak\u0131m \u00e7al\u0131\u015fanlar\u0131n\u0131n bakmakla y\u00fck\u00fcml\u00fc oldu\u011fu ki\u015filere verildi.<\/p>\n<p>Rakamlar, Nijeryal\u0131lar ve Hintliler gibi baz\u0131 milletlerin di\u011ferlerine g\u00f6re \u00f6nemli \u00f6l\u00e7\u00fcde daha fazla aile \u00fcyesini yanlar\u0131nda getirdi\u011fini g\u00f6steriyor.<\/p>\n<p>Haziran ay\u0131ndan bu yana, 35.091 Hintli sa\u011fl\u0131k ve bak\u0131m \u00e7al\u0131\u015fan\u0131 toplam 47.432 bakmakla y\u00fck\u00fcml\u00fc olunan ki\u015fiyi getirirken, 25.027 Nijeryal\u0131 40.726 bakmakla y\u00fck\u00fcml\u00fc olunan ki\u015fiyi getirdi.<\/p>\n<h4>H\u00fck\u00fcmetin \u00d6nerdi\u011fi De\u011fi\u015fiklikler<\/h4>\n<p>Jenrick&#8217;in, \u00e7al\u0131\u015fanlar\u0131n ba\u011f\u0131ml\u0131lar\u0131 getirmesini yasaklamay\u0131 veya bir akraba ile s\u0131n\u0131rlamay\u0131 i\u00e7eren be\u015f maddeli bir plan\u0131 oldu\u011fu anla\u015f\u0131l\u0131yor. Ba\u011f\u0131ml\u0131lara y\u00f6nelik herhangi bir k\u0131s\u0131tlaman\u0131n, e\u011fer uygulan\u0131rsa, sadece bak\u0131m \u00e7al\u0131\u015fanlar\u0131na m\u0131 yoksa di\u011fer sa\u011fl\u0131k \u00e7al\u0131\u015fanlar\u0131na da m\u0131 uygulanaca\u011f\u0131 hen\u00fcz net de\u011fil.<\/p>\n<p>Jenrick&#8217;in di\u011fer \u00f6nerileri aras\u0131nda yetenekli \u00e7al\u0131\u015fanlar i\u00e7in asgari maa\u015f e\u015fi\u011fini y\u00fckseltmek ve toplam bak\u0131m \u00e7al\u0131\u015fan\u0131 say\u0131s\u0131nda bir \u00fcst s\u0131n\u0131r koymak yer al\u0131yor. Planlar\u0131n Ba\u015fbakanl\u0131k&#8217;ta de\u011ferlendirildi\u011fi haberde yer al\u0131yor.<\/p>\n<p>Ba\u011f\u0131ml\u0131lar\u0131 s\u0131n\u0131rlama \u00f6nerileri, g\u00f6\u00e7men haklar\u0131 gruplar\u0131 taraf\u0131ndan &#8220;zalimce&#8221; olarak k\u0131nand\u0131 ve &#8220;aileleri par\u00e7alayaca\u011f\u0131&#8221; uyar\u0131s\u0131nda bulunuldu, sosyal bak\u0131m sekt\u00f6r\u00fc y\u00f6neticileri ise Jenrick&#8217;in \u00f6nerilerinin bak\u0131m sa\u011flay\u0131c\u0131lar\u0131 \u00fczerinde s\u00fcrd\u00fcr\u00fclemez personel ve mali bask\u0131ya yol a\u00e7abilece\u011fi ve baz\u0131lar\u0131n\u0131n kapanmas\u0131na neden olabilece\u011fi konusunda uyar\u0131da bulundu. St Cecilia&#8217;s bak\u0131m evi zincirinin patronu Mike Padgham, asgari maa\u015f e\u015fi\u011fini \u00f6nemli \u00f6l\u00e7\u00fcde art\u0131rmadan fonlamay\u0131 art\u0131rmaman\u0131n sekt\u00f6r i\u00e7in &#8220;\u00e7ifte darbe&#8221; olaca\u011f\u0131n\u0131 ve sekt\u00f6r\u00fcn &#8220;zaten diz \u00e7\u00f6km\u00fc\u015f&#8221; oldu\u011funu s\u00f6yledi.<\/p>\n<p>Ge\u00e7en hafta Maliye Bakan\u0131 Jeremy Hunt&#8217;\u0131n sonbahar beyanat\u0131na e\u015flik eden raporunda, yerel y\u00f6netimler taraf\u0131ndan kar\u015f\u0131lanan artan mali bask\u0131lar\u0131 vurgulayan B\u00fct\u00e7e Sorumluluk Ofisi (OBR), yerel y\u00f6netimlerin, yeti\u015fkin ve \u00e7ocuk sosyal bak\u0131m\u0131n\u0131 y\u00f6netmekten sorumlu olduklar\u0131n\u0131 belirtti.<\/p>\n<p>OBR, merkezi h\u00fck\u00fcmetin fon kesintileri sonucunda, yerel y\u00f6netimlerin harcamalar\u0131n\u0131n 2011&#8217;den bu yana GSY\u0130H&#8217;n\u0131n %7.4&#8217;\u00fcnden %5&#8217;e d\u00fc\u015ft\u00fc\u011f\u00fcn\u00fc ve 2028&#8217;e kadar %4.6&#8217;ya d\u00fc\u015fmesinin beklendi\u011fini a\u00e7\u0131k\u00e7a belirtti. Hunt, sonbahar beyanat\u0131nda ekonominin &#8220;k\u00f6\u015feyi d\u00f6nd\u00fc\u011f\u00fcn\u00fc&#8221; iddia etti, ancak ekonomistler, vergi indirimlerinin sadece zaten s\u0131k\u0131 bakanl\u0131k b\u00fct\u00e7elerini s\u0131k\u0131\u015ft\u0131rarak m\u00fcmk\u00fcn oldu\u011funu ve bu durumun, sosyal bak\u0131m gibi talebin artt\u0131\u011f\u0131 alanlarda kamu hizmetlerini \u00f6zellikle etkileyece\u011fini belirtti.<\/p>\n<p>\u00d6te yandan ge\u00e7en hafta g\u00f6revden al\u0131nan eski i\u00e7i\u015fleri bakan\u0131 <strong>Suella Braverman<\/strong> da, h\u00fck\u00fcmetin \u0130ngiltere&#8217;ye gelen say\u0131lar\u0131 azaltmak i\u00e7in &#8220;\u015fimdi harekete ge\u00e7mesi&#8221; gerekti\u011fini s\u00f6yledi.<\/p>\n<p>Braverman, rekor rakamlar\u0131n<strong> &#8220;her f\u0131rsatta g\u00f6\u00e7\u00fc kontrol etmek ve azaltmak i\u00e7in oy kullanan \u0130ngiliz halk\u0131n\u0131n y\u00fcz\u00fcne bir tokat&#8221;<\/strong> oldu\u011funu s\u00f6yledi.<\/p>\n<p><span style=\"font-size: 1.21429rem;\">Braverman, net g\u00f6\u00e7te y\u0131ll\u0131k bir \u00fcst s\u0131n\u0131r, lisans\u00fcst\u00fc vize yolunun kapat\u0131lmas\u0131 ve sa\u011fl\u0131k ve sosyal bak\u0131m vizelerinde bir \u00fcst s\u0131n\u0131r gibi \u00f6nlemler \u00e7a\u011fr\u0131s\u0131nda bulundu\u011funu s\u00f6yledi. <\/span>&#8220;Brexit bize gerekli ara\u00e7lar\u0131 verdi. Onlar\u0131 kullanman\u0131n zaman\u0131 geldi&#8221; diye ekledi.<\/p>\n<div id=\"briti-1706648594\" class=\"briti-icerikten-sonra_2\" style=\"margin-top: 25px;margin-bottom: 25px;\"><a href=\"https:\/\/wa.me\/message\/NDZLLIOQT4H3O1\" aria-label=\"bytv reklam banner\"><img loading=\"lazy\" decoding=\"async\" src=\"https:\/\/by-tv.co.uk\/wp-content\/uploads\/2025\/12\/bytv-reklam-banner.jpg\" alt=\"\"  width=\"2376\" height=\"1008\"   \/><\/a><\/div>","protected":false},"excerpt":{"rendered":"<p>&nbsp;2022 y\u0131l\u0131 i\u00e7in \u0130ngiltere\u2019ye y\u00f6nelik net g\u00f6\u00e7 rakam\u0131n\u0131n&nbsp; 745 bin olarak revize edildikten sonra \u00fclkede g\u00f6\u00e7 tart\u0131\u015fmalar\u0131 yine alevlendi. \u0130ngiltere&#8217;de personel ihtiyac\u0131n\u0131 en \u00e7ok yabanc\u0131 yeteneklerden kar\u015f\u0131layan sa\u011fl\u0131k ve sosyal bak\u0131m sekt\u00f6r\u00fc de g\u00f6\u00e7 tart\u0131\u015fmalar\u0131n\u0131n g\u00f6be\u011finde yer al\u0131yor. Sosyal&nbsp; Sosyal bak\u0131m sekt\u00f6r\u00fc, d\u00fc\u015f\u00fck \u00fccretler ve ko\u015fullar nedeniyle \u0130ngiliz vatanda\u015flar\u0131n\u0131 \u00e7ekemiyor, bu y\u00fczden yurtd\u0131\u015f\u0131 i\u015fg\u00fcc\u00fcne ba\u011f\u0131ml\u0131. G\u00f6\u00e7 \u0130\u015fleri Bakan\u0131 Robert Jenrick&#8216;in g\u00f6\u00e7men bak\u0131m i\u015f\u00e7ilerinin aile \u00fcyelerini \u0130ngiltere&#8217;ye getirmelerini engelleyen planlar\u0131na h\u00fck\u00fcmetin ba\u015f g\u00f6\u00e7 dan\u0131\u015fman\u0131 Prof. Brian Bell tepki g\u00f6sterdi ve bunun sosyal bak\u0131m sekt\u00f6r\u00fc i\u00e7in &#8220;\u00e7ok tehlikeli&#8221; olabilece\u011fi konusunda uyard\u0131. Sosyal Bak\u0131m Sekt\u00f6r\u00fcnde G\u00f6\u00e7men \u0130\u015f\u00e7i Ba\u011f\u0131ml\u0131l\u0131\u011f\u0131 The Guardian&#8216;da Shanti Das and [&hellip;]<\/p>\n","protected":false},"author":1,"featured_media":22442,"comment_status":"open","ping_status":"open","sticky":false,"template":"","format":"standard","meta":{"ngg_post_thumbnail":0,"footnotes":""},"categories":[969,15],"tags":[],"class_list":["post-22441","post","type-post","status-publish","format-standard","has-post-thumbnail","hentry","category-gocmenlik","category-ingiltere"],"_links":{"self":[{"href":"https:\/\/by-tv.co.uk\/en\/wp-json\/wp\/v2\/posts\/22441","targetHints":{"allow":["GET"]}}],"collection":[{"href":"https:\/\/by-tv.co.uk\/en\/wp-json\/wp\/v2\/posts"}],"about":[{"href":"https:\/\/by-tv.co.uk\/en\/wp-json\/wp\/v2\/types\/post"}],"author":[{"embeddable":true,"href":"https:\/\/by-tv.co.uk\/en\/wp-json\/wp\/v2\/users\/1"}],"replies":[{"embeddable":true,"href":"https:\/\/by-tv.co.uk\/en\/wp-json\/wp\/v2\/comments?post=22441"}],"version-history":[{"count":0,"href":"https:\/\/by-tv.co.uk\/en\/wp-json\/wp\/v2\/posts\/22441\/revisions"}],"wp:featuredmedia":[{"embeddable":true,"href":"https:\/\/by-tv.co.uk\/en\/wp-json\/wp\/v2\/media\/22442"}],"wp:attachment":[{"href":"https:\/\/by-tv.co.uk\/en\/wp-json\/wp\/v2\/media?parent=22441"}],"wp:term":[{"taxonomy":"category","embeddable":true,"href":"https:\/\/by-tv.co.uk\/en\/wp-json\/wp\/v2\/categories?post=22441"},{"taxonomy":"post_tag","embeddable":true,"href":"https:\/\/by-tv.co.uk\/en\/wp-json\/wp\/v2\/tags?post=22441"}],"curies":[{"name":"wp","href":"https:\/\/api.w.org\/{rel}","templated":true}]}}