{"id":21956,"date":"2023-10-28T01:07:09","date_gmt":"2023-10-28T00:07:09","guid":{"rendered":"https:\/\/by-tv.co.uk\/?p=21956"},"modified":"2023-10-28T01:16:32","modified_gmt":"2023-10-28T00:16:32","slug":"ingiltere-krali-turkiye-cumhuriyetinin-100-yilini-kutladi","status":"publish","type":"post","link":"https:\/\/by-tv.co.uk\/en\/ingiltere-krali-turkiye-cumhuriyetinin-100-yilini-kutladi\/","title":{"rendered":"\u0130ngiltere Kral\u0131; T\u00fcrkiye Cumhuriyeti&#8217;nin 100. Y\u0131l\u0131n\u0131 Kutlad\u0131"},"content":{"rendered":"<p><strong>\u0130ngiltere Kral\u0131 3. Charles<\/strong>; T\u00fcrkiye Cumhuriyeti\u2019nin kurulu\u015funun 100\u2019\u00fcnc\u00fc y\u0131l d\u00f6n\u00fcm\u00fc dolay\u0131s\u0131yla<strong> Cumhurba\u015fkan\u0131 Recep Tayyip Erdo\u011fan<\/strong>\u2019a, bir kutlama mesaj\u0131 g\u00f6nderdi.<\/p>\n<p><strong>Kral 3. Charles mesaj\u0131nda;<\/strong><\/p>\n<p><strong>&#8220;Say\u0131n Cumhurba\u015fkan\u0131,<\/strong><\/p><div id=\"briti-698889377\" class=\"briti-icerik\" style=\"margin-top: 5px;margin-bottom: 5px;\"><a href=\"https:\/\/piaryum.com\/services\/\" aria-label=\"piaryum banner\"><img loading=\"lazy\" decoding=\"async\" src=\"https:\/\/by-tv.co.uk\/wp-content\/uploads\/2025\/12\/Gemini_Generated_Image_g5yqr1g5yqr1g5yq.jpg\" alt=\"\"  width=\"2064\" height=\"1152\"   \/><\/a><\/div>\n<p>\u00dclkenizin kurulu\u015funun y\u00fcz\u00fcnc\u00fc y\u0131l\u0131 olan bu \u00f6zel g\u00fcnde,<br \/>\nEkselanslar\u0131n\u0131za ve T\u00fcrkiye Cumhuriyeti halk\u0131na en i\u00e7ten tebriklerimi sunuyorum.<\/p>\n<p>2015 y\u0131l\u0131ndaki ziyaretimi ve T\u00fcrk halk\u0131n\u0131n g\u00f6sterdi\u011fi misafirperverli\u011fi sevgiyle hat\u0131rl\u0131yorum. Bu y\u0131l \u015eubat ay\u0131nda ya\u015fanan ve b\u00fcy\u00fck y\u0131k\u0131ma neden olan depremlerin ard\u0131ndan T\u00fcrkiye halk\u0131n\u0131n, devam eden yeniden in\u015fa \u00e7abalar\u0131nda g\u00f6sterdi\u011fi dirence derin hayranl\u0131k duydu\u011fumu ifade etmek isterim.<\/p>\n<p>\u00dclkelerimiz aras\u0131ndaki s\u0131cak dostlu\u011fun ve giderek daha da yak\u0131nla\u015fan ortakl\u0131\u011f\u0131n devam\u0131n\u0131 i\u00e7tenlikle diliyorum. Bu olumlu ili\u015fkinin giderek daha da g\u00fc\u00e7lenece\u011fine ve devam edece\u011finden eminim.<\/p>\n<p>Siz ve d\u00fcnyan\u0131n her yerinde ya\u015fayan T\u00fcrkler, T\u00fcrkiye&#8217;nin y\u00fcz\u00fcnc\u00fc y\u0131l\u0131n\u0131 kutlarken, ben ve e\u015fim size en i\u00e7ten iyi dileklerimizi iletiyoruz.&#8221; dedi.<\/p>\n<div id=\"briti-942826158\" class=\"briti-icerikten-sonra_2\" style=\"margin-top: 25px;margin-bottom: 25px;\"><a href=\"https:\/\/wa.me\/message\/NDZLLIOQT4H3O1\" aria-label=\"bytv reklam banner\"><img loading=\"lazy\" decoding=\"async\" src=\"https:\/\/by-tv.co.uk\/wp-content\/uploads\/2025\/12\/bytv-reklam-banner.jpg\" alt=\"\"  width=\"2376\" height=\"1008\"   \/><\/a><\/div>","protected":false},"excerpt":{"rendered":"<p>\u0130ngiltere Kral\u0131 3. Charles; T\u00fcrkiye Cumhuriyeti\u2019nin kurulu\u015funun 100\u2019\u00fcnc\u00fc y\u0131l d\u00f6n\u00fcm\u00fc dolay\u0131s\u0131yla Cumhurba\u015fkan\u0131 Recep Tayyip Erdo\u011fan\u2019a, bir kutlama mesaj\u0131 g\u00f6nderdi. Kral 3. Charles mesaj\u0131nda; &#8220;Say\u0131n Cumhurba\u015fkan\u0131, \u00dclkenizin kurulu\u015funun y\u00fcz\u00fcnc\u00fc y\u0131l\u0131 olan bu \u00f6zel g\u00fcnde, Ekselanslar\u0131n\u0131za ve T\u00fcrkiye Cumhuriyeti halk\u0131na en i\u00e7ten tebriklerimi sunuyorum. 2015 y\u0131l\u0131ndaki ziyaretimi ve T\u00fcrk halk\u0131n\u0131n g\u00f6sterdi\u011fi misafirperverli\u011fi sevgiyle hat\u0131rl\u0131yorum. Bu y\u0131l \u015eubat ay\u0131nda ya\u015fanan ve b\u00fcy\u00fck y\u0131k\u0131ma neden olan depremlerin ard\u0131ndan T\u00fcrkiye halk\u0131n\u0131n, devam eden yeniden in\u015fa \u00e7abalar\u0131nda g\u00f6sterdi\u011fi dirence derin hayranl\u0131k duydu\u011fumu ifade etmek isterim. \u00dclkelerimiz aras\u0131ndaki s\u0131cak dostlu\u011fun ve giderek daha da yak\u0131nla\u015fan ortakl\u0131\u011f\u0131n devam\u0131n\u0131 i\u00e7tenlikle diliyorum. Bu olumlu ili\u015fkinin giderek daha da g\u00fc\u00e7lenece\u011fine ve [&hellip;]<\/p>\n","protected":false},"author":1,"featured_media":0,"comment_status":"open","ping_status":"open","sticky":false,"template":"","format":"standard","meta":{"ngg_post_thumbnail":0,"footnotes":""},"categories":[1,15],"tags":[],"class_list":["post-21956","post","type-post","status-publish","format-standard","hentry","category-genel","category-ingiltere"],"_links":{"self":[{"href":"https:\/\/by-tv.co.uk\/en\/wp-json\/wp\/v2\/posts\/21956","targetHints":{"allow":["GET"]}}],"collection":[{"href":"https:\/\/by-tv.co.uk\/en\/wp-json\/wp\/v2\/posts"}],"about":[{"href":"https:\/\/by-tv.co.uk\/en\/wp-json\/wp\/v2\/types\/post"}],"author":[{"embeddable":true,"href":"https:\/\/by-tv.co.uk\/en\/wp-json\/wp\/v2\/users\/1"}],"replies":[{"embeddable":true,"href":"https:\/\/by-tv.co.uk\/en\/wp-json\/wp\/v2\/comments?post=21956"}],"version-history":[{"count":0,"href":"https:\/\/by-tv.co.uk\/en\/wp-json\/wp\/v2\/posts\/21956\/revisions"}],"wp:attachment":[{"href":"https:\/\/by-tv.co.uk\/en\/wp-json\/wp\/v2\/media?parent=21956"}],"wp:term":[{"taxonomy":"category","embeddable":true,"href":"https:\/\/by-tv.co.uk\/en\/wp-json\/wp\/v2\/categories?post=21956"},{"taxonomy":"post_tag","embeddable":true,"href":"https:\/\/by-tv.co.uk\/en\/wp-json\/wp\/v2\/tags?post=21956"}],"curies":[{"name":"wp","href":"https:\/\/api.w.org\/{rel}","templated":true}]}}