{"id":21952,"date":"2023-10-28T01:03:10","date_gmt":"2023-10-28T00:03:10","guid":{"rendered":"https:\/\/by-tv.co.uk\/?p=21952"},"modified":"2023-10-28T01:03:10","modified_gmt":"2023-10-28T00:03:10","slug":"ingiltere-buyukelcisi-jill-morristan-turkiyenin-100-yili-icin-ozel-mesaj","status":"publish","type":"post","link":"https:\/\/by-tv.co.uk\/en\/ingiltere-buyukelcisi-jill-morristan-turkiyenin-100-yili-icin-ozel-mesaj\/","title":{"rendered":"\u0130ngiltere B\u00fcy\u00fckel\u00e7isi Jill Morris&#8217;tan T\u00fcrkiye&#8217;nin 100. Y\u0131l\u0131 \u0130\u00e7in \u00d6zel Mesaj"},"content":{"rendered":"<p>T\u00fcrkiye Cumhuriyeti&#8217;nin kurulu\u015funun 100. y\u0131l d\u00f6n\u00fcm\u00fcnde \u0130ngiltere&#8217;nin Ankara B\u00fcy\u00fckel\u00e7isi Jill Morris&#8217;tan anlaml\u0131 bir kutlama mesaj\u0131 geldi. Morris, bu \u00f6zel g\u00fcn\u00fc T\u00fcrkiye ile birlikte kutlaman\u0131n onurunu ya\u015fad\u0131\u011f\u0131n\u0131 belirtti.<\/p>\n<p>T\u00fcrkiye&#8217;deki bas\u0131na konu\u015fan Morris, T\u00fcrkiye&#8217;nin 100 y\u0131ll\u0131k ser\u00fcvenini \u00f6vg\u00fcyle anarak, &#8220;Bug\u00fcn sadece modern T\u00fcrkiye&#8217;nin do\u011fu\u015funu de\u011fil, bir milletin vizyonunu, direncini ve kararl\u0131l\u0131\u011f\u0131n\u0131 da kutluyoruz.&#8221; dedi.<\/p>\n<p>\u0130ki \u00fclke aras\u0131ndaki derin tarihi ba\u011flara da de\u011finen Morris, \u0130ngiltere&#8217;nin Osmanl\u0131&#8217;ya ilk b\u00fcy\u00fckel\u00e7isini 16. y\u00fczy\u0131lda g\u00f6nderdi\u011fini hat\u0131rlatt\u0131 ve \u015f\u00f6yle devam etti: &#8220;NATO, G20 ve Avrupa Konseyi gibi uluslararas\u0131 platformlarda i\u015fbirli\u011fimiz, k\u00fcresel bar\u0131\u015f ve g\u00fcvenlik ad\u0131na b\u00fcy\u00fck bir \u00f6neme sahip. Bu ortak \u00e7al\u0131\u015fmalar, t\u00fcm d\u00fcnyada daha adil ve istikrarl\u0131 bir gelece\u011fin in\u015fas\u0131nda kritik rol oynamaktad\u0131r.&#8221;<\/p><div id=\"briti-2944133334\" class=\"briti-icerik\" style=\"margin-top: 5px;margin-bottom: 5px;\"><a href=\"https:\/\/piaryum.com\/services\/\" aria-label=\"piaryum banner\"><img loading=\"lazy\" decoding=\"async\" src=\"https:\/\/by-tv.co.uk\/wp-content\/uploads\/2025\/12\/Gemini_Generated_Image_g5yqr1g5yqr1g5yq.jpg\" alt=\"\"  width=\"2064\" height=\"1152\"   \/><\/a><\/div>\n<p>B\u00fcy\u00fckel\u00e7i Morris, T\u00fcrkiye ve \u0130ngiltere&#8217;nin bir\u00e7ok alanda &#8220;stratejik ortak&#8221; olarak hareket etti\u011fini vurgulayarak, &#8220;Ekonomiden savunmaya, bilimden sanata pek \u00e7ok alanda yeni f\u0131rsatlar\u0131 de\u011ferlendirme konusunda heyecanl\u0131y\u0131z.&#8221; dedi.<\/p>\n<p>Morris, s\u00f6zlerini &#8220;T\u00fcrkiye Cumhuriyeti&#8217;nin 100. y\u0131l\u0131n\u0131 kutlarken, \u00fclkelerimiz aras\u0131ndaki ili\u015fkilerin \u00f6n\u00fcm\u00fczdeki y\u00fczy\u0131lda daha da kuvvetlenece\u011fine inanc\u0131m tam.&#8221; ifadesiyle sonland\u0131rd\u0131.<\/p>\n<div id=\"briti-3411583964\" class=\"briti-icerikten-sonra_2\" style=\"margin-top: 25px;margin-bottom: 25px;\"><a href=\"https:\/\/wa.me\/message\/NDZLLIOQT4H3O1\" aria-label=\"bytv reklam banner\"><img loading=\"lazy\" decoding=\"async\" src=\"https:\/\/by-tv.co.uk\/wp-content\/uploads\/2025\/12\/bytv-reklam-banner.jpg\" alt=\"\"  width=\"2376\" height=\"1008\"   \/><\/a><\/div>","protected":false},"excerpt":{"rendered":"<p>T\u00fcrkiye Cumhuriyeti&#8217;nin kurulu\u015funun 100. y\u0131l d\u00f6n\u00fcm\u00fcnde \u0130ngiltere&#8217;nin Ankara B\u00fcy\u00fckel\u00e7isi Jill Morris&#8217;tan anlaml\u0131 bir kutlama mesaj\u0131 geldi. Morris, bu \u00f6zel g\u00fcn\u00fc T\u00fcrkiye ile birlikte kutlaman\u0131n onurunu ya\u015fad\u0131\u011f\u0131n\u0131 belirtti. T\u00fcrkiye&#8217;deki bas\u0131na konu\u015fan Morris, T\u00fcrkiye&#8217;nin 100 y\u0131ll\u0131k ser\u00fcvenini \u00f6vg\u00fcyle anarak, &#8220;Bug\u00fcn sadece modern T\u00fcrkiye&#8217;nin do\u011fu\u015funu de\u011fil, bir milletin vizyonunu, direncini ve kararl\u0131l\u0131\u011f\u0131n\u0131 da kutluyoruz.&#8221; dedi. \u0130ki \u00fclke aras\u0131ndaki derin tarihi ba\u011flara da de\u011finen Morris, \u0130ngiltere&#8217;nin Osmanl\u0131&#8217;ya ilk b\u00fcy\u00fckel\u00e7isini 16. y\u00fczy\u0131lda g\u00f6nderdi\u011fini hat\u0131rlatt\u0131 ve \u015f\u00f6yle devam etti: &#8220;NATO, G20 ve Avrupa Konseyi gibi uluslararas\u0131 platformlarda i\u015fbirli\u011fimiz, k\u00fcresel bar\u0131\u015f ve g\u00fcvenlik ad\u0131na b\u00fcy\u00fck bir \u00f6neme sahip. Bu ortak \u00e7al\u0131\u015fmalar, t\u00fcm d\u00fcnyada daha adil ve istikrarl\u0131 [&hellip;]<\/p>\n","protected":false},"author":1,"featured_media":17260,"comment_status":"open","ping_status":"open","sticky":false,"template":"","format":"standard","meta":{"ngg_post_thumbnail":0,"footnotes":""},"categories":[15],"tags":[],"class_list":["post-21952","post","type-post","status-publish","format-standard","has-post-thumbnail","hentry","category-ingiltere"],"_links":{"self":[{"href":"https:\/\/by-tv.co.uk\/en\/wp-json\/wp\/v2\/posts\/21952","targetHints":{"allow":["GET"]}}],"collection":[{"href":"https:\/\/by-tv.co.uk\/en\/wp-json\/wp\/v2\/posts"}],"about":[{"href":"https:\/\/by-tv.co.uk\/en\/wp-json\/wp\/v2\/types\/post"}],"author":[{"embeddable":true,"href":"https:\/\/by-tv.co.uk\/en\/wp-json\/wp\/v2\/users\/1"}],"replies":[{"embeddable":true,"href":"https:\/\/by-tv.co.uk\/en\/wp-json\/wp\/v2\/comments?post=21952"}],"version-history":[{"count":0,"href":"https:\/\/by-tv.co.uk\/en\/wp-json\/wp\/v2\/posts\/21952\/revisions"}],"wp:featuredmedia":[{"embeddable":true,"href":"https:\/\/by-tv.co.uk\/en\/wp-json\/wp\/v2\/media\/17260"}],"wp:attachment":[{"href":"https:\/\/by-tv.co.uk\/en\/wp-json\/wp\/v2\/media?parent=21952"}],"wp:term":[{"taxonomy":"category","embeddable":true,"href":"https:\/\/by-tv.co.uk\/en\/wp-json\/wp\/v2\/categories?post=21952"},{"taxonomy":"post_tag","embeddable":true,"href":"https:\/\/by-tv.co.uk\/en\/wp-json\/wp\/v2\/tags?post=21952"}],"curies":[{"name":"wp","href":"https:\/\/api.w.org\/{rel}","templated":true}]}}