{"id":21575,"date":"2023-09-22T23:41:04","date_gmt":"2023-09-22T22:41:04","guid":{"rendered":"https:\/\/by-tv.co.uk\/?p=21575"},"modified":"2023-09-26T22:31:17","modified_gmt":"2023-09-26T21:31:17","slug":"turkiyenin-onde-gelen-sanatcilari-ingilterede-muzikseverlerle-bulusuyor-kimler-geliyor","status":"publish","type":"post","link":"https:\/\/by-tv.co.uk\/en\/turkiyenin-onde-gelen-sanatcilari-ingilterede-muzikseverlerle-bulusuyor-kimler-geliyor\/","title":{"rendered":"T\u00fcrkiye&#8217;nin \u00f6nde gelen sanat\u00e7\u0131lar\u0131 \u0130ngiltere&#8217;de m\u00fczikseverlerle bulu\u015fuyor. Kimler geliyor!"},"content":{"rendered":"<p>Y\u0131l\u0131n sonlar\u0131na do\u011fru da etkinlikler durmuyor! Bu sonbahar ve k\u0131\u015f aylar\u0131nda T\u00fcrkiye&#8217;nin \u00f6nde gelen sanat\u00e7\u0131lar\u0131 \u0130ngiltere&#8217;de m\u00fczikseverlerle bulu\u015fuyor.&nbsp;<\/p>\n<p>Emir Can \u0130\u011frek, Mark Eliyahu, Seksend\u00f6rt ve Cem Adrian gibi de\u011ferli sanat\u00e7\u0131lar da takip eden aylarda \u0130ngiltere&#8217;de olacak.<\/p>\n<p>K\u0131sa s\u00fcre i\u00e7inde t\u00fckenmesi beklenen biletler i\u00e7in hemen yerinizi ay\u0131rt\u0131n ve bu benzersiz etkinliklerin bir par\u00e7as\u0131 olun!<\/p><div id=\"briti-3247044651\" class=\"briti-icerik\" style=\"margin-top: 5px;margin-bottom: 5px;\"><a href=\"https:\/\/piaryum.com\/services\/\" aria-label=\"piaryum banner\"><img loading=\"lazy\" decoding=\"async\" src=\"https:\/\/by-tv.co.uk\/wp-content\/uploads\/2025\/12\/Gemini_Generated_Image_g5yqr1g5yqr1g5yq.jpg\" alt=\"\"  width=\"2064\" height=\"1152\"   \/><\/a><\/div>\n<h3>T\u00fcrkiye&#8217;nin \u00f6nde gelen sanat\u00e7\u0131lar\u0131 \u0130ngiltere&#8217;de m\u00fczikseverlerle bulu\u015fuyor. Kimler geliyor! Gelin beraber inceleyelim<\/h3>\n<h2>UZI EL CHAVO<\/h2>\n<p>\ud83d\udcc5 Tarih: 1 Ekim 2023<br \/>\n\ud83d\udccd Mekan: Indigo at the O2<br \/>\n\ud83d\udd54 Saat: 18:30<br \/>\n\ud83c\udfab Biletler: <a href=\"http:\/\/www.axs.com\/\" target=\"_new\" rel=\"noopener\">WWW.AXS.COM<\/a><\/p>\n<p>\u0130stanbul G\u00fcng\u00f6ren&#8217;de b\u00fcy\u00fcyen isim, sokak k\u00fclt\u00fcr\u00fcne de burada a\u015fina olmu\u015ftur. 7 senedir aktif olarak rap m\u00fczik yapan gen\u00e7 rap sanat\u00e7\u0131s\u0131, \u00c7avo olarak da tan\u0131n\u0131yor.<\/p>\n<p>Rap m\u00fczik yapanlar\u0131n genelinin aksine k\u00fc\u00e7\u00fckken yaln\u0131zca rap m\u00fczi\u011fe de\u011fil, arabeske de ilgi duymu\u015f ve Azer B\u00fclb\u00fcl hayran\u0131d\u0131r. Bu ilgisini rock ve metal m\u00fczik tutkunu olan anne babas\u0131 bile a\u015famam\u0131\u015ft\u0131r.<\/p>\n<p>\u0130stanbul G\u00fcng\u00f6ren&#8217;de b\u00fcy\u00fcyen UZI, ayn\u0131 zamanda \u00c7avo olarak da bilinir. 7 y\u0131ld\u0131r aktif olarak rap m\u00fczik yapmaktad\u0131r. Sokak k\u00fclt\u00fcr\u00fc ile G\u00fcng\u00f6ren&#8217;de tan\u0131\u015fm\u0131\u015f, rap m\u00fczi\u011fin yan\u0131 s\u0131ra arabeske ve Azer B\u00fclb\u00fcl&#8217;e \u00f6zel bir ilgi duymaktad\u0131r.<\/p>\n<p><img loading=\"lazy\" decoding=\"async\" class=\"alignnone size-full wp-image-21587\" src=\"https:\/\/by-tv.co.uk\/wp-content\/uploads\/2023\/09\/uzi.jpg\" alt=\"\" width=\"1280\" height=\"1600\" title=\"\"><\/p>\n<h2>S\u0130MGE SA\u011eIN<\/h2>\n<p>\ud83d\udcc5 Tarih: 8 Ekim 2023<br \/>\n\ud83d\udccd Mekan: Islington Assembly Hall<br \/>\n\ud83d\udd54 Saat: Belirtilmedi<br \/>\n\ud83c\udfab Biletler: DICE.FM<\/p>\n<p>T\u00fcrk pop m\u00fczi\u011finin tan\u0131nm\u0131\u015f \u015fark\u0131c\u0131lar\u0131ndan Simge Sa\u011f\u0131n, Londra&#8217;ya geliyor. \u015eark\u0131c\u0131, 2010&#8217;lar\u0131n ba\u015f\u0131nda T\u00fcrk pop m\u00fczi\u011fi sahnesine ad\u0131m atm\u0131\u015f olsa da, as\u0131l \u00e7\u0131k\u0131\u015f\u0131n\u0131 2015 y\u0131l\u0131nda liste ba\u015f\u0131 olan &#8220;Mi\u015f Mi\u015f&#8221; \u015fark\u0131s\u0131 ile yapt\u0131. 8 Ekim 2023&#8217;te, GISE Event ve Mylandix Events organizasyonuyla Londra&#8217;da sevenleri i\u00e7in unutulmaz bir gece ya\u015fatacak.<\/p>\n<p><img loading=\"lazy\" decoding=\"async\" class=\"alignnone size-full wp-image-21579\" src=\"https:\/\/by-tv.co.uk\/wp-content\/uploads\/2023\/09\/simege-sagin.jpg\" alt=\"\" width=\"2048\" height=\"2048\" title=\"\"><\/p>\n<h2>EMRE AYDIN<\/h2>\n<p>\ud83d\udcc5 Tarih: 15 Ekim 2023<br \/>\n\ud83d\udccd Mekan: O2 Academy Islington<br \/>\n\ud83d\udd54 Saat: Belirtilmedi<br \/>\n\ud83c\udfab Biletler: Ticketmaster.co.uk<\/p>\n<p>Emre Ayd\u0131n, Onur Ela ile birlikte kurdu\u011fu 6. Cadde m\u00fczik grubuyla 2002 y\u0131l\u0131nda d\u00fczenlenen Sing Your Song isimli beste yar\u0131\u015fmas\u0131nda birinci oldu. 2006&#8217;da yay\u0131nlad\u0131\u011f\u0131 ilk alb\u00fcm\u00fc &#8220;Afili Yaln\u0131zl\u0131k&#8221; ile &#8220;Y\u0131l\u0131n En \u0130yi Rock M\u00fczik Sanat\u00e7\u0131s\u0131&#8221;, &#8220;Y\u0131l\u0131n En \u0130yi \u00c7\u0131k\u0131\u015f Yapan Sanat\u00e7\u0131s\u0131&#8221; ve &#8220;Y\u0131l\u0131n En \u0130yi Par\u00e7as\u0131&#8221; gibi bir\u00e7ok dalda \u00f6d\u00fcl kazand\u0131. 2008&#8217;de MTV Avrupa M\u00fczik \u00d6d\u00fclleri&#8217;nde &#8220;Avrupa&#8217;n\u0131n En Sevilen Sanat\u00e7\u0131s\u0131&#8221; se\u00e7ildi. &#8220;K\u00e2\u011f\u0131t Evler&#8221; isimli alb\u00fcm\u00fcn\u00fc 2010 y\u0131l\u0131nda piyasaya s\u00fcrd\u00fc. 2012&#8217;de yay\u0131nlanan &#8220;Beni Biraz B\u00f6yle Hat\u0131rla&#8221; adl\u0131 single \u00e7al\u0131\u015fmas\u0131nda yer alan &#8220;So\u011fuk Odalar&#8221; \u015fark\u0131s\u0131n\u0131 G\u00fclden Mutlu ile birlikte seslendirdi ve bu \u015fark\u0131 19. T\u00fcrkiye M\u00fczik \u00d6d\u00fclleri&#8217;nde &#8220;Y\u0131l\u0131n D\u00fceti&#8221; \u00f6d\u00fcl\u00fcne lay\u0131k g\u00f6r\u00fcld\u00fc.<\/p>\n<p><img loading=\"lazy\" decoding=\"async\" class=\"alignnone size-full wp-image-21585\" src=\"https:\/\/by-tv.co.uk\/wp-content\/uploads\/2023\/09\/emre-aydin.jpg\" alt=\"\" width=\"2048\" height=\"2048\" title=\"\"><\/p>\n<h2>DO\u011eU DEM\u0130RKOL<\/h2>\n<p>\ud83d\udcc5 Tarih: 26 Ekim 2023<br \/>\n\ud83d\udccd Mekan: O2 Forum Kentish Town<br \/>\n\ud83d\udd54 Saat: Belirtilmedi<br \/>\n\ud83c\udfab Biletler: Ticketmaster.co.uk<\/p>\n<p>BKM Sahne&#8217;de A\u00e7\u0131k Mikrofon adl\u0131 programda sergiledi\u011fi performansla seyirciler taraf\u0131ndan olduk\u00e7a be\u011fenilen Do\u011fu Demirkol da Londra&#8217;ya gelecek sanat\u00e7\u0131lar aras\u0131nda yer al\u0131yor. Demirkol, Ali Atay&#8217;\u0131n y\u00f6netti\u011fi &#8220;\u00d6l\u00fcml\u00fc D\u00fcnya&#8221; filmiyle de ad\u0131ndan s\u00f6z ettirmi\u015f, Ahmet M\u00fcmtaz Taylan, \u0130rem Sak ve Sarp Apak gibi tan\u0131nm\u0131\u015f oyuncularla birlikte rol alm\u0131\u015ft\u0131r. Performans\u0131 YouTube \u00fczerinde de yo\u011fun ilgi g\u00f6rm\u00fc\u015f olan Demirkol, \u015fimdi Londra&#8217;da sevenleriyle bulu\u015fmaya haz\u0131rlan\u0131yor.<\/p>\n<p><img loading=\"lazy\" decoding=\"async\" class=\"alignnone size-full wp-image-21586\" src=\"https:\/\/by-tv.co.uk\/wp-content\/uploads\/2023\/09\/dogu-demirkol.jpg\" alt=\"\" width=\"1636\" height=\"1946\" title=\"\"><\/p>\n<h2>AHMET ASLAN<\/h2>\n<p>\ud83d\udcc5 Tarih: 4 Kas\u0131m 2023<br \/>\n\ud83d\udccd Mekan: Belirtilmemi\u015f<br \/>\n\ud83d\udd54 Saat: 19:00<br \/>\n\ud83c\udfab Biletler: Bilgi Belirtilmemi\u015f<\/p>\n<p>1968 Dersim-Hozat do\u011fumlu Ahmet Aslan, m\u00fczisyen ve \u015fark\u0131c\u0131d\u0131r. \u00d6zellikle T\u00fcrk\u00e7e, K\u00fcrt\u00e7e ve Zazaca dillerindeki eserleriyle tan\u0131nan Aslan, kendine \u00f6zg\u00fc yorumlar\u0131yla dinleyicilerin kalbini kazanm\u0131\u015ft\u0131r. Sanat\u00e7\u0131n\u0131n alb\u00fcmleri, en \u00e7ok satanlar listesinde yer al\u0131rken, bir\u00e7ok film ve televizyon dizisinin m\u00fcziklerini yapm\u0131\u015f, videolar\u0131 milyonlarca kez izlenmi\u015ftir. T\u00fcrkiye&#8217;nin en sevilen ve ba\u015far\u0131l\u0131 sanat\u00e7\u0131lar\u0131ndan biri olarak kabul edilen Ahmet Aslan, yorumu ve m\u00fczik tarz\u0131yla geni\u015f kitlelerin be\u011fenisini kazanm\u0131\u015ft\u0131r. 4 Kas\u0131m 2023&#8217;te DB Music London organizasyonunda sevenleriyle bulu\u015facak olan sanat\u00e7\u0131, kendine has tarz\u0131 ve enerjisiyle sahnede olacak.<\/p>\n<p><img loading=\"lazy\" decoding=\"async\" class=\"alignnone size-full wp-image-21667\" src=\"https:\/\/by-tv.co.uk\/wp-content\/uploads\/2023\/09\/ahmet-aslan-londraya-geliyor-1.png\" alt=\"\" width=\"750\" height=\"450\" title=\"\"><\/p>\n<h2>TANER \u00c7A\u011eLI<\/h2>\n<p>\ud83d\udcc5 Tarih: 5 Kas\u0131m 2023<br \/>\n\ud83d\udccd Mekan: Shaw Theatre<br \/>\n\ud83d\udd54 Saat: Belirtilmedi<br \/>\n\ud83c\udfab Biletler: Shaw-Theatre.com<\/p>\n<p>Geli\u015ftirdi\u011fi \u0130ngilizce \u00f6\u011frenme sistemi ile Taner \u00c7a\u011fl\u0131&#8217;n\u0131n hayat\u0131 de\u011fi\u015fti. On binlerce ki\u015fiye, aralar\u0131nda \u00fcnl\u00fc isimlerin de bulundu\u011fu bir kitleye \u0130ngilizce \u00f6\u011fretti. \u015eimdi bir sosyal medya fenomeni olan \u00c7a\u011fl\u0131, &#8220;\u0130ngilizcenin matemati\u011fini yazan adam&#8221; olarak da tan\u0131n\u0131yor ve T\u00fcrkiye&#8217;nin en \u00e7ok kazanan \u0130ngilizce \u00f6\u011fretmenlerinden biri.<\/p>\n<p>2009 y\u0131l\u0131nda, 22 ya\u015f\u0131nda, \u00e7eviri yapabilen bir robot yaz\u0131l\u0131m\u0131 geli\u015ftirme hayaliyle Do\u011fu Akdeniz \u00dcniversitesi \u00c7evirmenlik B\u00f6l\u00fcm\u00fc&#8217;nden mezun oldu. O d\u00f6nemde, bu fikir pek \u00e7ok ki\u015fi taraf\u0131ndan m\u00fcmk\u00fcn g\u00f6r\u00fclm\u00fcyordu, fakat \u00c7a\u011fl\u0131 bu hayaline inanarak \u0130stanbul&#8217;a ta\u015f\u0131nd\u0131. Yaz\u0131l\u0131mla ilgili t\u00fcm haz\u0131rl\u0131klar\u0131 tamamlam\u0131\u015f olmas\u0131na ra\u011fmen, projeye inanacak bir yat\u0131r\u0131mc\u0131 veya sponsor bulmak kolay olmad\u0131. Bu s\u00fcre\u00e7te, dil okullar\u0131nda bir y\u0131l boyunca \u0130ngilizce \u00f6\u011fretmenli\u011fi yapt\u0131 ve T\u00fcrklerin \u0130ngilizce \u00f6\u011frenirken ya\u015fad\u0131klar\u0131 zorluklar\u0131 yak\u0131ndan g\u00f6zlemleme f\u0131rsat\u0131 buldu. Bu deneyim, onun \u0130ngilizce \u00f6\u011fretme y\u00f6ntemini geli\u015ftirmesine ve e\u011fitim alan\u0131ndaki ser\u00fcvenine ba\u015flamas\u0131na vesile oldu.<\/p>\n<p><img loading=\"lazy\" decoding=\"async\" class=\"alignnone size-full wp-image-21580\" src=\"https:\/\/by-tv.co.uk\/wp-content\/uploads\/2023\/09\/taner-cagil.jpg\" alt=\"\" width=\"2048\" height=\"2048\" title=\"\"><\/p>\n<p>&nbsp;<\/p>\n<h2>LVBEL C5 &amp; BLOK 3<\/h2>\n<p>\ud83d\udcc5 Tarih: 19 Kas\u0131m 2023<br \/>\n\ud83d\udccd Mekan: Islington Assembly Hall<br \/>\n\ud83d\udd54 Saat: Belirtilmedi<br \/>\n\ud83c\udfab Biletler: <a href=\"http:\/\/www.dice.fm\/\" target=\"_new\" rel=\"noopener\">WWW.DICE.FM<\/a><\/p>\n<p>2019 y\u0131l\u0131nda &#8220;Drop&#8221; adl\u0131 \u015fark\u0131yla m\u00fczikal kariyerine ba\u015flayan Lvbel C5, as\u0131l \u00e7\u0131k\u0131\u015f\u0131n\u0131 2021 y\u0131l\u0131nda &#8220;Ralli&#8221; \u015fark\u0131s\u0131yla yapm\u0131\u015ft\u0131r. 2022 y\u0131l\u0131nda &#8220;C5MODE&#8221; adl\u0131 bir alb\u00fcm yay\u0131mlam\u0131\u015ft\u0131r.<\/p>\n<p>\u00c7ocuklu\u011fundan beri rap m\u00fczikle ilgilenen Blok 3, &#8220;Okey Okey&#8221; ve &#8220;Ciro&#8221; isimli iki \u015fark\u0131s\u0131yla viral olmu\u015ftur.<\/p>\n<p><img loading=\"lazy\" decoding=\"async\" class=\"alignnone size-full wp-image-21590\" src=\"https:\/\/by-tv.co.uk\/wp-content\/uploads\/2023\/09\/lvbel.jpg\" alt=\"\" width=\"1920\" height=\"1920\" title=\"\"><\/p>\n<h2>SELDA BA\u011eCAN<\/h2>\n<p>\ud83d\udcc5 Tarih: 26 Kas\u0131m 2023<br \/>\n\ud83d\udccd Mekan: KOKO Camden<br \/>\n\ud83d\udd54 Saat: Belirtilmedi<br \/>\n\ud83c\udfab Biletler: SeeTickets.com<\/p>\n<p>Ge\u00e7en y\u0131l aral\u0131k ay\u0131ndaki Londra konseri sa\u011fl\u0131k sorunlar\u0131 nedeniyle iptal edilen Selda Ba\u011fcan, 26 Kas\u0131m\u2019da Londra\u2019da sevenleriyle bulu\u015fmak i\u00e7in g\u00fcn say\u0131yor. Konser, Camden Town\u2019daki Koko\u2019da ger\u00e7ekle\u015ftirilecek. 74 ya\u015f\u0131ndaki \u015fark\u0131c\u0131n\u0131n eserlerine yap\u0131lan miksler son y\u0131llarda d\u00fcnya \u00e7ap\u0131nda \u00f6zellikle \u2018psychedelic\u2019 m\u00fczik t\u00fcr\u00fcn\u00fc sevenlerin yo\u011fun ilgisini \u00e7ekiyor. \u00dcn\u00fc d\u00fcnya \u00e7ap\u0131na yay\u0131lan sanat\u00e7\u0131, yapt\u0131\u011f\u0131 yurt d\u0131\u015f\u0131 turneleriyle hayranlar\u0131yla s\u0131k s\u0131k bir araya geliyor.<\/p>\n<p>T\u00fcrk \u015fark\u0131c\u0131 ve bestecidir. \u00c7\u0131k\u0131\u015f yapt\u0131\u011f\u0131 1970&#8217;lerden itibaren T\u00fcrkiye&#8217;de ve d\u00fcnya genelinde tan\u0131narak T\u00fcrk halk m\u00fczi\u011fi ve Anadolu rock tarzlar\u0131nda \u015fark\u0131lar yapt\u0131. \u015eark\u0131lar\u0131n\u0131n bir k\u0131sm\u0131nda siyasi ve toplumsal ele\u015ftirilere yer vererek protest m\u00fczi\u011fin \u00fclkesindeki temsilcilerinden biri oldu.<\/p>\n<p><img loading=\"lazy\" decoding=\"async\" class=\"alignnone size-full wp-image-21582\" src=\"https:\/\/by-tv.co.uk\/wp-content\/uploads\/2023\/09\/selda-bagcan.jpg\" alt=\"\" width=\"2048\" height=\"2048\" title=\"\"><\/p>\n<h2>SEM\u0130CENK<\/h2>\n<p>\ud83d\udcc5 Tarih: 3 Aral\u0131k 2023<br \/>\n\ud83d\udccd Mekan: O2 Forum Kentish Town<br \/>\n\ud83d\udd54 Saat: Belirtilmedi<br \/>\n\ud83c\udfab Biletler: <a href=\"http:\/\/www.ticketmaster.co.uk\/\" target=\"_new\" rel=\"noopener\">WWW.TICKETMASTER.CO.UK<\/a>&nbsp;<\/p>\n<p>2019 y\u0131l\u0131nda O Ses T\u00fcrkiye yar\u0131\u015fmas\u0131na kat\u0131lan Semicenk, Hadise&#8217;nin tak\u0131m\u0131nda yar\u0131\u015fm\u0131\u015f ve yar\u0131 finale kadar ilerlemi\u015ftir. Kendi s\u00f6z ve m\u00fczi\u011fiyle olu\u015fturdu\u011fu &#8220;D\u00fc\u015fer Akl\u0131ma&#8221; \u015fark\u0131s\u0131yla dikkat \u00e7ekmi\u015f ve \u015fark\u0131 8 Aral\u0131k 2021&#8217;de YouTube&#8217;da 20 milyondan fazla dinlenmi\u015ftir.<\/p>\n<p><img loading=\"lazy\" decoding=\"async\" class=\"alignnone size-full wp-image-21592\" src=\"https:\/\/by-tv.co.uk\/wp-content\/uploads\/2023\/09\/semicenk.jpg\" alt=\"\" width=\"1600\" height=\"1600\" title=\"\"><\/p>\n<h2>EM\u0130R CAN \u0130\u011eREK<\/h2>\n<p>\ud83d\udcc5 Tarih: 10 Aral\u0131k 2023<br \/>\n\ud83d\udccd Mekan: O2 Forum Kentish Town<br \/>\n\ud83d\udd54 Saat: Belirtilmedi<br \/>\n\ud83c\udfab Biletler: Ticketmaster.co.uk<\/p>\n<p>2018 y\u0131l\u0131nda ilk uzun\u00e7alar alb\u00fcm\u00fc &#8220;A\u011f\u0131r Roman&#8221; ile m\u00fczik sahnesine ad\u0131m atan Emir Can \u0130\u011frek, 2019&#8217;da &#8220;Nalan&#8221; adl\u0131 \u015fark\u0131s\u0131yla b\u00fcy\u00fck bir \u00e7\u0131k\u0131\u015f yakalad\u0131. \u015eark\u0131c\u0131, 2020 PowerT\u00fcrk M\u00fczik \u00d6d\u00fclleri&#8217;nde &#8220;Y\u0131l\u0131n En G\u00fc\u00e7l\u00fc \u00c7\u0131k\u0131\u015f Yapan \u015eark\u0131c\u0131s\u0131&#8221; \u00f6d\u00fcl\u00fcne lay\u0131k g\u00f6r\u00fcld\u00fc. \u0130\u011frek, bir\u00e7ok sanat\u00e7\u0131ya da beste veriyor ve yeni par\u00e7alar\u0131n\u0131n haz\u0131rl\u0131klar\u0131na Kad\u0131k\u00f6y&#8217;deki st\u00fcdyosunda devam ediyor.<\/p>\n<p>Son d\u00f6nemde sosyal medyan\u0131n da en \u00e7ok konu\u015ftu\u011fu konular aras\u0131nda yer alan &#8220;Ali Cabbar&#8221; \u015fark\u0131s\u0131 da \u0130\u011frek&#8217;in &#8220;Parti \u0130ptal&#8221; alb\u00fcm\u00fcn\u00fcn par\u00e7alar\u0131ndan biri. \u015eark\u0131, sevdi\u011fine kavu\u015famayan bir gencin \u00fcz\u00fcc\u00fc hikayesini anlat\u0131yor ve bu hikayenin ger\u00e7ek olup olmad\u0131\u011f\u0131 b\u00fcy\u00fck bir merak konusu. \u015eark\u0131n\u0131n k\u0131sa s\u00fcre i\u00e7inde geni\u015f bir dinleyici kitlesi taraf\u0131ndan benimsenmesi, Emir Can \u0130\u011frek&#8217;in y\u00fckselen y\u0131ld\u0131z\u0131n\u0131n ne denli parlak oldu\u011funu bir kez daha g\u00f6steriyor.<\/p>\n<p><img loading=\"lazy\" decoding=\"async\" class=\"alignnone size-full wp-image-21578\" src=\"https:\/\/by-tv.co.uk\/wp-content\/uploads\/2023\/09\/emir-can-igrek.jpg\" alt=\"\" width=\"1024\" height=\"1024\" title=\"\"><\/p>\n<h2>MURDA<\/h2>\n<p>\ud83d\udcc5 Tarih: 15 Aral\u0131k 2023<br \/>\n\ud83d\udccd Mekan: O2 Forum Kentish Town<br \/>\n\ud83d\udd54 Saat: Belirtilmedi<br \/>\n\ud83c\udfab Biletler: <a href=\"http:\/\/www.murda.world.com\/\" target=\"_new\" rel=\"noopener\">WWW.MURDA.WORLD.COM<\/a><\/p>\n<p>Murda, Hollanda&#8217;n\u0131n Amsterdam \u015fehrinde do\u011fmu\u015f, bir d\u00f6nem Madrid&#8217;de ya\u015fam\u0131\u015f ve daha sonra Hollanda&#8217;ya d\u00f6nerek m\u00fczik kariyerine ba\u015flam\u0131\u015ft\u0131r. 2008 y\u0131l\u0131nda ilk EP&#8217;sini yay\u0131mlam\u0131\u015ft\u0131r. Ezhel ile YouTube \u00fczerinden tan\u0131\u015fm\u0131\u015f ve T\u00fcrkiye&#8217;de kariyer yapmaya karar vermi\u015ftir. &#8220;Aya&#8221; isimli \u015fark\u0131s\u0131 YouTube&#8217;da 140 milyon izlenme alm\u0131\u015ft\u0131r. Ezhel ve Murda son olarak &#8220;Made In Turkey&#8221; isimli bir \u015fark\u0131 \u00e7\u0131karm\u0131\u015flard\u0131r.<\/p>\n<h2>EZHEL<\/h2>\n<p>\ud83d\udcc5 Tarih: 20 Ocak 2024<br \/>\n\ud83d\udccd Mekan: Indigo at the O2<br \/>\n\ud83d\udd54 Saat: Belirtilmedi<br \/>\n\ud83c\udfab Biletler: <a href=\"http:\/\/www.axs.com\/\" target=\"_new\" rel=\"noopener\">WWW.AXS.COM<\/a> OR <a href=\"http:\/\/www.xactivities.co.uk\/\" target=\"_new\" rel=\"noopener\">WWW.XACTIVITIES.CO.UK<\/a><\/p>\n<p>Ezhel, 2017 y\u0131l\u0131nda yay\u0131mlad\u0131\u011f\u0131 &#8220;M\u00fcptezhel&#8221; adl\u0131 ilk st\u00fcdyo alb\u00fcm\u00fc ile tan\u0131nm\u0131\u015ft\u0131r ve T\u00fcrk\u00e7e rap sahnesinin \u00f6nde gelen m\u00fczisyenlerinden biri olmu\u015ftur.<img loading=\"lazy\" decoding=\"async\" class=\"alignnone size-full wp-image-21588\" src=\"https:\/\/by-tv.co.uk\/wp-content\/uploads\/2023\/09\/ezhel.jpg\" alt=\"\" width=\"828\" height=\"1017\" title=\"\"><\/p>\n<h3>KURTULU\u015e KU\u015e &amp; BURAK BULUT + FER\u0130DE H\u0130LAL AKIN<\/h3>\n<p>\ud83d\udcc5 Tarih: 18 \u015eubat 2024<br \/>\n\ud83d\udccd Mekan: Islington Assembly Hall<br \/>\n\ud83d\udd54 Saat: Belirtilmedi<br \/>\n\ud83c\udfab Biletler: <a href=\"http:\/\/www.dice.fm\/\" target=\"_new\" rel=\"noopener\">WWW.DICE.FM<\/a><\/p>\n<p>Ses sanat\u00e7\u0131s\u0131 ve bestekar Ramazan Ku\u015f&#8217;un da o\u011flu olan sanat\u00e7\u0131, Burak Bulut ile seslendirdi\u011fi Sevmedim Deme \u015fark\u0131s\u0131 ile dikkat \u00e7ektiler. Ah Bu \u015eark\u0131lar, El \u0130nsaf, Nab\u0131z, Leyla Mecnun, R\u00fcya Gibi \u015fark\u0131lar\u0131n\u0131 \u00e7\u0131karan Kurtulu\u015f Ku\u015f son d\u00fceti ile yeniden g\u00fcndeme geldi.<\/p>\n<p>Feride Hilal Ak\u0131n Sosyal Medya \u00fczerinde s\u0131k\u00e7a dinlenilen m\u00fczisyenler aras\u0131nda. Gen\u00e7 \u015fark\u0131c\u0131 ayn\u0131 zamanda dizi oyunculu\u011fu da yap\u0131yor.<br \/>\nFeride Hilal Ak\u0131n sosyal medyadan yapt\u0131\u011f\u0131 m\u00fczik payla\u015f\u0131mlar\u0131 ile geni\u015f bir hayran kitlesine ula\u015ft\u0131. Enbe Orkestras\u0131 ile \u00e7\u0131kard\u0131\u011f\u0131 Bilir mi? \u015fark\u0131s\u0131 \u00e7ok sevildi. \u0130lyas Yal\u00e7\u0131nta\u015f gibi isimlerle d\u00fcet yapan Feride Hilal Ak\u0131n\u2019\u0131n Gizli A\u015fk \u015fark\u0131s\u0131 da b\u00fcy\u00fck \u00e7\u0131k\u0131\u015f yakalad\u0131. Feride Hilal Ak\u0131n\u2019\u0131n, ilk oyunculuk deneyimi, Yeni Gelin dizisindeki \u015eirin karakteridir. Diziye; Yeni Gelin\u2019in jenerik m\u00fczi\u011fini s\u00f6ylemek i\u00e7in st\u00fcdyodayken dizinin hem y\u00f6netmeni hem de yazar\u0131 Ersoy G\u00fcler&#8217;le tan\u0131\u015fmas\u0131yla dahil olmu\u015ftur.<\/p>\n<p><img loading=\"lazy\" decoding=\"async\" class=\"alignnone size-full wp-image-21589\" src=\"https:\/\/by-tv.co.uk\/wp-content\/uploads\/2023\/09\/feride.jpg\" alt=\"\" width=\"1600\" height=\"1600\" title=\"\"><\/p>\n<h2>SANCAK<\/h2>\n<p>\ud83d\udcc5 Tarih: 18 \u015eubat 2024<br \/>\n\ud83d\udccd Mekan: Islington Assembly Hall<br \/>\n\ud83d\udd54 Saat: Belirtilmedi<br \/>\n\ud83c\udfab Biletler: <a href=\"http:\/\/www.dice.fm\/\" target=\"_new\" rel=\"noopener\">WWW.DICE.FM<\/a> &nbsp;<\/p>\n<p>2010 y\u0131l\u0131nda ilk alb\u00fcm\u00fc &#8220;Resim&#8221; ile m\u00fczik piyasas\u0131na giri\u015f yapan Sancak, Eski\u015fehir OG\u00dc Fizik B\u00f6l\u00fcm\u00fc&#8217;nde e\u011fitim alm\u0131\u015ft\u0131r. Rap&#8217;tan pop&#8217;a ge\u00e7i\u015f yapm\u0131\u015f gibi g\u00f6r\u00fcnse de h\u00e2l\u00e2 rap m\u00fczi\u011fe s\u0131k\u0131 ba\u011fl\u0131d\u0131r. Son d\u00f6nemde &#8220;Ya\u011fmur&#8221;, &#8220;\u00c7\u0131k Akl\u0131mdan&#8221;, &#8220;Korkma S\u00f6yle&#8221;, &#8220;Gel Art\u0131k&#8221;, &#8220;Darmaduman&#8221;, &#8220;U\u00e7urum&#8221;, &#8220;G\u00fcn Olur Beni Unutursan&#8221; gibi hit par\u00e7alarla dikkat \u00e7ekmi\u015ftir. Yapt\u0131\u011f\u0131 bir\u00e7ok \u015fark\u0131da kendi imzas\u0131n\u0131 ta\u015f\u0131maktad\u0131r.<\/p>\n<p><img loading=\"lazy\" decoding=\"async\" class=\"alignnone size-full wp-image-21591\" src=\"https:\/\/by-tv.co.uk\/wp-content\/uploads\/2023\/09\/sancak.jpg\" alt=\"\" width=\"1920\" height=\"1920\" title=\"\"><\/p>\n<h2>MARK ELIYAHU<\/h2>\n<p>\ud83d\udcc5 Tarih: 28 \u015eubat 2024<br \/>\n\ud83d\udccd Mekan: Clapham Grand<br \/>\n\ud83d\udd54 Saat: Belirtilmedi<br \/>\n\ud83c\udfab Biletler: ClaphamGrand.com<\/p>\n<p>Ad\u0131n\u0131 ilk duydu\u011funuzda \u0130srailli bir sanat\u00e7\u0131 oldu\u011funu d\u00fc\u015f\u00fcnebilece\u011finiz Mark Eliyahu, asl\u0131nda Da\u011f\u0131stan do\u011fumlu. Daha sonra \u0130srail&#8217;e g\u00f6\u00e7 eden Eliyahu, m\u00fczik kariyerine bu \u00fclkede ba\u015flad\u0131. Enstr\u00fcmantal m\u00fczik alan\u0131nda Kaman\u00e7a ad\u0131 verilen enstr\u00fcman\u0131 kullan\u0131yor. Azerbaycan ve \u0130ran k\u00fclt\u00fcr\u00fcn\u00fcn \u00f6nemli bir par\u00e7as\u0131 olan kaman\u00e7ay\u0131, kendine \u00f6zg\u00fc bir tarzda yorumlayan Eliyahu, olu\u015fturdu\u011fu m\u00fcziklerle d\u00fcnya \u00e7ap\u0131nda tan\u0131nmay\u0131 ba\u015fard\u0131.<\/p>\n<p>E\u011fer enstr\u00fcmantel m\u00fcziklere bir ilginiz varsa ve Anna RF grubunun m\u00fczikleriyle daha \u00f6nce kar\u015f\u0131la\u015ft\u0131ysan\u0131z, Mark Eliyahu&#8217;nun m\u00fczikleri de size bir yerlerden tan\u0131d\u0131k gelecektir. Eliyahu&#8217;nun bu \u00f6zg\u00fcn yorumu, onu global m\u00fczik sahnesinin dikkat \u00e7eken isimlerinden biri haline getiriyor.<\/p>\n<p><img loading=\"lazy\" decoding=\"async\" class=\"alignnone size-full wp-image-21584\" src=\"https:\/\/by-tv.co.uk\/wp-content\/uploads\/2023\/09\/mark-eliyahu.jpg\" alt=\"\" width=\"2048\" height=\"2048\" title=\"\"><\/p>\n<h2>SEKSEND\u00d6RT<\/h2>\n<p>\ud83d\udcc5 Tarih: 12 Nisan 2024<br \/>\n\ud83d\udccd Mekan: Electric Ballroom<br \/>\n\ud83d\udd54 Saat: Belirtilmedi<br \/>\n\ud83c\udfab Biletler: SeeTickets.com<\/p>\n<p>Tamam\u0131 Ankaral\u0131 d\u00f6rt m\u00fczisyenden olu\u015fan grup Seksend\u00f6rt, m\u00fczik sahnesine ilk ad\u0131mlar\u0131n\u0131 \u0130ngilizce cover ve bestelerle att\u0131. Grupta Tuna Veliba\u015fo\u011flu solist ve gitar, Okan Ozen bas gitar, Erdem Ocak gitar ve Serter Karadeniz davul \u00e7al\u0131yor. \u0130lk y\u0131llar\u0131n\u0131n ard\u0131ndan T\u00fcrk\u00e7e coverlar ve sanat m\u00fczi\u011fi repertuar\u0131na da el atan grup, 2001 y\u0131l\u0131nda &#8220;De\u011fi\u015ftir Kendini&#8221; isimli ilk T\u00fcrk\u00e7e bestelerini yapt\u0131. 2003 y\u0131l\u0131nda ise &#8220;\u00d6l\u00fcr\u00fcm Hasretinle&#8221; adl\u0131 par\u00e7ay\u0131 bestelediler. Grup, Okan Ozen&#8217;in de kat\u0131l\u0131m\u0131yla 2004 y\u0131l\u0131nda son halini ald\u0131.<\/p>\n<p>Seksend\u00f6rt&#8217;\u00fcn ilk alb\u00fcm\u00fc, grubun ad\u0131n\u0131 ta\u015f\u0131yor ve alb\u00fcmde yer alan 10 \u015fark\u0131n\u0131n s\u00f6z ve m\u00fczikleri de gruba ait. Bu alb\u00fcmle birlikte Seksend\u00f6rt, T\u00fcrk m\u00fczik sahnesinde dikkat \u00e7eken bir yer edindi.<\/p>\n<p><img loading=\"lazy\" decoding=\"async\" class=\"alignnone size-full wp-image-21583\" src=\"https:\/\/by-tv.co.uk\/wp-content\/uploads\/2023\/09\/seksendort.jpg\" alt=\"\" width=\"1636\" height=\"2002\" title=\"\"><\/p>\n<h2>CEM ADR\u0130AN<\/h2>\n<p>\ud83d\udcc5 Tarih: 27 Nisan 2024<br \/>\n\ud83d\udccd Mekan: Indigo at The O2<br \/>\n\ud83d\udd54 Saat: 20:00<br \/>\n\ud83c\udfab Biletler: AXS.com<\/p>\n<p>Cem Adrian, T\u00fcrkiye&#8217;nin tan\u0131nm\u0131\u015f m\u00fczisyen, besteci ve yap\u0131mc\u0131lar\u0131ndan biridir. Ortalama bir insana g\u00f6re 3 kat daha uzun ses telleri ve 4.5 oktavl\u0131k ses geni\u015fli\u011fi ile dikkat \u00e7eker. \u0130lgin\u00e7 bir \u015fekilde, falc\u0131l\u0131k yaparken ke\u015ffedilmi\u015f ve bu sayede T\u00fcrkiye&#8217;nin en \u00fcnl\u00fc seslerinden biri haline gelmi\u015ftir. Ola\u011fan\u00fcst\u00fc ses yetene\u011fi ve yarat\u0131c\u0131 yakla\u015f\u0131mlar\u0131yla T\u00fcrk m\u00fczik sahnesinde kendine \u00f6zg\u00fc bir yer edinmi\u015ftir.<\/p>\n<p><a href=\"https:\/\/by-tv.co.uk\/en\/cem-adrian-londrada-konser-verdi\/\">Cem Adrian<\/a>, as\u0131l ad\u0131yla Cem Filiz, 30 Kas\u0131m 1980 tarihinde Edirne&#8217;de do\u011fmu\u015f, Bo\u015fnak k\u00f6kenli bir ailenin ikinci \u00e7ocu\u011fudur. M\u00fczikle ilgilenmeye ortaokul y\u0131llar\u0131nda ba\u015flayan Adrian, bir radyoda 6 y\u0131l boyunca \u00e7al\u0131\u015fm\u0131\u015f ve yay\u0131n y\u00f6netmenli\u011fi seviyesine kadar y\u00fckselmi\u015ftir. \u0130stanbul&#8217;da bir kafede falc\u0131 olarak \u00e7al\u0131\u015f\u0131rken Demet Sa\u011f\u0131ro\u011flu ile tan\u0131\u015fm\u0131\u015f ve kay\u0131tlar\u0131n\u0131 Faz\u0131l Say&#8217;a ula\u015ft\u0131rm\u0131\u015ft\u0131r. Bu d\u00f6nemde Bilkent \u00dcniversitesi M\u00fczik ve Sahne Sanatlar\u0131 Fak\u00fcltesinde 2 y\u0131l e\u011fitim alm\u0131\u015ft\u0131r.<\/p>\n<p>\u015eu anda 42 ya\u015f\u0131nda olan Cem Adrian, ilk alb\u00fcm\u00fcn\u00fc 25 ya\u015f\u0131nda piyasaya s\u00fcrm\u00fc\u015ft\u00fcr. Sahne ismi &#8216;Adrian&#8217;\u0131, do\u011fdu\u011fu \u015fehir Edirne&#8217;nin antik ismi Hadrianoupolis&#8217;ten esinlenerek kullanmaktad\u0131r. 5 oktava kadar \u00e7\u0131kabilen nadir seslerden birine sahiptir.<\/p>\n<p>Adrian, m\u00fczik kariyeri boyunca bir\u00e7ok alb\u00fcm \u00e7\u0131karm\u0131\u015ft\u0131r. Bunlara \u00f6rnek olarak; &#8220;Ben Bu \u015eark\u0131y\u0131 Sana Yazd\u0131m&#8221; (2005), &#8220;A\u015fk Bu Gece \u015eehri Terk Etti&#8221; (2006), &#8220;Kay\u0131p \u00c7ocuk Masallar\u0131&#8221; (2010), &#8220;Siyah Bir Veda \u00d6p\u00fcc\u00fc\u011f\u00fc&#8221; (2012) ve en son &#8220;G\u00f6ky\u00fcz\u00fcn\u00fcn Y\u0131ld\u0131zlar\u0131&#8221; (2022) alb\u00fcmleri say\u0131labilir. Adrian&#8217;\u0131n m\u00fczik tarz\u0131 ve ses yetene\u011fi, onu T\u00fcrk m\u00fczik d\u00fcnyas\u0131nda \u00f6zg\u00fcn ve de\u011ferli bir sanat\u00e7\u0131 yapmaktad\u0131r.<\/p>\n<p><img loading=\"lazy\" decoding=\"async\" class=\"alignnone size-full wp-image-21581\" src=\"https:\/\/by-tv.co.uk\/wp-content\/uploads\/2023\/09\/cem-adrian.jpg\" alt=\"\" width=\"1080\" height=\"1080\" title=\"\"><\/p>\n<h2>HAD\u0130SE<\/h2>\n<p>\ud83d\udcc5 Tarih: 5 May\u0131s 2024<br \/>\n\ud83d\udccd Mekan: Indigo at the O2<br \/>\n\ud83d\udd54 Saat: 20:00<br \/>\n\ud83c\udfab Biletler: <a href=\"http:\/\/www.axs.com\/\" target=\"_new\" rel=\"noopener\">WWW.AXS.COM<\/a><\/p>\n<p>Profesyonel m\u00fczik kariyeri 2004 y\u0131l\u0131nda yay\u0131nlanan &#8220;Sweat&#8221; isimli single \u00e7al\u0131\u015fmas\u0131yla ba\u015flad\u0131.2005 y\u0131l\u0131nda piyasaya \u00e7\u0131kan &#8220;Stir Me Up&#8221; ile Avrupa&#8217;da \u00fcnlendi. Ayn\u0131 y\u0131l yay\u0131nlanan &#8220;Milk Chocolate Girl&#8221; Hadise&#8217;nin lakab\u0131 haline geldi.&#8221;Ain&#8217;t No Love Lost&#8221; 2006&#8217;da piyasaya s\u00fcr\u00fcld\u00fc ve \u015fark\u0131n\u0131n &#8220;Burday\u0131m&#8221; ismiyle T\u00fcrk\u00e7e bir s\u00fcr\u00fcm\u00fc olu\u015fturuldu. 2008 y\u0131l\u0131nda T\u00fcrk\u00e7e par\u00e7alara da yer verdi\u011fi ilk alb\u00fcm\u00fcn\u00fc kendi ismiyle yay\u0131nlad\u0131.2009&#8217;da tamam\u0131 T\u00fcrk\u00e7e \u015fark\u0131lardan olu\u015fan &#8220;Kahraman&#8221; alb\u00fcm\u00fc sat\u0131\u015fa sunuldu. &#8220;D\u00fcm Tek Tek&#8221; adl\u0131 \u015fark\u0131yla T\u00fcrkiye&#8217;yi temsil etti\u011fi 2009 Eurovision \u015eark\u0131 Yar\u0131\u015fmas\u0131&#8217;nda d\u00f6rd\u00fcnc\u00fc oldu.2011 y\u0131l\u0131nda yay\u0131nlanan &#8220;A\u015fk Ka\u00e7 Beden Giyer&#8221; alb\u00fcm\u00fcyle \u00f6nemli liste ba\u015far\u0131lar\u0131 elde etti.<\/p>\n<p><img loading=\"lazy\" decoding=\"async\" class=\"alignnone size-full wp-image-21593\" src=\"https:\/\/by-tv.co.uk\/wp-content\/uploads\/2023\/09\/hadise.jpg\" alt=\"\" width=\"1284\" height=\"1788\" title=\"\"><\/p>\n<p>\ud83d\udccc Bilet ve detayl\u0131 bilgi i\u00e7in konseri d\u00fczenleyen etkinlik firma web sitelerini ziyaret edebilir veya <strong><a href=\"https:\/\/linktr.ee\/eva.couk\" target=\"_blank\" rel=\"noopener\">https:\/\/linktr.ee\/eva.couk<\/a><\/strong> linkenden bir\u00e7ok konserin bilet sat\u0131n alma ba\u011flant\u0131s\u0131n\u0131 bir arada bulabilirsiniz.<\/p>\n<p>&nbsp;<\/p>\n<div id=\"briti-894239688\" class=\"briti-icerikten-sonra_2\" style=\"margin-top: 25px;margin-bottom: 25px;\"><a href=\"https:\/\/wa.me\/message\/NDZLLIOQT4H3O1\" aria-label=\"bytv reklam banner\"><img loading=\"lazy\" decoding=\"async\" src=\"https:\/\/by-tv.co.uk\/wp-content\/uploads\/2025\/12\/bytv-reklam-banner.jpg\" alt=\"\"  width=\"2376\" height=\"1008\"   \/><\/a><\/div>","protected":false},"excerpt":{"rendered":"<p>Y\u0131l\u0131n sonlar\u0131na do\u011fru da etkinlikler durmuyor! Bu sonbahar ve k\u0131\u015f aylar\u0131nda T\u00fcrkiye&#8217;nin \u00f6nde gelen sanat\u00e7\u0131lar\u0131 \u0130ngiltere&#8217;de m\u00fczikseverlerle bulu\u015fuyor.&nbsp; Emir Can \u0130\u011frek, Mark Eliyahu, Seksend\u00f6rt ve Cem Adrian gibi de\u011ferli sanat\u00e7\u0131lar da takip eden aylarda \u0130ngiltere&#8217;de olacak. K\u0131sa s\u00fcre i\u00e7inde t\u00fckenmesi beklenen biletler i\u00e7in hemen yerinizi ay\u0131rt\u0131n ve bu benzersiz etkinliklerin bir par\u00e7as\u0131 olun! T\u00fcrkiye&#8217;nin \u00f6nde gelen sanat\u00e7\u0131lar\u0131 \u0130ngiltere&#8217;de m\u00fczikseverlerle bulu\u015fuyor. Kimler geliyor! Gelin beraber inceleyelim UZI EL CHAVO \ud83d\udcc5 Tarih: 1 Ekim 2023 \ud83d\udccd Mekan: Indigo at the O2 \ud83d\udd54 Saat: 18:30 \ud83c\udfab Biletler: WWW.AXS.COM \u0130stanbul G\u00fcng\u00f6ren&#8217;de b\u00fcy\u00fcyen isim, sokak k\u00fclt\u00fcr\u00fcne de burada a\u015fina olmu\u015ftur. 7 senedir aktif olarak rap [&hellip;]<\/p>\n","protected":false},"author":1,"featured_media":21594,"comment_status":"open","ping_status":"open","sticky":false,"template":"","format":"standard","meta":{"ngg_post_thumbnail":0,"footnotes":""},"categories":[15,1167],"tags":[5080,5083,5081,149,228,4639,5082],"class_list":["post-21575","post","type-post","status-publish","format-standard","has-post-thumbnail","hentry","category-ingiltere","category-music","tag-ezhel","tag-feride-hilal-akin","tag-hadise","tag-ingiltere","tag-londra","tag-londra-konser","tag-uzi"],"_links":{"self":[{"href":"https:\/\/by-tv.co.uk\/en\/wp-json\/wp\/v2\/posts\/21575","targetHints":{"allow":["GET"]}}],"collection":[{"href":"https:\/\/by-tv.co.uk\/en\/wp-json\/wp\/v2\/posts"}],"about":[{"href":"https:\/\/by-tv.co.uk\/en\/wp-json\/wp\/v2\/types\/post"}],"author":[{"embeddable":true,"href":"https:\/\/by-tv.co.uk\/en\/wp-json\/wp\/v2\/users\/1"}],"replies":[{"embeddable":true,"href":"https:\/\/by-tv.co.uk\/en\/wp-json\/wp\/v2\/comments?post=21575"}],"version-history":[{"count":0,"href":"https:\/\/by-tv.co.uk\/en\/wp-json\/wp\/v2\/posts\/21575\/revisions"}],"wp:featuredmedia":[{"embeddable":true,"href":"https:\/\/by-tv.co.uk\/en\/wp-json\/wp\/v2\/media\/21594"}],"wp:attachment":[{"href":"https:\/\/by-tv.co.uk\/en\/wp-json\/wp\/v2\/media?parent=21575"}],"wp:term":[{"taxonomy":"category","embeddable":true,"href":"https:\/\/by-tv.co.uk\/en\/wp-json\/wp\/v2\/categories?post=21575"},{"taxonomy":"post_tag","embeddable":true,"href":"https:\/\/by-tv.co.uk\/en\/wp-json\/wp\/v2\/tags?post=21575"}],"curies":[{"name":"wp","href":"https:\/\/api.w.org\/{rel}","templated":true}]}}