{"id":21402,"date":"2023-09-11T20:01:19","date_gmt":"2023-09-11T19:01:19","guid":{"rendered":"https:\/\/by-tv.co.uk\/?p=21402"},"modified":"2023-09-11T20:01:19","modified_gmt":"2023-09-11T19:01:19","slug":"saglik-turizmi-yilin-ilk-yarisinda-750-bine-yakin-kisi-turkiyeyi-tercih-etti","status":"publish","type":"post","link":"https:\/\/by-tv.co.uk\/en\/saglik-turizmi-yilin-ilk-yarisinda-750-bine-yakin-kisi-turkiyeyi-tercih-etti\/","title":{"rendered":"Sa\u011fl\u0131k Turizmi : Y\u0131l\u0131n ilk yar\u0131s\u0131nda 750 bine yak\u0131n ki\u015fi T\u00fcrkiye&#8217;yi tercih etti"},"content":{"rendered":"<p>2023\u2019\u00fcn ilk iki \u00e7eyre\u011finde toplam 746.290 ki\u015fi sa\u011fl\u0131k hizmeti almak i\u00e7in T\u00fcrkiye&#8217;yi terci etti. T\u00fcrkiye&#8217;nin ilk 2 \u00e7eyrekte&nbsp; elde etti\u011fi gelir ise 1.033.942 bin ABD dolar\u0131 olarak ger\u00e7ekle\u015fti.<\/p>\n<p><a href=\"https:\/\/www.ushas.com.tr\/saglik-turizmi-verileri\/\" target=\"_blank\" rel=\"noopener\">T\u00dc\u0130K<\/a> taraf\u0131ndan payla\u015f\u0131lan verilere g\u00f6re;&nbsp; T\u00fcrkiye&#8217;de tedavi olmay\u0131 se\u00e7en uluslararas\u0131 hastalar\u0131n en \u00e7ok tercih etti\u011fi klinik bran\u015flar s\u0131ras\u0131yla; Kad\u0131n hastal\u0131klar\u0131, i\u00e7 hastal\u0131klar\u0131, g\u00f6z hastal\u0131klar\u0131, t\u0131bbi biyokimya, genel cerrahi, di\u015f hekimli\u011fi, ortopedi ve travmatoloji, enfeksiyon hastal\u0131klar\u0131 ve kulak-burun-bo\u011faz olarak a\u00e7\u0131kland\u0131.<\/p>\n<div id=\"attachment_21403\" style=\"width: 1188px\" class=\"wp-caption alignnone\"><img loading=\"lazy\" decoding=\"async\" aria-describedby=\"caption-attachment-21403\" class=\"wp-image-21403 size-full\" src=\"https:\/\/by-tv.co.uk\/wp-content\/uploads\/2023\/09\/TR-gelen.png\" alt=\"\" width=\"1178\" height=\"431\" title=\"\"><p id=\"caption-attachment-21403\" class=\"wp-caption-text\">Kaynak: Uluslararas\u0131 Sa\u011fl\u0131k Hizmetleri Anonim \u015eirketi<\/p><\/div>\n<p>T24 Yazar\u0131 \u00d6zdemir Aktan&#8217;\u0131n son k\u00f6\u015fe yaz\u0131s\u0131nda ele ald\u0131\u011f\u0131 sa\u011fl\u0131k turizmi konusu da, sekt\u00f6r\u00fcn T\u00fcrkiye&#8217;deki durumunu ayd\u0131nlatan \u00f6nemli bilgiler i\u00e7eriyor. Aktan, T\u00fcrkiye \u0130statistik Kurumu (T\u00dc\u0130K) verilerini temel alarak, 2022 y\u0131l\u0131nda T\u00fcrkiye&#8217;ye sa\u011fl\u0131k hizmeti almak i\u00e7in tam 1.258.382 yabanc\u0131 hastan\u0131n geldi\u011fini belirtiyor. Ancak bu b\u00fcy\u00fcme h\u0131z\u0131n\u0131n yan\u0131nda, yazar baz\u0131 endi\u015fe verici detaylara da de\u011finiyor.<\/p><div id=\"briti-2393976046\" class=\"briti-icerik\" style=\"margin-top: 5px;margin-bottom: 5px;\"><a href=\"https:\/\/piaryum.com\/services\/\" aria-label=\"piaryum banner\"><img loading=\"lazy\" decoding=\"async\" src=\"https:\/\/by-tv.co.uk\/wp-content\/uploads\/2025\/12\/Gemini_Generated_Image_g5yqr1g5yqr1g5yq.jpg\" alt=\"\"  width=\"2064\" height=\"1152\"   \/><\/a><\/div>\n<div id=\"attachment_21404\" style=\"width: 1204px\" class=\"wp-caption alignnone\"><img loading=\"lazy\" decoding=\"async\" aria-describedby=\"caption-attachment-21404\" class=\"wp-image-21404 size-full\" src=\"https:\/\/by-tv.co.uk\/wp-content\/uploads\/2023\/09\/TR-Gelir.png\" alt=\"\" width=\"1194\" height=\"446\" title=\"\"><p id=\"caption-attachment-21404\" class=\"wp-caption-text\">Kaynak: Uluslararas\u0131 Sa\u011fl\u0131k Hizmetleri Anonim \u015eirketi<\/p><\/div>\n<p>Aktan&#8217;a g\u00f6re, medya genellikle sa\u011fl\u0131k turizminin parlak y\u00fcz\u00fcn\u00fc \u00f6ne \u00e7\u0131kar\u0131yor. Ancak ekonomik getirilerinin g\u00f6z kama\u015ft\u0131r\u0131c\u0131 etkisinden s\u0131yr\u0131ld\u0131\u011f\u0131m\u0131zda, sekt\u00f6rde baz\u0131 kritik sorunlarla da kar\u015f\u0131la\u015f\u0131yoruz. \u00d6rne\u011fin, 2023&#8217;\u00fcn ilk alt\u0131 ay\u0131nda T\u00fcrkiye&#8217;ye gelen hasta say\u0131s\u0131nda bir art\u0131\u015f olmas\u0131na ra\u011fmen, dolar baz\u0131nda gelirde bir azalmadan bahsediliyor. Bu, sekt\u00f6rdeki fiyatland\u0131rmalar\u0131n ve gelirlerin ne kadar dalgal\u0131 olabilece\u011fini g\u00f6steriyor.<\/p>\n<p>Aktan; &#8220;merdiven alt\u0131&#8221; denilen, kay\u0131t d\u0131\u015f\u0131 i\u015flemlerin yayg\u0131nl\u0131\u011f\u0131 nedeniyle bu rakamlar\u0131n do\u011fru olmayabilece\u011fini dile getiriyor.<\/p>\n<p><iframe loading=\"lazy\" title=\"\u0130NG\u0130LTERE | SA\u011eLIK TUR\u0130ZM\u0130NDE D\u0130KKAT ED\u0130LECEK HUKUK\u0130 KONULAR | AV. OZAN A\u015eKIN\" src=\"https:\/\/www.youtube.com\/embed\/MLJgBHb1JHg\" width=\"1230\" height=\"692\" frameborder=\"0\" allowfullscreen=\"allowfullscreen\"><\/iframe><\/p>\n<p>Aktan ayr\u0131ca, sa\u011fl\u0131k turizminin sadece medikal i\u015flemlerle s\u0131n\u0131rl\u0131 olmad\u0131\u011f\u0131n\u0131, termal tedaviler ve rehabilitasyon merkezleri gibi hizmetlerin de bu kapsamda de\u011ferlendirilmesi gerekti\u011fini vurguluyor. Ancak estetik cerrahi gibi baz\u0131 riskli alanlarda, potansiyel komplikasyonlar y\u00fcz\u00fcnden ya\u015fanan sorunlar, T\u00fcrkiye&#8217;nin uluslararas\u0131 itibar\u0131n\u0131 zedeleyebilir.&nbsp;<\/p>\n<p>Ge\u00e7ti\u011fimiz aylarda \u0130ngiliz medyas\u0131nda T\u00fcrkiye\u2019ye yap\u0131lan sa\u011fl\u0131k turizmi ile ilgili \u00e7\u0131kan olumsuz haberlerle ilgili a\u00e7\u0131klama Gazeteci Arda Say\u0131ner de \u201cMedyada s\u00f6z sahibi olmazsan\u0131z birileri kalkar haberleri sizin kontrol\u00fcn\u00fcz d\u0131\u015f\u0131nda yapar. Nitekim \u0130ngiltere\u2019de T\u00fcrk sa\u011fl\u0131k turizmi kar\u015f\u0131t\u0131 haberler yap\u0131l\u0131yor. Bunun \u00f6n\u00fcne ge\u00e7ebilmek i\u00e7in \u00fclke bas\u0131n\u0131nda varl\u0131\u011f\u0131n\u0131z\u0131 hissettirmeniz laz\u0131m\u201d diye belirtmi\u015fti.<\/p>\n<h4>Pandemi sonras\u0131 \u0130ngiltere\u2019deki hastalar i\u00e7in bekleme s\u00fcreleri uzad\u0131<\/h4>\n<p>Birle\u015fik Krall\u0131k\u2019ta sa\u011fl\u0131k hizmetleri devlet taraf\u0131ndan Ulusal Sa\u011fl\u0131k Sistemi (NHS) arac\u0131l\u0131\u011f\u0131yla \u00fccretsiz olarak sunuluyor. Ancak estetik, g\u00f6z, di\u015f, obezite, \u00fcreme sa\u011fl\u0131\u011f\u0131 gibi baz\u0131 bran\u015flarda \u00fccret talep ediliyor ve \u00fccretsiz olarak sunulan baz\u0131 hizmetlerde ise uzun bekleme s\u00fcreleri nedeniyle hastalar yurt d\u0131\u015f\u0131ndan sa\u011fl\u0131k hizmeti almaya y\u00f6neliyor.<\/p>\n<h4>\ud83c\udfe5\u0130ngiltere\u2019de Tedavi Beklerken \u00d6lenlerin Say\u0131s\u0131 Art\u0131yor&nbsp;<\/h4>\n<p>&nbsp;<br \/>\n\u0130ngiltere\u2019de ge\u00e7en y\u0131l \u00f6len insanlar\u0131n yar\u0131s\u0131ndan fazlas\u0131n\u0131n Ulusal Sa\u011fl\u0131k Servisi\u2019nin tedavi bekleme listesinde oldu\u011funu g\u00f6steren veriler, geni\u015f \u00e7apl\u0131 endi\u015fe yarat\u0131 ve hasta izleme kurulu\u015fu Healthwatch England taraf\u0131ndan \u201culusal bir trajedi\u201d olarak nitelendirildi. Hastane y\u00f6neticileri, uzun tedavi bekleme s\u00fcrelerinin tehlikelerini vurgulayarak, NHS\u2019nin \u00e7ok az personel ve yatak ile ba\u015fa \u00e7\u0131kmak zorunda oldu\u011funu belirtiyorlar. \u0130\u015f\u00e7i Partisi\u2019nin bir ara\u015ft\u0131rmas\u0131, sadece birka\u00e7 sa\u011fl\u0131k g\u00fcveni kurumundan al\u0131nan verileri genelleyerek \u0130ngiltere genelinde 120,695 ki\u015finin hastane tedavisi beklerken hayat\u0131n\u0131 kaybetti\u011fini \u00f6ne s\u00fcrmektedir.<\/p>\n<p>Sonu\u00e7 olarak, \u00d6zdemir Aktan&#8217;\u0131n sa\u011fl\u0131k turizmi hakk\u0131ndaki bu <a href=\"https:\/\/t24.com.tr\/yazarlar\/ozdemir-aktan\/saglik-turizmi-getirisi-ve-goturusu,41347\" target=\"_blank\" rel=\"noopener\">makale<\/a>sine g\u00f6z atmaktan fayda var. Hem sekt\u00f6r\u00fcn getirilerini hem de potansiyel risklerini ayd\u0131nlatan bu yaz\u0131, T\u00fcrkiye&#8217;nin sa\u011fl\u0131k turizmindeki konumunu daha iyi anlamam\u0131za yard\u0131mc\u0131 oluyor.<\/p>\n<p>&nbsp;<\/p>\n<div id=\"briti-255680825\" class=\"briti-icerikten-sonra_2\" style=\"margin-top: 25px;margin-bottom: 25px;\"><a href=\"https:\/\/wa.me\/message\/NDZLLIOQT4H3O1\" aria-label=\"bytv reklam banner\"><img loading=\"lazy\" decoding=\"async\" src=\"https:\/\/by-tv.co.uk\/wp-content\/uploads\/2025\/12\/bytv-reklam-banner.jpg\" alt=\"\"  width=\"2376\" height=\"1008\"   \/><\/a><\/div>","protected":false},"excerpt":{"rendered":"<p>2023\u2019\u00fcn ilk iki \u00e7eyre\u011finde toplam 746.290 ki\u015fi sa\u011fl\u0131k hizmeti almak i\u00e7in T\u00fcrkiye&#8217;yi terci etti. T\u00fcrkiye&#8217;nin ilk 2 \u00e7eyrekte&nbsp; elde etti\u011fi gelir ise 1.033.942 bin ABD dolar\u0131 olarak ger\u00e7ekle\u015fti. T\u00dc\u0130K taraf\u0131ndan payla\u015f\u0131lan verilere g\u00f6re;&nbsp; T\u00fcrkiye&#8217;de tedavi olmay\u0131 se\u00e7en uluslararas\u0131 hastalar\u0131n en \u00e7ok tercih etti\u011fi klinik bran\u015flar s\u0131ras\u0131yla; Kad\u0131n hastal\u0131klar\u0131, i\u00e7 hastal\u0131klar\u0131, g\u00f6z hastal\u0131klar\u0131, t\u0131bbi biyokimya, genel cerrahi, di\u015f hekimli\u011fi, ortopedi ve travmatoloji, enfeksiyon hastal\u0131klar\u0131 ve kulak-burun-bo\u011faz olarak a\u00e7\u0131kland\u0131. T24 Yazar\u0131 \u00d6zdemir Aktan&#8217;\u0131n son k\u00f6\u015fe yaz\u0131s\u0131nda ele ald\u0131\u011f\u0131 sa\u011fl\u0131k turizmi konusu da, sekt\u00f6r\u00fcn T\u00fcrkiye&#8217;deki durumunu ayd\u0131nlatan \u00f6nemli bilgiler i\u00e7eriyor. Aktan, T\u00fcrkiye \u0130statistik Kurumu (T\u00dc\u0130K) verilerini temel alarak, 2022 y\u0131l\u0131nda T\u00fcrkiye&#8217;ye sa\u011fl\u0131k hizmeti [&hellip;]<\/p>\n","protected":false},"author":1,"featured_media":21405,"comment_status":"open","ping_status":"open","sticky":false,"template":"","format":"standard","meta":{"ngg_post_thumbnail":0,"footnotes":""},"categories":[15],"tags":[2719],"class_list":["post-21402","post","type-post","status-publish","format-standard","has-post-thumbnail","hentry","category-ingiltere","tag-saglik-turizmi"],"_links":{"self":[{"href":"https:\/\/by-tv.co.uk\/en\/wp-json\/wp\/v2\/posts\/21402","targetHints":{"allow":["GET"]}}],"collection":[{"href":"https:\/\/by-tv.co.uk\/en\/wp-json\/wp\/v2\/posts"}],"about":[{"href":"https:\/\/by-tv.co.uk\/en\/wp-json\/wp\/v2\/types\/post"}],"author":[{"embeddable":true,"href":"https:\/\/by-tv.co.uk\/en\/wp-json\/wp\/v2\/users\/1"}],"replies":[{"embeddable":true,"href":"https:\/\/by-tv.co.uk\/en\/wp-json\/wp\/v2\/comments?post=21402"}],"version-history":[{"count":0,"href":"https:\/\/by-tv.co.uk\/en\/wp-json\/wp\/v2\/posts\/21402\/revisions"}],"wp:featuredmedia":[{"embeddable":true,"href":"https:\/\/by-tv.co.uk\/en\/wp-json\/wp\/v2\/media\/21405"}],"wp:attachment":[{"href":"https:\/\/by-tv.co.uk\/en\/wp-json\/wp\/v2\/media?parent=21402"}],"wp:term":[{"taxonomy":"category","embeddable":true,"href":"https:\/\/by-tv.co.uk\/en\/wp-json\/wp\/v2\/categories?post=21402"},{"taxonomy":"post_tag","embeddable":true,"href":"https:\/\/by-tv.co.uk\/en\/wp-json\/wp\/v2\/tags?post=21402"}],"curies":[{"name":"wp","href":"https:\/\/api.w.org\/{rel}","templated":true}]}}