{"id":21395,"date":"2023-09-11T13:47:11","date_gmt":"2023-09-11T12:47:11","guid":{"rendered":"https:\/\/by-tv.co.uk\/?p=21395"},"modified":"2023-09-11T13:47:11","modified_gmt":"2023-09-11T12:47:11","slug":"londranin-ikonik-kulesine-ant-yapi-dokunusu","status":"publish","type":"post","link":"https:\/\/by-tv.co.uk\/en\/londranin-ikonik-kulesine-ant-yapi-dokunusu\/","title":{"rendered":"Londra&#8217;n\u0131n \u0130konik Kulesine Ant Yap\u0131 Dokunu\u015fu"},"content":{"rendered":"<p>Yurt i\u00e7i ve yurt d\u0131\u015f\u0131nda bir\u00e7ok farkl\u0131 projeyi hayata ge\u00e7iren <strong>Ant Yap\u0131<\/strong>, \u0130ngiltere\u2019nin en prestijli ve Londra\u2019n\u0131n ikonik yap\u0131lar\u0131ndan Westminster Kulesi\u2019nin d\u00f6n\u00fc\u015f\u00fcm\u00fcn\u00fc ger\u00e7ekle\u015ftirecek. Thames nehri k\u0131y\u0131s\u0131nda 1980\u2019li y\u0131llarda in\u015fa edilen ve ofis binas\u0131 olarak kullan\u0131lan kulenin rezidans alan\u0131na d\u00f6n\u00fc\u015ft\u00fcr\u00fclmesini i\u00e7eren projenin, 2025 y\u0131l\u0131nda tamamlanmas\u0131 hedefleniyor. Ant Yap\u0131\u2019n\u0131n Avusturalya \u00e7\u0131k\u0131\u015fl\u0131 i\u015f geli\u015ftirme \u015firketi Third.i Grup ile ger\u00e7ekle\u015ftirdi\u011fi ve 37 Milyon Sterlin yat\u0131r\u0131mla hayata ge\u00e7irilen proje kapsam\u0131nda, 7200 metrekarelik ofis alan\u0131 y\u00fcksek ya\u015fam kalitesi sunan konut alan\u0131na d\u00f6n\u00fc\u015ft\u00fcr\u00fclecek.<\/p>\n<p><img loading=\"lazy\" decoding=\"async\" class=\"alignnone size-full wp-image-21397\" src=\"https:\/\/by-tv.co.uk\/wp-content\/uploads\/2023\/09\/Londranin-Ikonik-Kulesine-Ant-Yapi-Dokunusu.jpg\" alt=\"\" width=\"1600\" height=\"797\" title=\"\"><\/p>\n<p><strong>L\u00fcks Konut ve Sosyal Alanlar &nbsp;&nbsp;<\/strong><\/p>\n<p>Thames nehri k\u0131y\u0131s\u0131nda, Lambeth K\u00f6pr\u00fcs\u00fc&#8217;n\u00fcn yan\u0131nda bulunan ve mimarisiyle de dikkat \u00e7eken Westminster Kulesi\u2019nde ger\u00e7ekle\u015ftirilecek d\u00f6n\u00fc\u015f\u00fcm projesi, Ant Yap\u0131\u2019n\u0131n \u0130ngiltere\u2019deki sekizinci projesi olacak. Toplam 25 adet l\u00fcks daire, 3 penthouse bulunan proje \u00e7at\u0131 katlar\u0131 ve dinlenme alanlar\u0131ndan olu\u015facak.<\/p><div id=\"briti-2187203134\" class=\"briti-icerik\" style=\"margin-top: 5px;margin-bottom: 5px;\"><a href=\"https:\/\/piaryum.com\/services\/\" aria-label=\"piaryum banner\"><img loading=\"lazy\" decoding=\"async\" src=\"https:\/\/by-tv.co.uk\/wp-content\/uploads\/2025\/12\/Gemini_Generated_Image_g5yqr1g5yqr1g5yq.jpg\" alt=\"\"  width=\"2064\" height=\"1152\"   \/><\/a><\/div>\n<p><strong>\u201c\u0130ngiltere\u2019de Konut Projelerine Yeni Bir Boyut Kataca\u011f\u0131z\u201d <\/strong><\/p>\n<p>T\u00fcrkiye, Rusya, Amerika ve \u0130ngiltere\u2019de ba\u015far\u0131l\u0131 i\u015flere imza att\u0131klar\u0131n\u0131 dile getiren <strong>Ant Yap\u0131 Y\u00f6netim Kurulu Ba\u015fkan\u0131 Mehmet Okay<\/strong>, \u0130ngiltere\u2019deki yeni projeleriyle ilgili \u015funlar\u0131 s\u00f6yledi: \u201cT\u00fcrkiye\u2019nin gayrimenkul alan\u0131ndaki ba\u015far\u0131s\u0131n\u0131 d\u00fcnyan\u0131n farkl\u0131 b\u00f6lgelerinde g\u00f6steren bir \u015firket olman\u0131n mutlulu\u011funu ve gururunu ya\u015f\u0131yoruz. Elde etti\u011fimiz bu ba\u015far\u0131yla bug\u00fcn \u0130ngiltere\u2019deki sekizinci projemize ba\u015fl\u0131yoruz. Londra\u2019n\u0131n en \u00f6nemli lokasyonlar\u0131ndan birinde yer alan ve ikonik hale gelen bir yap\u0131ya imzam\u0131z\u0131 atacak olman\u0131n heyecan\u0131 i\u00e7indeyiz. Ofisten konuta d\u00f6n\u00fc\u015ft\u00fcrece\u011fimiz Westminster Kulesi\u2019ndeki projemizle, Londra\u2019da e\u015fsiz bir ya\u015fam alan\u0131 ve \u0130ngiltere\u2019deki konut projelerine yepyeni bir boyut kataca\u011f\u0131z.\u201d<\/p>\n<div id=\"briti-567769166\" class=\"briti-icerikten-sonra_2\" style=\"margin-top: 25px;margin-bottom: 25px;\"><a href=\"https:\/\/wa.me\/message\/NDZLLIOQT4H3O1\" aria-label=\"bytv reklam banner\"><img loading=\"lazy\" decoding=\"async\" src=\"https:\/\/by-tv.co.uk\/wp-content\/uploads\/2025\/12\/bytv-reklam-banner.jpg\" alt=\"\"  width=\"2376\" height=\"1008\"   \/><\/a><\/div>","protected":false},"excerpt":{"rendered":"<p>Yurt i\u00e7i ve yurt d\u0131\u015f\u0131nda bir\u00e7ok farkl\u0131 projeyi hayata ge\u00e7iren Ant Yap\u0131, \u0130ngiltere\u2019nin en prestijli ve Londra\u2019n\u0131n ikonik yap\u0131lar\u0131ndan Westminster Kulesi\u2019nin d\u00f6n\u00fc\u015f\u00fcm\u00fcn\u00fc ger\u00e7ekle\u015ftirecek. Thames nehri k\u0131y\u0131s\u0131nda 1980\u2019li y\u0131llarda in\u015fa edilen ve ofis binas\u0131 olarak kullan\u0131lan kulenin rezidans alan\u0131na d\u00f6n\u00fc\u015ft\u00fcr\u00fclmesini i\u00e7eren projenin, 2025 y\u0131l\u0131nda tamamlanmas\u0131 hedefleniyor. Ant Yap\u0131\u2019n\u0131n Avusturalya \u00e7\u0131k\u0131\u015fl\u0131 i\u015f geli\u015ftirme \u015firketi Third.i Grup ile ger\u00e7ekle\u015ftirdi\u011fi ve 37 Milyon Sterlin yat\u0131r\u0131mla hayata ge\u00e7irilen proje kapsam\u0131nda, 7200 metrekarelik ofis alan\u0131 y\u00fcksek ya\u015fam kalitesi sunan konut alan\u0131na d\u00f6n\u00fc\u015ft\u00fcr\u00fclecek. L\u00fcks Konut ve Sosyal Alanlar &nbsp;&nbsp; Thames nehri k\u0131y\u0131s\u0131nda, Lambeth K\u00f6pr\u00fcs\u00fc&#8217;n\u00fcn yan\u0131nda bulunan ve mimarisiyle de dikkat \u00e7eken Westminster Kulesi\u2019nde ger\u00e7ekle\u015ftirilecek d\u00f6n\u00fc\u015f\u00fcm projesi, Ant [&hellip;]<\/p>\n","protected":false},"author":1,"featured_media":21396,"comment_status":"open","ping_status":"open","sticky":false,"template":"","format":"standard","meta":{"ngg_post_thumbnail":0,"footnotes":""},"categories":[15],"tags":[],"class_list":["post-21395","post","type-post","status-publish","format-standard","has-post-thumbnail","hentry","category-ingiltere"],"_links":{"self":[{"href":"https:\/\/by-tv.co.uk\/en\/wp-json\/wp\/v2\/posts\/21395","targetHints":{"allow":["GET"]}}],"collection":[{"href":"https:\/\/by-tv.co.uk\/en\/wp-json\/wp\/v2\/posts"}],"about":[{"href":"https:\/\/by-tv.co.uk\/en\/wp-json\/wp\/v2\/types\/post"}],"author":[{"embeddable":true,"href":"https:\/\/by-tv.co.uk\/en\/wp-json\/wp\/v2\/users\/1"}],"replies":[{"embeddable":true,"href":"https:\/\/by-tv.co.uk\/en\/wp-json\/wp\/v2\/comments?post=21395"}],"version-history":[{"count":0,"href":"https:\/\/by-tv.co.uk\/en\/wp-json\/wp\/v2\/posts\/21395\/revisions"}],"wp:featuredmedia":[{"embeddable":true,"href":"https:\/\/by-tv.co.uk\/en\/wp-json\/wp\/v2\/media\/21396"}],"wp:attachment":[{"href":"https:\/\/by-tv.co.uk\/en\/wp-json\/wp\/v2\/media?parent=21395"}],"wp:term":[{"taxonomy":"category","embeddable":true,"href":"https:\/\/by-tv.co.uk\/en\/wp-json\/wp\/v2\/categories?post=21395"},{"taxonomy":"post_tag","embeddable":true,"href":"https:\/\/by-tv.co.uk\/en\/wp-json\/wp\/v2\/tags?post=21395"}],"curies":[{"name":"wp","href":"https:\/\/api.w.org\/{rel}","templated":true}]}}