{"id":21186,"date":"2023-08-26T14:39:51","date_gmt":"2023-08-26T13:39:51","guid":{"rendered":"https:\/\/by-tv.co.uk\/?p=21186"},"modified":"2023-08-26T14:39:51","modified_gmt":"2023-08-26T13:39:51","slug":"ingiltere-de-tren-grevleri-hangi-bolgeleri-etkiliyor","status":"publish","type":"post","link":"https:\/\/by-tv.co.uk\/en\/ingiltere-de-tren-grevleri-hangi-bolgeleri-etkiliyor\/","title":{"rendered":"\u0130ngiltere&#8217;de Tren Grevleri Hangi B\u00f6lgeleri Etkiliyor?"},"content":{"rendered":"<p>\u0130ngiltere&#8217;deki tren yolcular\u0131, \u00f6n\u00fcm\u00fczdeki birka\u00e7 hafta sonu boyunca iki demiryolu sendikas\u0131n\u0131n sekt\u00f6rel eylemde bulunurken seyahat aksakl\u0131klar\u0131 ya\u015fayacak.<\/p>\n<p>\u00dccret ve \u00e7al\u0131\u015fma ko\u015fullar\u0131 hakk\u0131ndaki devam eden bir anla\u015fmazl\u0131\u011f\u0131n bir par\u00e7as\u0131 olarak devam eden grevler devam edecek gibi g\u00f6z\u00fck\u00fcyor.<\/p>\n<p>Hem tren s\u00fcr\u00fcc\u00fcleri sendikas\u0131 Aslef hem de di\u011fer demiryolu \u00e7al\u0131\u015fanlar\u0131n\u0131 temsil eden RMT sendikas\u0131, daha fazla grev karar\u0131n\u0131 duyurdu.<\/p><div id=\"briti-123036489\" class=\"briti-icerik\" style=\"margin-top: 5px;margin-bottom: 5px;\"><a href=\"https:\/\/piaryum.com\/services\/\" aria-label=\"piaryum banner\"><img loading=\"lazy\" decoding=\"async\" src=\"https:\/\/by-tv.co.uk\/wp-content\/uploads\/2025\/12\/Gemini_Generated_Image_g5yqr1g5yqr1g5yq.jpg\" alt=\"\"  width=\"2064\" height=\"1152\"   \/><\/a><\/div>\n<h4>Yak\u0131nda hangi grevler ne zaman yap\u0131lacak?<\/h4>\n<p>Yakla\u015f\u0131k 20,000 RMT \u00fcyesi, 26 A\u011fustos Cumartesi ve 2 Eyl\u00fcl Cumartesi g\u00fcn\u00fc greve gidecek.<\/p>\n<p>Aslef, \u00fcyelerinin 1 Eyl\u00fcl Cuma g\u00fcn\u00fc greve gidece\u011fini ve 2 Eyl\u00fcl Cumartesi g\u00fcn\u00fc fazla mesai yapmay\u0131 reddedece\u011fini duyurdu.<\/p>\n<p>BBC&#8217;nin haberine g\u00f6re; a\u015fa\u011f\u0131daki 14 tren \u015firketinde \u00e7al\u0131\u015fanlar\u0131n kat\u0131lmas\u0131 bekleniyor:<\/p>\n<ul role=\"list\">\n<li>Avanti West Coast<\/li>\n<li>c2c<\/li>\n<li>Chiltern Railways<\/li>\n<li>Cross Country Trains<\/li>\n<li>East Midlands Railway<\/li>\n<li>Great Western Railway<\/li>\n<li>Greater Anglia<\/li>\n<li>LNER<\/li>\n<li>Northern Trains<\/li>\n<li>South Eastern<\/li>\n<li>South Western Railway<\/li>\n<li>Transpennine Express<\/li>\n<li>West Midlands Trains<\/li>\n<li>GTR (Gatwick Express i\u00e7inde).<\/li>\n<\/ul>\n<p>Tren operat\u00f6rleri hizmet saatlerini ve gidebilecekleri yerleri azaltabilir, bu nedenle yolcular\u0131n seyahat etmeden \u00f6nce kontrol etmeleri \u00f6neriliyor.<\/p>\n<h4>Demiryolu \u00e7al\u0131\u015fanlar\u0131 neden greve gidiyor?<\/h4>\n<p>Sendikalar, herhangi bir \u00fccret teklifinin y\u00fckselen ya\u015fam maliyetini yans\u0131tmas\u0131 gerekti\u011fini s\u00f6yl\u00fcyor . Ancak \u0130ngiltere&#8217;de enflasyon oran\u0131 yak\u0131n zamanda %10&#8217;un alt\u0131na d\u00fc\u015ft\u00fc.<\/p>\n<p>Demiryolu end\u00fcstrisi ise, pandemi sonras\u0131 maliyetlerin artmas\u0131 nedeniyle tasarruf yapma bask\u0131s\u0131 alt\u0131nda.<\/p>\n<p>End\u00fcstri, \u00fccretlerin y\u00fckselmesi i\u00e7in \u00e7al\u0131\u015fma \u015fekillerinde de\u011fi\u015fikliklerin kabul edilmesi gerekti\u011fini belirtiyor.<\/p>\n<p>Ancak sendikalar, bu de\u011fi\u015fikliklerden baz\u0131lar\u0131na memnun de\u011fil.<\/p>\n<h4>Demiryolu \u00e7al\u0131\u015fanlar\u0131n\u0131n ortalama maa\u015f\u0131 ne kadar?<\/h4>\n<p><a href=\"https:\/\/by-tv.co.uk\/en\/kategori\/haber\/ingiltere\/\">\u0130ngiltere<\/a> Ulusal \u0130statistik Ofisi&#8217;ne (ONS) g\u00f6re, 2022&#8217;de demiryolu \u00e7al\u0131\u015fanlar\u0131n\u0131n ortalama maa\u015f\u0131 \u00a345,919 idi,<\/p>\n<p>E\u011fer s\u00fcr\u00fcc\u00fcler hari\u00e7 tutulursa tahmini maa\u015f \u00a339,518&#8217;dir. Ancak, RMT sendikas\u0131 bu rakam\u0131n \u00e7ok y\u00fcksek oldu\u011funu s\u00f6yl\u00fcyor \u00e7\u00fcnk\u00fc bu rakam demiryolu temizlik personelini i\u00e7ermiyor.<\/p>\n<p>ONS, &#8220;tren ve tramvay s\u00fcr\u00fcc\u00fcleri&#8221; i\u00e7in medyan maa\u015f\u0131n yakla\u015f\u0131k olarak \u00a359,000 oldu\u011funu belirtiyor.&nbsp;<\/p>\n<blockquote class=\"twitter-tweet\">\n<p dir=\"ltr\" lang=\"en\">RMT members at Blackpool North today<br \/>\nRMT members are taking strike action to defend our railways.<a href=\"https:\/\/twitter.com\/hashtag\/SaveTicketOffices?src=hash&amp;ref_src=twsrc%5Etfw\" target=\"_blank\" rel=\"noopener\">#SaveTicketOffices<\/a> <a href=\"https:\/\/twitter.com\/hashtag\/StaffOurStations?src=hash&amp;ref_src=twsrc%5Etfw\" target=\"_blank\" rel=\"noopener\">#StaffOurStations<\/a> <a href=\"https:\/\/twitter.com\/hashtag\/KeepTheGuardOnTheTrains?src=hash&amp;ref_src=twsrc%5Etfw\" target=\"_blank\" rel=\"noopener\">#KeepTheGuardOnTheTrains<\/a><a href=\"https:\/\/twitter.com\/hashtag\/RailStrikes?src=hash&amp;ref_src=twsrc%5Etfw\" target=\"_blank\" rel=\"noopener\">#RailStrikes<\/a> <a href=\"https:\/\/t.co\/fujBPRCjsW\">pic.twitter.com\/fujBPRCjsW<\/a><\/p>\n<p>\u2014 RMT (@RMTunion) <a href=\"https:\/\/twitter.com\/RMTunion\/status\/1695379003463307634?ref_src=twsrc%5Etfw\" target=\"_blank\" rel=\"noopener\">August 26, 2023<\/a><\/p><\/blockquote>\n<p><script async=\"\" src=\"https:\/\/platform.twitter.com\/widgets.js\" charset=\"utf-8\"><\/script><\/p>\n<p>Aslef genel sekreteri Mick Whelan, 12 May\u0131s&#8217;ta BBC News&#8217;e greve kat\u0131lanlr\u0131 kastederek tren s\u00fcr\u00fcc\u00fclerinin &#8220;d\u00f6rt y\u0131ld\u0131r \u00fccret art\u0131\u015f\u0131 almad\u0131\u011f\u0131n\u0131&#8221; s\u00f6yledi.&nbsp;<\/p>\n<p>Ula\u015ft\u0131rmadan Sorumlu Devlet Bakan\u0131 <a href=\"https:\/\/members.parliament.uk\/member\/4442\/career\" target=\"_blank\" rel=\"noopener\">Huw Merriman<\/a> ise tren s\u00fcr\u00fcc\u00fclerinin maa\u015f\u0131n\u0131n &#8220;2011&#8217;den bu yana %39 artt\u0131\u011f\u0131n\u0131 ve herhangi bir istihdam grubundaki en y\u00fcksek art\u0131\u015f&#8221; oldu\u011funu belirtiyor.<\/p>\n<p>&nbsp;<\/p>\n<div id=\"briti-674827006\" class=\"briti-icerikten-sonra_2\" style=\"margin-top: 25px;margin-bottom: 25px;\"><a href=\"https:\/\/wa.me\/message\/NDZLLIOQT4H3O1\" aria-label=\"bytv reklam banner\"><img loading=\"lazy\" decoding=\"async\" src=\"https:\/\/by-tv.co.uk\/wp-content\/uploads\/2025\/12\/bytv-reklam-banner.jpg\" alt=\"\"  width=\"2376\" height=\"1008\"   \/><\/a><\/div>","protected":false},"excerpt":{"rendered":"<p>\u0130ngiltere&#8217;deki tren yolcular\u0131, \u00f6n\u00fcm\u00fczdeki birka\u00e7 hafta sonu boyunca iki demiryolu sendikas\u0131n\u0131n sekt\u00f6rel eylemde bulunurken seyahat aksakl\u0131klar\u0131 ya\u015fayacak. \u00dccret ve \u00e7al\u0131\u015fma ko\u015fullar\u0131 hakk\u0131ndaki devam eden bir anla\u015fmazl\u0131\u011f\u0131n bir par\u00e7as\u0131 olarak devam eden grevler devam edecek gibi g\u00f6z\u00fck\u00fcyor. Hem tren s\u00fcr\u00fcc\u00fcleri sendikas\u0131 Aslef hem de di\u011fer demiryolu \u00e7al\u0131\u015fanlar\u0131n\u0131 temsil eden RMT sendikas\u0131, daha fazla grev karar\u0131n\u0131 duyurdu. Yak\u0131nda hangi grevler ne zaman yap\u0131lacak? Yakla\u015f\u0131k 20,000 RMT \u00fcyesi, 26 A\u011fustos Cumartesi ve 2 Eyl\u00fcl Cumartesi g\u00fcn\u00fc greve gidecek. Aslef, \u00fcyelerinin 1 Eyl\u00fcl Cuma g\u00fcn\u00fc greve gidece\u011fini ve 2 Eyl\u00fcl Cumartesi g\u00fcn\u00fc fazla mesai yapmay\u0131 reddedece\u011fini duyurdu. BBC&#8217;nin haberine g\u00f6re; a\u015fa\u011f\u0131daki 14 tren \u015firketinde [&hellip;]<\/p>\n","protected":false},"author":1,"featured_media":21187,"comment_status":"open","ping_status":"open","sticky":false,"template":"","format":"standard","meta":{"ngg_post_thumbnail":0,"footnotes":""},"categories":[15],"tags":[149],"class_list":["post-21186","post","type-post","status-publish","format-standard","has-post-thumbnail","hentry","category-ingiltere","tag-ingiltere"],"_links":{"self":[{"href":"https:\/\/by-tv.co.uk\/en\/wp-json\/wp\/v2\/posts\/21186","targetHints":{"allow":["GET"]}}],"collection":[{"href":"https:\/\/by-tv.co.uk\/en\/wp-json\/wp\/v2\/posts"}],"about":[{"href":"https:\/\/by-tv.co.uk\/en\/wp-json\/wp\/v2\/types\/post"}],"author":[{"embeddable":true,"href":"https:\/\/by-tv.co.uk\/en\/wp-json\/wp\/v2\/users\/1"}],"replies":[{"embeddable":true,"href":"https:\/\/by-tv.co.uk\/en\/wp-json\/wp\/v2\/comments?post=21186"}],"version-history":[{"count":0,"href":"https:\/\/by-tv.co.uk\/en\/wp-json\/wp\/v2\/posts\/21186\/revisions"}],"wp:featuredmedia":[{"embeddable":true,"href":"https:\/\/by-tv.co.uk\/en\/wp-json\/wp\/v2\/media\/21187"}],"wp:attachment":[{"href":"https:\/\/by-tv.co.uk\/en\/wp-json\/wp\/v2\/media?parent=21186"}],"wp:term":[{"taxonomy":"category","embeddable":true,"href":"https:\/\/by-tv.co.uk\/en\/wp-json\/wp\/v2\/categories?post=21186"},{"taxonomy":"post_tag","embeddable":true,"href":"https:\/\/by-tv.co.uk\/en\/wp-json\/wp\/v2\/tags?post=21186"}],"curies":[{"name":"wp","href":"https:\/\/api.w.org\/{rel}","templated":true}]}}