{"id":21181,"date":"2023-08-25T10:04:06","date_gmt":"2023-08-25T09:04:06","guid":{"rendered":"https:\/\/by-tv.co.uk\/?p=21181"},"modified":"2023-09-20T14:00:27","modified_gmt":"2023-09-20T13:00:27","slug":"ingiltere-de-doktorlar-bir-kez-daha-grevde-birlesik-krallik-haber-turu-25-agustos-2023","status":"publish","type":"post","link":"https:\/\/by-tv.co.uk\/en\/ingiltere-de-doktorlar-bir-kez-daha-grevde-birlesik-krallik-haber-turu-25-agustos-2023\/","title":{"rendered":"\u0130ngiltere&#8217;de Doktorlar Bir Kez Daha Grevde | Birle\u015fik Krall\u0131k Haber Turu | 25 A\u011fustos 2023"},"content":{"rendered":"<p><iframe title=\"Spotify Embed: Birle\u015fik Krall\u0131k Haber Turu | 25 A\u011fustos 2023 \ud83c\uddec\ud83c\udde7\ud83c\uddf9\ud83c\uddf7\" style=\"border-radius: 12px\" width=\"624\" height=\"351\" frameborder=\"0\" allowfullscreen allow=\"autoplay; clipboard-write; encrypted-media; fullscreen; picture-in-picture\" loading=\"lazy\" src=\"https:\/\/open.spotify.com\/embed\/episode\/2ePzXUvGfgzHTocSLQXlPJ\/video?si=DEgjPFlVQICuTucY5SYJdA&#038;context=spotify%3Ashow%3A2ufPxgxeqpMyvdJcMuS9A7&#038;utm_source=oembed\"><\/iframe><\/p>\n<h3>\u0130ngiltere&#8217;de Bug\u00fcn<\/h3>\n<h3><span style=\"font-weight: 400;\">\ud83d\udc69\u200d\u2695\ufe0f\ud83e\ude7a \u0130ngiltere&#8217;de Doktorlar Bir Kez Daha Grevde #DoktorGrevi<\/span><\/h3>\n<p><span style=\"font-weight: 400;\">\u0130ngiltere&#8217;deki uzman doktorlar, maa\u015flar\u0131na daha fazla zam yap\u0131lmas\u0131 talebiyle 2 g\u00fcn s\u00fcrecek bir greve ba\u015flad\u0131. \u0130ngiliz Tabipler Birli\u011fi (BMA), yakla\u015f\u0131k 24 bin uzman doktorun yerel saatle sabah 07.00&#8217;den itibaren greve gitti\u011fini a\u00e7\u0131klad\u0131. BMA&#8217;n\u0131n yapt\u0131\u011f\u0131 a\u00e7\u0131klamaya g\u00f6re, h\u00fck\u00fcmet doktorlara bu y\u0131l i\u00e7in %6 zam teklif etti. Ancak bu teklif, doktorlar\u0131 tatmin etmedi. \u00c7\u00fcnk\u00fc doktorlar, son y\u0131llarda ald\u0131klar\u0131 zamlar\u0131n enflasyon oranlar\u0131n\u0131n alt\u0131nda kald\u0131\u011f\u0131n\u0131 belirtiyor ve maa\u015flar\u0131na %35 oran\u0131nda zam yap\u0131lmas\u0131n\u0131 istiyor. <\/span><\/p>\n<p><span style=\"font-weight: 400;\">H\u00fck\u00fcmetin %6&#8217;l\u0131k zam teklifi ise bir\u00e7ok doktor taraf\u0131ndan yetersiz bulunarak &#8220;alayc\u0131&#8221; olarak nitelendirildi. Bu grev karar\u0131, Ulusal Sa\u011fl\u0131k Hizmeti (NHS) taraf\u0131ndan ele\u015ftirildi. NHS&#8217;in y\u00f6neticisi Vin Diwakar, doktorlar\u0131n grev yapmas\u0131n\u0131n hastanelerdeki tedavileri, randevular\u0131 ve rutin kontrolleri aksatabilece\u011fini s\u00f6yledi.<\/span><\/p>\n<p><span style=\"font-weight: 400;\">&nbsp;Ayr\u0131ca, bu doktorlar ge\u00e7en ay da bir grev ger\u00e7ekle\u015ftirmi\u015fti ve \u00f6n\u00fcm\u00fczdeki ay i\u00e7in de 19-20 Eyl\u00fcl tarihlerinde yeni bir grev planlad\u0131klar\u0131n\u0131 a\u00e7\u0131klad\u0131lar. Bu durum, doktorlarla h\u00fck\u00fcmet aras\u0131ndaki maa\u015f anla\u015fmazl\u0131\u011f\u0131n\u0131n ne kadar b\u00fcy\u00fck oldu\u011funu g\u00f6steriyor.<\/span><\/p><div id=\"briti-38938748\" class=\"briti-icerik\" style=\"margin-top: 5px;margin-bottom: 5px;\"><a href=\"https:\/\/piaryum.com\/services\/\" aria-label=\"piaryum banner\"><img loading=\"lazy\" decoding=\"async\" src=\"https:\/\/by-tv.co.uk\/wp-content\/uploads\/2025\/12\/Gemini_Generated_Image_g5yqr1g5yqr1g5yq.jpg\" alt=\"\"  width=\"2064\" height=\"1152\"   \/><\/a><\/div>\n<h3><span style=\"font-weight: 400;\">\ud83c\uddec\ud83c\udde7\ud83d\udea2 &#8220;\u0130ngiltere \u0130thalat Kontrol\u00fcn\u00fc Erteledi&#8221; #Ekonomi<\/span><\/h3>\n<p><span style=\"font-weight: 400;\"><a href=\"https:\/\/by-tv.co.uk\/en\/?s=haber+turu\">\u0130ngiltere<\/a>, Brexit&#8217;in ard\u0131ndan AB&#8217;den gelen g\u0131da ve taze \u00fcr\u00fcnlere y\u00f6nelik planlanan s\u0131n\u0131r kontrollerini bir kez daha ertelemeye haz\u0131rlan\u0131yor. Financial Times&#8217;\u0131n aktard\u0131\u011f\u0131na g\u00f6re bu, be\u015finci erteleme olacak. \u0130lk ba\u015fta 2021&#8217;de hayvansal ve bitkisel \u00fcr\u00fcnlere y\u00f6nelik kontrollerin devreye al\u0131nmas\u0131 planlan\u0131yordu. Ancak bu yeni ertelemeyle, ilgili evraklar\u0131n Ocak ay\u0131na dek talep edilmeyece\u011fi ve ithalat kontrollerinin Nisan 2024&#8217;e kadar ba\u015flat\u0131lmayaca\u011f\u0131 \u00f6ng\u00f6r\u00fcl\u00fcyor.<\/span><\/p>\n<p><span style=\"font-weight: 400;\">Bu ertelemenin arkas\u0131ndaki nedenler aras\u0131nda; Maliye Bakan\u0131 Jeremy Hunt&#8217;\u0131n, s\u0131n\u0131r kontrollerinin getirece\u011fi yeni b\u00fcrokrasinin enflasyonist bir ortamda g\u0131da fiyatlar\u0131n\u0131 daha da y\u00fckseltece\u011fi endi\u015fesi bulunuyor. Ayr\u0131ca, t\u00fcccarlar da yeni s\u0131n\u0131r kontrol sistemine adapte olabilmek i\u00e7in daha fazla zamana ihtiya\u00e7 duyduklar\u0131n\u0131 belirtiyorlar.<\/span><\/p>\n<p><span style=\"font-weight: 400;\">Konuyla ilgili resmi bir a\u00e7\u0131klama hen\u00fcz yap\u0131lm\u0131\u015f de\u011fil. Ancak Kabine Ofisi, yeni s\u0131n\u0131r kontrol rejimi ve takvimi hakk\u0131nda bir duyurunun yak\u0131n zamanda ger\u00e7ekle\u015ftirilece\u011fini ifade etti. Bu duyurunun&nbsp; \u00f6n\u00fcm\u00fczdeki hafta yap\u0131lmas\u0131 bekleniyor.<\/span><\/p>\n<h3><span style=\"font-weight: 400;\">\ud83c\udfa9\ud83d\udcbc &#8220;Sunak\u2019a, Mal Bildirimi Nedeniyle Uyar\u0131 #Politika<\/span><\/h3>\n<p><span style=\"font-weight: 400;\">\u0130ngiltere Ba\u015fbakan\u0131 Rishi Sunak, e\u015finin \u00e7ocuk bak\u0131m ajans\u0131 Koru Kids&#8217;teki mali \u00e7\u0131kar\u0131n\u0131 do\u011fru bir \u015fekilde bildirmedi\u011fi i\u00e7in milletvekilleri denetim organ\u0131 taraf\u0131ndan k\u0131nand\u0131. Sunak&#8217;\u0131n parlamentonun davran\u0131\u015f kurallar\u0131n\u0131 ihlal etti\u011fi belirlendi, ancak bu ihlalin yanl\u0131\u015fl\u0131kla ger\u00e7ekle\u015fti\u011fi ifade edildi. <\/span><\/p>\n<p><span style=\"font-weight: 400;\">Sunak, hata konusunda \u00f6z\u00fcr diledi\u011fini belirtti\u011fi bir mektupla durumu kabul etti. &nbsp; Sunday Times&#8217;a g\u00f6re, eski bankac\u0131 Rishi Sunak ve e\u015fi Akshata Murty, 730 milyon sterlinlik servetiyle \u0130ngiltere&#8217;nin en zenginler listesinde 222. s\u0131radalar. Bu servet, Kral 3. Charles ve e\u015fi Camilla&#8217;n\u0131n tahmini 300-350 milyon sterlinlik servetinin \u00e7ok \u00fczerinde. Bu durum, Sunak&#8217;\u0131n \u0130ngiltere tarihinde bir monarktan daha zengin olan ilk ba\u015fbakan oldu\u011funu g\u00f6steriyor. <\/span><\/p>\n<p><span style=\"font-weight: 400;\">Sunak, \u0130ngiltere&#8217;nin tarihinde en gen\u00e7 ve Asya k\u00f6kenli ilk ba\u015fbakan\u0131d\u0131r.<\/span><\/p>\n<h3><span style=\"font-weight: 400;\">\ud83c\udff0\ud83d\udd0d &#8220;Kingston&#8217;da B\u00fcy\u00fck D\u00f6n\u00fc\u015f\u00fcm 2025&#8217;te&#8221; #K\u00fclt\u00fcr<\/span><\/h3>\n<p><span style=\"font-weight: 400;\">G\u00fcney Londra&#8217;da yer alan Kingston&#8217;daki Bishop\u2019s Palace House, 2025 y\u0131l\u0131nda b\u00fcy\u00fck bir d\u00f6n\u00fc\u015f\u00fcm ge\u00e7irmeye haz\u0131rlan\u0131yor. 1970&#8217;lerin monolitik yap\u0131s\u0131na sahip olan bu bina, 2010 y\u0131l\u0131nda ihale s\u00fcrecinin ba\u015flamas\u0131n\u0131n ard\u0131ndan yenilenme s\u00fcrecine girdi. <\/span><\/p>\n<p><span style=\"font-weight: 400;\">\u0130lk a\u015fama 2014 y\u0131l\u0131nda tamamland\u0131; bu s\u00fcre\u00e7te, Clarence Caddesi&#8217;ne olan ba\u011flant\u0131lar iyile\u015ftirildi ve bir otopark nehir kenar\u0131ndaki restoranlara d\u00f6n\u00fc\u015ft\u00fcr\u00fcld\u00fc. Yenilenme projesinin ikinci a\u015famas\u0131, 2024&#8217;te ba\u015flay\u0131p 2025 bahar\u0131nda tamamlanmas\u0131 planlan\u0131yor. <\/span><\/p>\n<p><span style=\"font-weight: 400;\">Eski gece kul\u00fcb\u00fc Viper Rooms&#8217;un restoran ve bar alan\u0131na d\u00f6n\u00fc\u015ft\u00fcr\u00fclmesi, teras\u0131n Thames Nehri manzaral\u0131 olarak yeniden d\u00fczenlenmesi ve bisiklet depolama alanlar\u0131 gibi pek \u00e7ok yenilikle bu tarihi bina, modern bir \u00e7ehreye kavu\u015facak. <\/span><\/p>\n<p><span style=\"font-weight: 400;\">Bunun yan\u0131 s\u0131ra, yap\u0131ya basamaks\u0131z eri\u015fim imkan\u0131 da ekleniyor. Yap\u0131n\u0131n sadece yenilenmesi, yeniden in\u015fa edilmesi yerine tercih edilerek 5.000 tonun \u00fczerinde CO2 tasarrufu sa\u011flanmas\u0131 bekleniyor.&nbsp;<\/span><\/p>\n<h3><span style=\"font-weight: 400;\">\ud83c\udf06\ud83d\udc41 &#8220;Londra\u2019ya, <\/span><span style=\"font-weight: 400;\">Avrupa&#8217;n\u0131n en y\u00fcksek g\u00f6zlem galerisi<\/span><span style=\"font-weight: 400;\"> #Turizm<\/span><\/h3>\n<p><span style=\"font-weight: 400;\">Londra, tarihi yap\u0131lar\u0131, modern g\u00f6kdelenleri ve pop\u00fcler \u00e7at\u0131 barlar\u0131yla dikkat \u00e7ekerken, \u015fimdi de Avrupa&#8217;n\u0131n en y\u00fcksek \u00fccretsiz g\u00f6zlem galerisine ev sahipli\u011fi yapmaya haz\u0131rlan\u0131yor. &#8220;<a href=\"https:\/\/www.standard.co.uk\/business\/europe-highest-free-viewing-platform-city-skyscraper-horizon-22-bishopsgate-shard-b1101923.html\" target=\"_blank\" rel=\"noopener\">Horizon 22<\/a>&#8221; adl\u0131 bu g\u00f6zlem galerisi, <\/span><\/p>\n<p><span style=\"font-weight: 400;\">Londra&#8217;n\u0131n Bishopsgate b\u00f6lgesinde 254 metre y\u00fckseklikte yer alacak. A\u00e7\u0131l\u0131\u015f\u0131 27 Eyl\u00fcl&#8217;de yap\u0131lacak olan bu galeriden, \u015fehrin simgesi haline gelmi\u015f Cheesegrater, Walkie Talkie, Gherkin gibi yap\u0131lar\u0131n\u0131n yan\u0131 s\u0131ra tarihi St. Paul Katedrali, Tower Bridge ve Shard gibi mekanlara panoramik bir bak\u0131\u015f sunulacak. <\/span><\/p>\n<p><span style=\"font-weight: 400;\">Ziyaret\u00e7ilere bu e\u015fsiz manzaran\u0131n tad\u0131n\u0131 \u00e7\u0131kar malar\u0131 i\u00e7in herhangi bir \u00fccret talep edilmeyecek, ancak ziyaretler i\u00e7in \u00f6nceden rezervasyon yapmalar\u0131 \u00f6neriliyor. Ziyaret\u00e7ileri sadece 41 saniyede elli sekizinci kata ta\u015f\u0131yabilen iki asans\u00f6r, saniyede sekiz metreye kadar h\u0131z yapabiliyor. Horizon 22, hafta i\u00e7i 10.00-18.00 saatleri aras\u0131nda, Cumartesi g\u00fcnleri 17.00&#8217;ye kadar, Pazar ve Resmi Tatillerde ise 16.00&#8217;ya kadar a\u00e7\u0131k olacak. \u00d6n rezervasyon i\u00e7in 20 Eyl\u00fcl tarihini i\u015faretlemeyi unutmay\u0131n. <\/span><\/p>\n<p><span style=\"font-weight: 400;\">Bu yenilik, Londra&#8217;n\u0131n sadece yerlileri i\u00e7in de\u011fil, ayn\u0131 zamanda turistler i\u00e7in de e\u015fsiz bir deneyim sunuyor.<\/span><\/p>\n<h3><span style=\"font-weight: 400;\">\ud83d\udcbb\ud83d\udcb8 &#8220;\u0130nternet Faturalar\u0131nda B\u00fcy\u00fck Art\u0131\u015f&#8221; #Teknoloji<\/span><\/h3>\n<p><span style=\"font-weight: 400;\">\u0130ngiltere\u2019deki t\u00fcketiciler, ya\u015fam maliyetlerindeki art\u0131\u015flara tepki g\u00f6steriyor. \u00d6zellikle, enerji fiyatlar\u0131nda Rusya&#8217;n\u0131n Ukrayna&#8217;ya sald\u0131r\u0131s\u0131 sonucunda ya\u015fanan art\u0131\u015flar gibi ka\u00e7\u0131n\u0131lmaz durumlar d\u0131\u015f\u0131nda, geni\u015f bant sa\u011flay\u0131c\u0131lar\u0131n\u0131n y\u00fcksek oranlarda fiyat art\u0131\u015f\u0131 uygulamas\u0131 ele\u015ftiriliyor. <\/span><\/p>\n<p><span style=\"font-weight: 400;\">B<\/span><span style=\"font-weight: 400;\">u y\u0131l, bir\u00e7ok ki\u015fi %14&#8217;\u00fc a\u015fan fiyat art\u0131\u015flar\u0131yla kar\u015f\u0131la\u015ft\u0131. Which? adl\u0131 t\u00fcketici haklar\u0131 organizasyonu, bu keyfi fiyat art\u0131\u015flar\u0131n\u0131n durdurulmas\u0131n\u0131 talep ediyor. \u00d6zellikle, Virgin Media&#8217;n\u0131n 2024&#8217;te uygulamay\u0131 planlad\u0131\u011f\u0131 %3,9&#8217;luk art\u0131\u015f ve m\u00fc\u015fterilere hizmet iptalini zorla\u015ft\u0131rma iddialar\u0131, Ofcom taraf\u0131ndan inceleniyor. T\u00fcketicilerin ve hak savunucular\u0131n\u0131n beklentisi, telekom \u015firketlerinin bu t\u00fcr art\u0131\u015flar\u0131ndan vazge\u00e7mesi y\u00f6n\u00fcnde.<\/span><\/p>\n<h3><span style=\"font-weight: 400;\">\ud83c\udf0d\u2708\ufe0f \u0130ngiltere\u2019de S\u0131\u011f\u0131nma Talepleri Rekor Seviyede&#8221; #G\u00f6\u00e7<\/span><\/h3>\n<p><span style=\"font-weight: 400;\">Birle\u015fik Krall\u0131k\u2019ta s\u0131\u011f\u0131nma taleplerine ili\u015fkin karar bekleyen ki\u015fi say\u0131s\u0131 rekor seviyeye ula\u015ft\u0131. Haziran 2023 itibariyle 175.000&#8217;den fazla ki\u015fi, m\u00fclteci stat\u00fcs\u00fc al\u0131p alamayacaklar\u0131 konusunda bir karar bekliyor. Bu, ge\u00e7en y\u0131la k\u0131yasla %44 art\u0131\u015fa i\u015faret ediyor.<\/span><\/p>\n<p><span style=\"font-weight: 400;\">2022&#8217;nin sonunda, Ba\u015fbakan Rishi Sunak, bu bekleyen s\u0131\u011f\u0131nma ba\u015fvurular\u0131n\u0131 y\u0131l sonuna kadar \u00e7\u00f6zme hedefini belirlemi\u015fti. Ancak, bu s\u00fcre zarf\u0131nda ayda sadece ortalama 2.061 dosya sonu\u00e7land\u0131r\u0131ld\u0131. Hedefin ger\u00e7ekle\u015ftirilmesi i\u00e7in, her ay 11.311 dosyan\u0131n i\u015flenmesi gerekti\u011fi \u00f6ng\u00f6r\u00fcl\u00fcyor. Bu bekleyen dosyalar, 2022 Haziran&#8217;\u0131ndan \u00f6nceki ba\u015fvurular\u0131 kaps\u0131yor. <\/span><\/p>\n<p><span style=\"font-weight: 400;\">Yeni verilere g\u00f6re, 2023&#8217;te 78.768 yeni s\u0131\u011f\u0131nma talebi yap\u0131ld\u0131. Bu, bir \u00f6nceki y\u0131la g\u00f6re yakla\u015f\u0131k be\u015fte bir art\u0131\u015f\u0131 ifade ediyor. Dahas\u0131, s\u0131\u011f\u0131nma ba\u015fvurusundan vazge\u00e7me say\u0131s\u0131 da ge\u00e7en y\u0131la g\u00f6re dramatik bir \u015fekilde, 15.244&#8217;e \u00e7\u0131kt\u0131. 2023 y\u0131l\u0131na kadar olan d\u00f6nemde Birle\u015fik Krall\u0131k\u2019a k\u00fc\u00e7\u00fck botlarla gelen insan say\u0131s\u0131n\u0131n ge\u00e7en y\u0131la g\u00f6re %26 artarak 44,460&#8217;a ula\u015ft\u0131\u011f\u0131 belirtiliyor. Bu ki\u015filerin yar\u0131s\u0131ndan fazlas\u0131 2022&#8217;nin A\u011fustos ile Ekim aylar\u0131 aras\u0131nda geldi. \u00d6zellikle A\u011fustos ay\u0131, verilerin topland\u0131\u011f\u0131 d\u00f6nemden bu yana en y\u00fcksek geli\u015f say\u0131s\u0131n\u0131 g\u00f6rd\u00fc. Bu ki\u015filerin yar\u0131s\u0131ndan fazlas\u0131n\u0131 Arnavut ve Afgan vatanda\u015flar\u0131 olu\u015fturuyor. <\/span><\/p>\n<p><span style=\"font-weight: 400;\">Afganistan&#8217;da Taliban&#8217;\u0131n iktidara gelmesiyle birlikte Afgan vatanda\u015flar\u0131n\u0131n Birle\u015fik Krall\u0131k\u2019a olan g\u00f6\u00e7\u00fcnde ciddi bir art\u0131\u015f ya\u015fand\u0131\u011f\u0131 g\u00f6zlemleniyor.<\/span><\/p>\n<h3><span style=\"font-weight: 400;\">\u2744\ufe0f\ud83d\udca1 &#8220;\u0130ngiltere\u2019de Enerji Fiyatlar\u0131nda Paradoks&#8221; #Enerji<\/span><\/h3>\n<p><span style=\"font-weight: 400;\">K\u0131\u015f aylar\u0131n\u0131n yakla\u015fmas\u0131yla Birle\u015fik Krall\u0131k&#8217;ta enerji fiyatlar\u0131na y\u00f6nelik tart\u0131\u015fmalar g\u00fcndemin \u00fcst s\u0131ralar\u0131nda yer al\u0131yor. H\u00fck\u00fcmetin enerji fiyat\u0131 tavan\u0131n\u0131 d\u00fc\u015f\u00fcrme karar\u0131na ra\u011fmen, milyonlarca vatanda\u015f ge\u00e7en y\u0131l\u0131n ayn\u0131 d\u00f6nemine k\u0131yasla daha y\u00fcksek enerji faturalar\u0131yla kar\u015f\u0131 kar\u015f\u0131ya. <\/span><\/p>\n<p><span style=\"font-weight: 400;\">Enerji d\u00fczenleyici kurulu\u015fu Ofgem, fiyat tavan\u0131nda yakla\u015f\u0131k %7&#8217;lik bir d\u00fc\u015f\u00fc\u015f\u00fcn olaca\u011f\u0131n\u0131 a\u00e7\u0131klayacak. Teorik olarak, bu t\u00fcketicinin enerji faturalar\u0131nda bir d\u00fc\u015f\u00fc\u015f g\u00f6rmesi anlam\u0131na geliyor. Ancak paradoksal bir \u015fekilde, h\u00fck\u00fcmetin sundu\u011fu mali desteklerin azalmas\u0131, t\u00fcketicinin cebinden \u00e7\u0131kan miktar\u0131n asl\u0131nda artmas\u0131na neden oluyor.<\/span><\/p>\n<p><span style=\"font-weight: 400;\">Mevcut enerji fiyat tavan\u0131, y\u0131ll\u0131k ortalama \u00a32,074. Bu rakam\u0131n \u00a31,824&#8217;e d\u00fc\u015fece\u011fi \u00f6ng\u00f6r\u00fcl\u00fcyor. Ancak bu d\u00fc\u015f\u00fc\u015f, t\u00fcm t\u00fcketicilere e\u015fit \u015fekilde yans\u0131m\u0131yor. Daha az enerji kullanan haneler, enerji birimi ba\u015f\u0131na maliyetin d\u00fc\u015fmesine ra\u011fmen sabit \u00fccretlerin art\u0131\u015f\u0131 nedeniyle daha fazla \u00f6deme yapacaklar.<\/span><\/p>\n<h3><span style=\"font-weight: 400;\">\ud83e\udd16\ud83d\udd12 \u0130ngiltere Yapay Zeka G\u00fcvenli\u011fi Zirvesi&#8217;ne Ev Sahipli\u011fi #Teknoloji<\/span><\/h3>\n<p><span style=\"font-weight: 400;\">Yapay Zeka G\u00fcvenli\u011fi Zirvesi, 1-2 Kas\u0131m tarihlerinde, Nazi Almanyas\u0131&#8217;n\u0131n \u015fifrelerinin \u00e7\u00f6z\u00fcld\u00fc\u011f\u00fc ve bilgisayar biliminin kuruldu\u011fu yer kabul edilen Bletchley Park&#8217;ta d\u00fczenlenecek.<\/span><\/p>\n<p><span style=\"font-weight: 400;\">Bu alanda d\u00fcnyadaki ilk zirve olma \u00f6zelli\u011fi ta\u015f\u0131yan etkinlikte, yapay zekan\u0131n riskleri, uluslararas\u0131 alanda koordine eylemler, yapay zeka modelleri, ekonomik b\u00fcy\u00fcmeye etki, bilimsel ilerlemeyi te\u015fvik ve yapay zekan\u0131n kamu yarar\u0131na kullan\u0131m\u0131 gibi konular ele al\u0131nacak.<\/span><\/p>\n<p><span style=\"font-weight: 400;\">Yapay zekan\u0131n sorumlu kullan\u0131lmad\u0131\u011f\u0131 takdirde ta\u015f\u0131d\u0131\u011f\u0131 potansiyel g\u00fcvenlik riskler masaya yat\u0131r\u0131lacak. Ba\u015fbakan Rishi Sunak a\u00e7\u0131klamas\u0131nda, \u0130ngiltere&#8217;nin gelece\u011fin teknolojilerinin tart\u0131\u015f\u0131labilece\u011fi en ideal yer oldu\u011funu belirterek &#8220;Yapay zekan\u0131n ola\u011fan\u00fcst\u00fc f\u0131rsatlar\u0131n\u0131 tam kavramak i\u00e7in \u00f6n\u00fcm\u00fczdeki y\u0131llarda g\u00fcvenli bir \u015fekilde geli\u015fmesini sa\u011flamak amac\u0131yla riskleri belirlemeli ve bunlarla m\u00fccadele etmeliyiz.&#8221; dedi.<\/span><\/p>\n<p><span style=\"font-weight: 400;\">Teknoloji, Bilim ve \u0130novasyondan Sorumlu Devlet Bakan\u0131 Michelle Donelan da a\u00e7\u0131klamas\u0131nda, yapay zeka alan\u0131nda uluslararas\u0131 i\u015fbirli\u011fine vurgu yaparak &#8220;Zirve sonucunda bu alanda \u00f6nde gelen milletlerin ve uzmanlar\u0131n bu teknolojinin g\u00fcvenli kullan\u0131m\u0131na y\u00f6nelik ortak bir yakla\u015f\u0131m \u00fczerinde anla\u015fmaya varmas\u0131n\u0131 istiyoruz.&#8221; diye konu\u015ftu.<\/span><\/p>\n<div id=\"briti-2230230850\" class=\"briti-icerikten-sonra_2\" style=\"margin-top: 25px;margin-bottom: 25px;\"><a href=\"https:\/\/wa.me\/message\/NDZLLIOQT4H3O1\" aria-label=\"bytv reklam banner\"><img loading=\"lazy\" decoding=\"async\" src=\"https:\/\/by-tv.co.uk\/wp-content\/uploads\/2025\/12\/bytv-reklam-banner.jpg\" alt=\"\"  width=\"2376\" height=\"1008\"   \/><\/a><\/div>","protected":false},"excerpt":{"rendered":"<p>\u0130ngiltere&#8217;de Bug\u00fcn \ud83d\udc69\u200d\u2695\ufe0f\ud83e\ude7a \u0130ngiltere&#8217;de Doktorlar Bir Kez Daha Grevde #DoktorGrevi \u0130ngiltere&#8217;deki uzman doktorlar, maa\u015flar\u0131na daha fazla zam yap\u0131lmas\u0131 talebiyle 2 g\u00fcn s\u00fcrecek bir greve ba\u015flad\u0131. \u0130ngiliz Tabipler Birli\u011fi (BMA), yakla\u015f\u0131k 24 bin uzman doktorun yerel saatle sabah 07.00&#8217;den itibaren greve gitti\u011fini a\u00e7\u0131klad\u0131. BMA&#8217;n\u0131n yapt\u0131\u011f\u0131 a\u00e7\u0131klamaya g\u00f6re, h\u00fck\u00fcmet doktorlara bu y\u0131l i\u00e7in %6 zam teklif etti. Ancak bu teklif, doktorlar\u0131 tatmin etmedi. \u00c7\u00fcnk\u00fc doktorlar, son y\u0131llarda ald\u0131klar\u0131 zamlar\u0131n enflasyon oranlar\u0131n\u0131n alt\u0131nda kald\u0131\u011f\u0131n\u0131 belirtiyor ve maa\u015flar\u0131na %35 oran\u0131nda zam yap\u0131lmas\u0131n\u0131 istiyor. H\u00fck\u00fcmetin %6&#8217;l\u0131k zam teklifi ise bir\u00e7ok doktor taraf\u0131ndan yetersiz bulunarak &#8220;alayc\u0131&#8221; olarak nitelendirildi. Bu grev karar\u0131, Ulusal Sa\u011fl\u0131k Hizmeti (NHS) taraf\u0131ndan [&hellip;]<\/p>\n","protected":false},"author":1,"featured_media":21182,"comment_status":"open","ping_status":"open","sticky":false,"template":"","format":"standard","meta":{"ngg_post_thumbnail":0,"footnotes":""},"categories":[15],"tags":[430,3129,149,5042],"class_list":["post-21181","post","type-post","status-publish","format-standard","has-post-thumbnail","hentry","category-ingiltere","tag-birlesik-krallik","tag-ingiliz-tabipler-birligi","tag-ingiltere","tag-ithalat-kontrolu"],"_links":{"self":[{"href":"https:\/\/by-tv.co.uk\/en\/wp-json\/wp\/v2\/posts\/21181","targetHints":{"allow":["GET"]}}],"collection":[{"href":"https:\/\/by-tv.co.uk\/en\/wp-json\/wp\/v2\/posts"}],"about":[{"href":"https:\/\/by-tv.co.uk\/en\/wp-json\/wp\/v2\/types\/post"}],"author":[{"embeddable":true,"href":"https:\/\/by-tv.co.uk\/en\/wp-json\/wp\/v2\/users\/1"}],"replies":[{"embeddable":true,"href":"https:\/\/by-tv.co.uk\/en\/wp-json\/wp\/v2\/comments?post=21181"}],"version-history":[{"count":0,"href":"https:\/\/by-tv.co.uk\/en\/wp-json\/wp\/v2\/posts\/21181\/revisions"}],"wp:featuredmedia":[{"embeddable":true,"href":"https:\/\/by-tv.co.uk\/en\/wp-json\/wp\/v2\/media\/21182"}],"wp:attachment":[{"href":"https:\/\/by-tv.co.uk\/en\/wp-json\/wp\/v2\/media?parent=21181"}],"wp:term":[{"taxonomy":"category","embeddable":true,"href":"https:\/\/by-tv.co.uk\/en\/wp-json\/wp\/v2\/categories?post=21181"},{"taxonomy":"post_tag","embeddable":true,"href":"https:\/\/by-tv.co.uk\/en\/wp-json\/wp\/v2\/tags?post=21181"}],"curies":[{"name":"wp","href":"https:\/\/api.w.org\/{rel}","templated":true}]}}