{"id":21131,"date":"2023-08-21T09:44:12","date_gmt":"2023-08-21T08:44:12","guid":{"rendered":"https:\/\/by-tv.co.uk\/?p=21131"},"modified":"2023-09-20T14:04:27","modified_gmt":"2023-09-20T13:04:27","slug":"%e2%9a%a1%ef%b8%8f%e2%9c%88%ef%b8%8f-stansted-havalimaninda-elektrik-kesintisi-birlesik-krallik-haber-turu-18-agustos-2023","status":"publish","type":"post","link":"https:\/\/by-tv.co.uk\/en\/stansted-havalimaninda-elektrik-kesintisi-birlesik-krallik-haber-turu-21-agustos-2023\/","title":{"rendered":"Stansted Havaliman\u0131&#8217;nda Kaos| Birle\u015fik Krall\u0131k Haber Turu | 21 A\u011fustos 2023"},"content":{"rendered":"<p><iframe title=\"Spotify Embed: Birle\u015fik Krall\u0131k Haber Turu 21 A\u011fustos 2023 Pazartesi \ud83d\udcc5\" style=\"border-radius: 12px\" width=\"624\" height=\"351\" frameborder=\"0\" allowfullscreen allow=\"autoplay; clipboard-write; encrypted-media; fullscreen; picture-in-picture\" loading=\"lazy\" src=\"https:\/\/open.spotify.com\/embed\/episode\/4KsufpcJnOfFg2ufWCxsJh\/video?si=GwnP8iEZRia7DVjHb7isow&#038;utm_source=oembed\"><\/iframe><\/p>\n<h3>\u0130ngiltere&#8217;de Bug\u00fcn<\/h3>\n<h4>21 A\u011fustos 2023 Pazartesi \ud83d\udcc5 Birle\u015fik Krall\u0131k <a href=\"https:\/\/open.spotify.com\/episode\/052yx9I4RWyKRDvdTKMa37?si=YO7sDgwXSD-lYnsfaJICog\" target=\"_blank\" rel=\"noopener\">Haber Turu<\/a>&nbsp;Ba\u015fl\u0131yor \ud83c\udf99\ufe0f<\/h4>\n<h3>\ud83c\udffa\ud83d\ude94 Cenevre&#8217;den Kaybolan Tarihi Vazo, Londra&#8217;da Ele Ge\u00e7irildi! #TarihiEserKurtarma<\/h3>\n<p>2 milyon sterlin de\u011ferindeki 15. y\u00fczy\u0131l\u2019a ait vazo 2019\u2019da \u0130svi\u00e7re&#8217;nin Cenevre kentindeki m\u00fczede \u00e7al\u0131nm\u0131\u015ft\u0131. Vazoyu Londra Metropolitan Polis Te\u015fkilat\u0131, Londra&#8217;da ele ge\u00e7irdi. Vazonun yerini tespit etme s\u00fcreci, bir m\u00fczayede evine fiyat belirleme talebiyle gelen e-posta ile ba\u015flad\u0131. Londra&#8217;da d\u00fczenlenen operasyonda, vazoyu 450 bin sterline satmaya \u00e7al\u0131\u015fan \u00fc\u00e7 ki\u015fi yakaland\u0131. Tutuklanan \u015f\u00fcpheliler, Southwark mahkemesinde hapis cezas\u0131na \u00e7arpt\u0131r\u0131ld\u0131. Polis, bu operasyonun ve yarg\u0131lama s\u00fcrecinin 4 y\u0131l boyunca \u0130svi\u00e7reli kurumlarla ortakla\u015fa y\u00fcr\u00fct\u00fcld\u00fc\u011f\u00fcn\u00fc vurgulad\u0131.<\/p>\n<h3>\u26bd\ufe0f\ud83c\udfc6 2023 FIFA Kad\u0131nlar D\u00fcnya Kupas\u0131&#8217;n\u0131n \u015eampiyonu \u0130spanya! #Kad\u0131nlarD\u00fcnyaKupas\u0131<\/h3>\n<p>2023 FIFA Kad\u0131nlar D\u00fcnya Kupas\u0131&#8217;n\u0131, \u0130ngiltere&#8217;yi 1-0 ma\u011flup eden \u0130spanya kald\u0131rd\u0131. Final ma\u00e7\u0131 Avustralya ve Yeni Zelanda&#8217;n\u0131n ev sahipli\u011finde d\u00fczenlendi. Sydney&#8217;deki Avustralya Stadyumu&#8217;nda \u0130spanya&#8217;n\u0131n gol\u00fcn\u00fc 29. dakikada Olga Carmona Garcia att\u0131. \u0130ngiltere&#8217;nin bir vuru\u015fu direkten d\u00f6nerken, \u0130spanya ma\u00e7\u0131n ikinci yar\u0131s\u0131nda bir penalt\u0131y\u0131 ka\u00e7\u0131rd\u0131. 3.&#8217;l\u00fck ma\u00e7\u0131nda \u0130sve\u00e7, Avustralya&#8217;y\u0131 2-0 yenerek turnuvay\u0131 \u00fc\u00e7\u00fcnc\u00fc s\u0131rada tamamlad\u0131. Avustralya ise turnuvay\u0131 d\u00f6rd\u00fcnc\u00fc s\u0131rada tamamlayarak en iyi sonucunu elde etti.&nbsp;<\/p>\n<blockquote class=\"twitter-tweet\">\n<p dir=\"ltr\" lang=\"en\">Our <a href=\"https:\/\/twitter.com\/FIFAWWC?ref_src=twsrc%5Etfw\" target=\"_blank\" rel=\"noopener\">@FIFAWWC<\/a> dream comes to an end at the final hurdle. <a href=\"https:\/\/t.co\/dnAIMDHwll\">pic.twitter.com\/dnAIMDHwll<\/a><\/p>\n<p>\u2014 Lionesses (@Lionesses) <a href=\"https:\/\/twitter.com\/Lionesses\/status\/1693232194620146078?ref_src=twsrc%5Etfw\" target=\"_blank\" rel=\"noopener\">August 20, 2023<\/a><\/p><\/blockquote>\n<p><script async=\"\" src=\"https:\/\/platform.twitter.com\/widgets.js\" charset=\"utf-8\"><\/script><\/p>\n<h3>\u2615\ufe0f\ud83d\udc6e John Lewis, H\u0131rs\u0131zl\u0131\u011fa Kar\u015f\u0131 Polise \u00dccretsiz Kahve \u00d6neriyor! #H\u0131rs\u0131zl\u0131k\u00d6nlemi<\/h3>\n<p>John Lewis Partnership, ma\u011faza h\u0131rs\u0131zl\u0131\u011f\u0131n\u0131 cayd\u0131rmak amac\u0131yla g\u00f6revli polis memurlar\u0131na \u00fccretsiz s\u0131cak i\u00e7ecekler sunaca\u011f\u0131n\u0131 a\u00e7\u0131klad\u0131. Waitrose&#8217;da polisler, ma\u011faza i\u00e7i kahve makinelerinden i\u00e7ecek alabilecek. John Lewis&#8217;te ise polisler, mola i\u00e7in personel kafeteryalar\u0131n\u0131 kullanabilecek. \u015eirketin g\u00fcvenlik ba\u015fkan\u0131, sadece bir polis arac\u0131n\u0131n d\u0131\u015far\u0131da park etmesinin bile h\u0131rs\u0131zlar\u0131 cayd\u0131rabilece\u011fini belirtti.<\/p><div id=\"briti-1753969325\" class=\"briti-icerik\" style=\"margin-top: 5px;margin-bottom: 5px;\"><a href=\"https:\/\/piaryum.com\/services\/\" aria-label=\"piaryum banner\"><img loading=\"lazy\" decoding=\"async\" src=\"https:\/\/by-tv.co.uk\/wp-content\/uploads\/2025\/12\/Gemini_Generated_Image_g5yqr1g5yqr1g5yq.jpg\" alt=\"\"  width=\"2064\" height=\"1152\"   \/><\/a><\/div>\n<div id=\"attachment_21137\" style=\"width: 2058px\" class=\"wp-caption alignnone\"><img loading=\"lazy\" decoding=\"async\" aria-describedby=\"caption-attachment-21137\" class=\"size-full wp-image-21137\" src=\"https:\/\/by-tv.co.uk\/wp-content\/uploads\/2023\/08\/WhatsApp-Image-2023-08-21-at-18.08.16.jpeg\" alt=\"\" width=\"2048\" height=\"1152\" title=\"\"><p id=\"caption-attachment-21137\" class=\"wp-caption-text\">Stansted Havaliman\u0131&#8217;nda Kaos| Birle\u015fik Krall\u0131k Haber Turu | 21 A\u011fustos 2023<\/p><\/div>\n<h3>\ud83c\udfe2\ud83d\udcbc Wilko&#8217;nun Depo Sat\u0131\u015f\u0131 G\u00fcndemde: 40 Milyon Sterlin Zarar \u0130ddias\u0131! #EmlakSkandal\u0131<\/h3>\n<p>\u0130ngiliz perakende zinciri Wilko, nakit s\u0131k\u0131nt\u0131s\u0131 \u00e7ekerken Nottinghamshire&#8217;da 1.1 milyon metrekarelik depoyu 48 milyon sterlin kar\u015f\u0131l\u0131\u011f\u0131nda DHL&#8217;ee satt\u0131. Ancak, sadece iki ay sonra DHL, m\u00fclk\u00fc 88 milyon sterlin kar\u015f\u0131l\u0131\u011f\u0131nda \u00f6zel sermaye \u015firketi Brookfield Asset Management&#8217;a satt\u0131. \u0130\u015flem, \u015firketin 40 milyon sterlin zarara u\u011frad\u0131\u011f\u0131 iddialar\u0131n\u0131 g\u00fcndeme getirdi. Bir kaynak durumu &#8220;yang\u0131ndan mal ka\u00e7\u0131rma&#8221; olarak nitelendirdi. Wilko ge\u00e7ti\u011fimiz hafta iflas etti, ancak di\u011fer perakende zincirlerinin \u015firketi almay\u0131 d\u00fc\u015f\u00fcnd\u00fc\u011f\u00fc s\u00f6yleniyor, bu da 12.000 \u00e7al\u0131\u015fan\u0131n kurtulabilece\u011fi anlam\u0131na geliyor.<\/p>\n<h3>\u26a1\ufe0f\ud83d\udcb0 Beklenen Enerji Fiyat\u0131 D\u00fc\u015f\u00fc\u015f\u00fc Ger\u00e7ekle\u015fmeyecek! #EnerjiFiyatlar\u0131<\/h3>\n<p>Bu k\u0131\u015f enerji fiyatlar\u0131nda bir d\u00fc\u015f\u00fc\u015f bekleniyordu, ancak faturalar 2024 y\u0131l\u0131na kadar y\u00fcksek seviyede kalacak. Y\u00fcksek faturalar\u0131n nedenleri aras\u0131nda gaz fiyatlar\u0131n\u0131n artmas\u0131, Avustralya&#8217;daki grev tehditleri ve Rusya&#8217;n\u0131n gaz ak\u0131\u015f\u0131n\u0131 k\u0131s\u0131tlamas\u0131 geliyor. Baz\u0131 uzmanlar, m\u00fc\u015fterilere daha fazla yard\u0131m sunulmas\u0131 gerekti\u011fini d\u00fc\u015f\u00fcn\u00fcyor. Cornwall Insight taraf\u0131ndan yap\u0131lan bir tahmine g\u00f6re, enerji d\u00fczenleme kurumu, y\u0131l\u0131n d\u00f6rd\u00fcnc\u00fc \u00e7eyre\u011fi i\u00e7in y\u0131ll\u0131k 2.074 sterlinden 1.823 sterline d\u00fc\u015fmesi gerekti\u011fini a\u00e7\u0131klamas\u0131na ra\u011fmen, fiyat tavan\u0131nda 250 sterlinden fazla bir d\u00fc\u015f\u00fc\u015f bekleniyor.<\/p>\n<h3>\ud83d\udecd\ufe0f\ud83d\udcf2 Ana Caddeleri Canland\u0131rmak \u0130\u00e7in Ma\u011fazalara 110 Milyon Sterlin Yat\u0131r\u0131m! #DijitalRekabet<\/h3>\n<p>HomeServe \u015firketinin kurucusu Richard Harpin, \u0130ngiltere&#8217;nin ana caddelerinin canland\u0131r\u0131lmas\u0131 amac\u0131yla orta b\u00fcy\u00fckl\u00fckteki i\u015fletmelere 110 milyon sterlin yat\u0131r\u0131m yapmay\u0131 planl\u0131yor. Yat\u0131r\u0131m, i\u015fletmelerin e-ticaret rekabetinde yanlar\u0131nda olmak, geli\u015fen teknoloji ile m\u00fc\u015fteri tabanlar\u0131n\u0131 art\u0131rmak amac\u0131yla kullan\u0131lacak. Harpin, &#8220;Dijital bir d\u00fcnyada hayatta kalmak ve b\u00fcy\u00fcmek isteyen k\u00fc\u00e7\u00fck ve orta b\u00fcy\u00fckl\u00fckteki i\u015fletmeler i\u00e7in, geleneksel ma\u011fazalara d\u00f6n\u00fc\u015f yapmalar\u0131 gerekmiyor, sadece dijital d\u00fcnyada daha etkin olmalar\u0131 gerekiyor&#8221; dedi.<\/p>\n<h3>\ud83e\ude72\u270a &#8220;Say Pants to the Tax&#8221; Kampanyas\u0131 Tesco ve Primark ile B\u00fcy\u00fcyor! #VergiyeHay\u0131r<\/h3>\n<p>&#8220;Say Pants to the Tax&#8221; kampanyas\u0131, i\u00e7 \u00e7ama\u015f\u0131r vergisinin kald\u0131r\u0131lmas\u0131 \u00e7a\u011fr\u0131s\u0131yla b\u00fcy\u00fcmeye devam ediyor. Kampanyaya bir destek de \u0130ngiltere&#8217;deki perakende ma\u011fazalar\u0131 Tesco ve Primark&#8217;tan geldi. Primark, i\u00e7 giyim \u00fczerindeki vergilerin indirilmesi veya kald\u0131r\u0131lmas\u0131 gerekti\u011fini, \u00e7\u00fcnk\u00fc bu \u00fcr\u00fcnlerin bir l\u00fcks de\u011fil, temel bir ihtiya\u00e7 oldu\u011funu belirtti. Tesco da i\u00e7 giyimdeki vergi oranlar\u0131n\u0131n d\u00fc\u015f\u00fcr\u00fclmesi \u00e7a\u011fr\u0131s\u0131nda bulundu. \u0130\u00e7 \u00c7ama\u015f\u0131r vergisi \u0130ngiltere&#8217;de %20 olarak uygulan\u0131yor. Kampanya, verginin kad\u0131nlar\u0131 olumsuz etkiledi\u011fini vurguluyor.<\/p>\n<h3>\ud83d\udcf8\ud83c\udf43 Londra, Ultra D\u00fc\u015f\u00fck Emisyon B\u00f6lgesi i\u00e7in Kamera Kurulumuyla M\u00fccadele Ediyor! #D\u00fc\u015f\u00fckEmisyon<\/h3>\n<p>Londra&#8217;n\u0131n Ultra D\u00fc\u015f\u00fck Emisyon B\u00f6lgesi (ULEZ) sisteminin geni\u015fletilmesi i\u00e7in 2.750 kamera kurulmas\u0131 planlan\u0131yor. Londra Belediye Ba\u015fkan\u0131 Sadiq Khan, ba\u015fkentin d\u0131\u015f b\u00f6lgelerindeki yollara kamera eklemeyi d\u00fc\u015f\u00fcnd\u00fc\u011f\u00fcn\u00fc belirtti. \u0130lk etapta 1.250 kamera Ekim ay\u0131nda kurulacak. Bu, sadece bir hafta s\u00fcrecek ve \u015fehir merkezinin etraf\u0131ndaki yollar\u0131 i\u00e7erecek. Trafik yo\u011funlu\u011fu nedeniyle, baz\u0131 kameralar\u0131n kurulmas\u0131 birka\u00e7 y\u0131l s\u00fcrebilir. Bu ad\u0131m, Londra&#8217;n\u0131n hava kalitesini iyile\u015ftirmeye y\u00f6nelik olarak at\u0131lan bir ad\u0131md\u0131r.<\/p>\n<h3>\u2708\ufe0f\ud83d\udcdd Tatil Firmalar\u0131, Havayollar\u0131na Daha G\u00fc\u00e7l\u00fc Yapt\u0131r\u0131m \u0130\u00e7in \u0130ngiltere Ba\u015fbakan\u0131&#8217;na \u00c7a\u011fr\u0131da Bulundu! #Havac\u0131l\u0131kYapt\u0131r\u0131m\u0131<\/h3>\n<p>Tatil firmalar\u0131, <a href=\"https:\/\/by-tv.co.uk\/en\/?s=haber+turu\">\u0130ngiltere<\/a> Ba\u015fbakan\u0131&#8217;na, havac\u0131l\u0131k denetim otoritesi <a href=\"https:\/\/www.caa.co.uk\" target=\"_blank\" rel=\"noopener\">Civil Aviation Authority<\/a>&#8216;ye (CAA), servis ba\u015far\u0131s\u0131zl\u0131klar\u0131 i\u00e7in havayollar\u0131na do\u011frudan ceza kesme yetkisi verilmesi \u00e7a\u011fr\u0131s\u0131nda bulundu. \u00c7a\u011fr\u0131, havayollar\u0131n\u0131n koruma hakk\u0131n\u0131 ihlal etti\u011fi ve turizm firmalar\u0131n\u0131n son 18 ayda milyonlarca sterlin zarara u\u011frad\u0131\u011f\u0131 \u015fikayetleri \u00fczerine geldi. \u00c7a\u011fr\u0131n\u0131n arkas\u0131ndaki 30&#8217;dan fazla \u015firket, ceza mekanizmas\u0131n\u0131n yerinde olmas\u0131 halinde m\u00fc\u015fterilerine daha h\u0131zl\u0131 geri \u00f6deme yapabileceklerini belirtti.<\/p>\n<h3>\u26a1\ufe0f\u2708\ufe0f Stansted Havaliman\u0131&#8217;nda Elektrik Kesintisi: U\u00e7u\u015flarda ve Metro Seferlerinde Kaos! #Havaliman\u0131Kaosu<\/h3>\n<p>Londra&#8217;n\u0131n Stansted Havaliman\u0131&#8217;nda 21 A\u011fustos Pazar g\u00fcn\u00fc ya\u015fanan elektrik kesintisi terminalde kaosa neden oldu. Binlerce yolcu, havaalan\u0131 karanl\u0131kta kal\u0131rken u\u00e7u\u015flar da aksad\u0131. Metro seferleri de etkilendi. Bu durum, y\u00fczlerce yolcunun havaalan\u0131na eri\u015fememesine ve gecikmeler ya\u015famas\u0131na neden oldu. Sorunun, enerji \u015firketi UK Power Networks&#8217;ten kaynakland\u0131\u011f\u0131 bildirildi. \u015eirket, konuya dair yapt\u0131\u011f\u0131 a\u00e7\u0131klamada, havaliman\u0131 yak\u0131n\u0131nda bir kablo ar\u0131zas\u0131n\u0131n s\u00f6z konusu oldu\u011funu ve sorunun \u00e7\u00f6z\u00fcld\u00fc\u011f\u00fcn\u00fc belirtti. Yolcular\u0131n ma\u011fduriyetinin giderilmesi i\u00e7in \u00e7al\u0131\u015fmalar\u0131n s\u00fcrd\u00fc\u011f\u00fc ifade edildi.<\/p>\n<div id=\"briti-1245559238\" class=\"briti-icerikten-sonra_2\" style=\"margin-top: 25px;margin-bottom: 25px;\"><a href=\"https:\/\/wa.me\/message\/NDZLLIOQT4H3O1\" aria-label=\"bytv reklam banner\"><img loading=\"lazy\" decoding=\"async\" src=\"https:\/\/by-tv.co.uk\/wp-content\/uploads\/2025\/12\/bytv-reklam-banner.jpg\" alt=\"\"  width=\"2376\" height=\"1008\"   \/><\/a><\/div>","protected":false},"excerpt":{"rendered":"<p>\u0130ngiltere&#8217;de Bug\u00fcn 21 A\u011fustos 2023 Pazartesi \ud83d\udcc5 Birle\u015fik Krall\u0131k Haber Turu&nbsp;Ba\u015fl\u0131yor \ud83c\udf99\ufe0f \ud83c\udffa\ud83d\ude94 Cenevre&#8217;den Kaybolan Tarihi Vazo, Londra&#8217;da Ele Ge\u00e7irildi! #TarihiEserKurtarma 2 milyon sterlin de\u011ferindeki 15. y\u00fczy\u0131l\u2019a ait vazo 2019\u2019da \u0130svi\u00e7re&#8217;nin Cenevre kentindeki m\u00fczede \u00e7al\u0131nm\u0131\u015ft\u0131. Vazoyu Londra Metropolitan Polis Te\u015fkilat\u0131, Londra&#8217;da ele ge\u00e7irdi. Vazonun yerini tespit etme s\u00fcreci, bir m\u00fczayede evine fiyat belirleme talebiyle gelen e-posta ile ba\u015flad\u0131. Londra&#8217;da d\u00fczenlenen operasyonda, vazoyu 450 bin sterline satmaya \u00e7al\u0131\u015fan \u00fc\u00e7 ki\u015fi yakaland\u0131. Tutuklanan \u015f\u00fcpheliler, Southwark mahkemesinde hapis cezas\u0131na \u00e7arpt\u0131r\u0131ld\u0131. Polis, bu operasyonun ve yarg\u0131lama s\u00fcrecinin 4 y\u0131l boyunca \u0130svi\u00e7reli kurumlarla ortakla\u015fa y\u00fcr\u00fct\u00fcld\u00fc\u011f\u00fcn\u00fc vurgulad\u0131. \u26bd\ufe0f\ud83c\udfc6 2023 FIFA Kad\u0131nlar D\u00fcnya Kupas\u0131&#8217;n\u0131n \u015eampiyonu \u0130spanya! #Kad\u0131nlarD\u00fcnyaKupas\u0131 [&hellip;]<\/p>\n","protected":false},"author":1,"featured_media":0,"comment_status":"open","ping_status":"open","sticky":false,"template":"","format":"video","meta":{"ngg_post_thumbnail":0,"footnotes":""},"categories":[15],"tags":[],"class_list":["post-21131","post","type-post","status-publish","format-video","hentry","category-ingiltere","post_format-post-format-video"],"_links":{"self":[{"href":"https:\/\/by-tv.co.uk\/en\/wp-json\/wp\/v2\/posts\/21131","targetHints":{"allow":["GET"]}}],"collection":[{"href":"https:\/\/by-tv.co.uk\/en\/wp-json\/wp\/v2\/posts"}],"about":[{"href":"https:\/\/by-tv.co.uk\/en\/wp-json\/wp\/v2\/types\/post"}],"author":[{"embeddable":true,"href":"https:\/\/by-tv.co.uk\/en\/wp-json\/wp\/v2\/users\/1"}],"replies":[{"embeddable":true,"href":"https:\/\/by-tv.co.uk\/en\/wp-json\/wp\/v2\/comments?post=21131"}],"version-history":[{"count":0,"href":"https:\/\/by-tv.co.uk\/en\/wp-json\/wp\/v2\/posts\/21131\/revisions"}],"wp:attachment":[{"href":"https:\/\/by-tv.co.uk\/en\/wp-json\/wp\/v2\/media?parent=21131"}],"wp:term":[{"taxonomy":"category","embeddable":true,"href":"https:\/\/by-tv.co.uk\/en\/wp-json\/wp\/v2\/categories?post=21131"},{"taxonomy":"post_tag","embeddable":true,"href":"https:\/\/by-tv.co.uk\/en\/wp-json\/wp\/v2\/tags?post=21131"}],"curies":[{"name":"wp","href":"https:\/\/api.w.org\/{rel}","templated":true}]}}