{"id":21128,"date":"2023-08-19T21:57:23","date_gmt":"2023-08-19T20:57:23","guid":{"rendered":"https:\/\/by-tv.co.uk\/?p=21128"},"modified":"2023-08-19T21:57:23","modified_gmt":"2023-08-19T20:57:23","slug":"ingilterede-is-basvurularinda-on-yaziya-ihtiyac-var-mi","status":"publish","type":"post","link":"https:\/\/by-tv.co.uk\/en\/ingilterede-is-basvurularinda-on-yaziya-ihtiyac-var-mi\/","title":{"rendered":"\u0130ngiltere\u2019de i\u015f ba\u015fvurular\u0131nda \u00f6n yaz\u0131ya ihtiya\u00e7 var m\u0131?\u00a0\u00a0"},"content":{"rendered":"<p>\u2018CNBC Make It\u2019 raporuna g\u00f6re, \u00e7al\u0131\u015fanlar\u0131n %58\u2019i \u00f6n yaz\u0131lar\u0131 gereksiz buluyor, ancak i\u015fe al\u0131mc\u0131lar\u0131n bir k\u0131sm\u0131 da \u00f6n yaz\u0131lar\u0131n CV\u2019nin sunmayaca\u011f\u0131 \u00f6zellikleri sundu\u011funu belirtiyor.&nbsp;<\/p>\n<p>IDA HR Coaching Kurucusu ve Boon Event Staffing Kurucu orta\u011f\u0131 Elif T\u00fcnay gibi kariyer ko\u00e7lar\u0131 da, \u00f6n yaz\u0131 yazman\u0131n zaman alsa da adaylar\u0131 di\u011fer adaylardan \u00f6ne \u00e7\u0131karma \u015fans\u0131 sundu\u011fu i\u00e7in gerekli buluyor.&nbsp;&nbsp;<\/p>\n<div id=\"attachment_11669\" style=\"width: 1370px\" class=\"wp-caption alignnone\"><img loading=\"lazy\" decoding=\"async\" aria-describedby=\"caption-attachment-11669\" class=\"size-full wp-image-11669\" src=\"https:\/\/by-tv.co.uk\/wp-content\/uploads\/2021\/07\/1_44PYiWBy1M5BfRG150VNpg.jpeg\" alt=\"\" width=\"1360\" height=\"1360\" title=\"\"><p id=\"caption-attachment-11669\" class=\"wp-caption-text\">Elif Tunay \/ IDA HR Coaching Kurucusu ve Boon Event Staffing Kurucu orta\u011f\u0131&nbsp;&nbsp;<\/p><\/div>\n<p>\u00d6n yaz\u0131y\u0131 genel olarak \u00e7ok i\u015flevsel buldu\u011funu belirten T\u00fcnay: \u201c\u00d6rne\u011fin; ba\u015fvuraca\u011f\u0131n\u0131z ilanda ger\u00e7ekten size arad\u0131klar\u0131n\u0131 d\u00fc\u015f\u00fcn\u00fcyorsan\u0131z, farkl\u0131 bir i\u015f alan\u0131na ge\u00e7ecekseniz, CV\u2019nizde deneyimleriniz aras\u0131 uzun bo\u015fluk veya ara varsa, \u00f6n yaz\u0131 yazmak \u00e7ok anlaml\u0131 olabilir. Ayr\u0131ca neden kar\u015f\u0131 taraf i\u00e7in do\u011fru bir aday oldu\u011funuzu anlatman\u0131z i\u00e7in \u00e7ok iyi bir f\u0131rsat.\u201d dedi.&nbsp;&nbsp;<\/p><div id=\"briti-3950619620\" class=\"briti-icerik\" style=\"margin-top: 5px;margin-bottom: 5px;\"><a href=\"https:\/\/piaryum.com\/services\/\" aria-label=\"piaryum banner\"><img loading=\"lazy\" decoding=\"async\" src=\"https:\/\/by-tv.co.uk\/wp-content\/uploads\/2025\/12\/Gemini_Generated_Image_g5yqr1g5yqr1g5yq.jpg\" alt=\"\"  width=\"2064\" height=\"1152\"   \/><\/a><\/div>\n<p>\u201cBunun yan\u0131s\u0131ra, CV\u2019de b\u00f6l\u00fcmlerin alt i\u00e7eriklerine ancak o b\u00f6l\u00fcmle ilgili konular\u0131 yazabiliyoruz ve baz\u0131 anlatmak istedi\u011fimiz konular\u0131m\u0131z CV\u2019ye yazmak i\u00e7in uygun olmayabiliyor. Bu nedenle kendimizi do\u011fru ifade edebilmek i\u00e7in de son derece kritik.\u201d&nbsp;&nbsp;<\/p>\n<p>\u201cT\u00fcm bunlar\u0131n d\u0131\u015f\u0131nda \u00f6nemli ba\u015far\u0131lar\u0131n\u0131z\u0131, kar\u015f\u0131 taraf i\u00e7in \u00e7ekici gelebilecek teknik ve ki\u015fisel y\u00f6nlerinizi, g\u00fc\u00e7l\u00fc karakter \u00f6zelliklerinizi ve ba\u015fvuraca\u011f\u0131n\u0131z pozisyon i\u00e7in istek ve motivasyonunuzu ifade etmek i\u00e7in de gayet uygun bir ara\u00e7\u201d&nbsp;&nbsp;<\/p>\n<p>Glassdoor kariyer uzman\u0131 Tyler Murphy\u2019ye g\u00f6re, \u00f6n yaz\u0131lar, aday\u0131n o rol i\u00e7in neden ba\u015fvurdu\u011funu ve neden o \u015firket ile ilgilendi\u011fini a\u00e7\u0131klamas\u0131na izin veren CV\u2019nin bir uzant\u0131s\u0131 ve aday\u0131n CV\u2019sindeki deneyimlerini derinle\u015ftirmek ve m\u00fclakat\u0131 g\u00fcvence alt\u0131na almak i\u00e7in i\u015fe al\u0131mc\u0131lar\u0131n dikkatini \u00e7ekmek ad\u0131na \u00e7ok iyi bir f\u0131rsat.&nbsp;<\/p>\n<p>\u0130\u015fe al\u0131mc\u0131lar\u0131n g\u00f6r\u00fc\u015fleri bu konuda ikiye ayr\u0131lm\u0131\u015f durumda. Baz\u0131lar\u0131, \u00f6n yaz\u0131lar\u0131 \u00f6nemli buldu\u011fundan, okumak i\u00e7in ekstra \u00e7aba harcad\u0131klar\u0131n\u0131 ifade ederken; di\u011ferleri onlardan kesinlikle nefret ettiklerini s\u00f6yl\u00fcyor ve \u00f6n yaz\u0131lar\u0131 modas\u0131 ge\u00e7mi\u015f buluyor.&nbsp;&nbsp;<\/p>\n<p>T\u00fcrkiye\u2019de \u00f6n yaz\u0131lar\u0131 i\u015fe al\u0131mc\u0131lar\u0131n okuma oran\u0131 \u00e7ok \u00e7ok d\u00fc\u015f\u00fck oldu\u011funu belirten Elif T\u00fcnay \u0130ngiltere\u2019de bu oran\u0131n 65%\u2019in \u00fczerinde oldu\u011funu ifade etti.&nbsp;&nbsp;<br \/>\n&nbsp;<\/p>\n<div id=\"briti-436057726\" class=\"briti-icerikten-sonra_2\" style=\"margin-top: 25px;margin-bottom: 25px;\"><a href=\"https:\/\/wa.me\/message\/NDZLLIOQT4H3O1\" aria-label=\"bytv reklam banner\"><img loading=\"lazy\" decoding=\"async\" src=\"https:\/\/by-tv.co.uk\/wp-content\/uploads\/2025\/12\/bytv-reklam-banner.jpg\" alt=\"\"  width=\"2376\" height=\"1008\"   \/><\/a><\/div>","protected":false},"excerpt":{"rendered":"<p>\u2018CNBC Make It\u2019 raporuna g\u00f6re, \u00e7al\u0131\u015fanlar\u0131n %58\u2019i \u00f6n yaz\u0131lar\u0131 gereksiz buluyor, ancak i\u015fe al\u0131mc\u0131lar\u0131n bir k\u0131sm\u0131 da \u00f6n yaz\u0131lar\u0131n CV\u2019nin sunmayaca\u011f\u0131 \u00f6zellikleri sundu\u011funu belirtiyor.&nbsp; IDA HR Coaching Kurucusu ve Boon Event Staffing Kurucu orta\u011f\u0131 Elif T\u00fcnay gibi kariyer ko\u00e7lar\u0131 da, \u00f6n yaz\u0131 yazman\u0131n zaman alsa da adaylar\u0131 di\u011fer adaylardan \u00f6ne \u00e7\u0131karma \u015fans\u0131 sundu\u011fu i\u00e7in gerekli buluyor.&nbsp;&nbsp; \u00d6n yaz\u0131y\u0131 genel olarak \u00e7ok i\u015flevsel buldu\u011funu belirten T\u00fcnay: \u201c\u00d6rne\u011fin; ba\u015fvuraca\u011f\u0131n\u0131z ilanda ger\u00e7ekten size arad\u0131klar\u0131n\u0131 d\u00fc\u015f\u00fcn\u00fcyorsan\u0131z, farkl\u0131 bir i\u015f alan\u0131na ge\u00e7ecekseniz, CV\u2019nizde deneyimleriniz aras\u0131 uzun bo\u015fluk veya ara varsa, \u00f6n yaz\u0131 yazmak \u00e7ok anlaml\u0131 olabilir. Ayr\u0131ca neden kar\u015f\u0131 taraf i\u00e7in do\u011fru bir aday oldu\u011funuzu [&hellip;]<\/p>\n","protected":false},"author":1,"featured_media":9357,"comment_status":"open","ping_status":"open","sticky":false,"template":"","format":"standard","meta":{"ngg_post_thumbnail":0,"footnotes":""},"categories":[15,2],"tags":[],"class_list":["post-21128","post","type-post","status-publish","format-standard","has-post-thumbnail","hentry","category-ingiltere","category-is-dunyasi"],"_links":{"self":[{"href":"https:\/\/by-tv.co.uk\/en\/wp-json\/wp\/v2\/posts\/21128","targetHints":{"allow":["GET"]}}],"collection":[{"href":"https:\/\/by-tv.co.uk\/en\/wp-json\/wp\/v2\/posts"}],"about":[{"href":"https:\/\/by-tv.co.uk\/en\/wp-json\/wp\/v2\/types\/post"}],"author":[{"embeddable":true,"href":"https:\/\/by-tv.co.uk\/en\/wp-json\/wp\/v2\/users\/1"}],"replies":[{"embeddable":true,"href":"https:\/\/by-tv.co.uk\/en\/wp-json\/wp\/v2\/comments?post=21128"}],"version-history":[{"count":0,"href":"https:\/\/by-tv.co.uk\/en\/wp-json\/wp\/v2\/posts\/21128\/revisions"}],"wp:featuredmedia":[{"embeddable":true,"href":"https:\/\/by-tv.co.uk\/en\/wp-json\/wp\/v2\/media\/9357"}],"wp:attachment":[{"href":"https:\/\/by-tv.co.uk\/en\/wp-json\/wp\/v2\/media?parent=21128"}],"wp:term":[{"taxonomy":"category","embeddable":true,"href":"https:\/\/by-tv.co.uk\/en\/wp-json\/wp\/v2\/categories?post=21128"},{"taxonomy":"post_tag","embeddable":true,"href":"https:\/\/by-tv.co.uk\/en\/wp-json\/wp\/v2\/tags?post=21128"}],"curies":[{"name":"wp","href":"https:\/\/api.w.org\/{rel}","templated":true}]}}