{"id":21118,"date":"2023-08-18T21:13:43","date_gmt":"2023-08-18T20:13:43","guid":{"rendered":"https:\/\/by-tv.co.uk\/?p=21118"},"modified":"2023-08-19T21:48:12","modified_gmt":"2023-08-19T20:48:12","slug":"atmb-baskani-vehbi-keles-istanbul-sanayi-odasi-baskani-erdal-bahcivani-ziyaret-etti","status":"publish","type":"post","link":"https:\/\/by-tv.co.uk\/en\/atmb-baskani-vehbi-keles-istanbul-sanayi-odasi-baskani-erdal-bahcivani-ziyaret-etti\/","title":{"rendered":"ATMB Ba\u015fkan\u0131 Vehbi Kele\u015f, \u0130stanbul Sanayi Odas\u0131 Ba\u015fkan\u0131 Erdal Bah\u00e7\u0131van&#8217;\u0131 ziyaret etti"},"content":{"rendered":"<p>Avrupal\u0131 T\u00fcrk Markalar Birli\u011fi (ATMB) Ba\u015fkan\u0131 Vehbi Kele\u015f, \u0130stanbul Sanayi Odas\u0131 (\u0130SO) Y\u00f6netim Kurulu Ba\u015fkan\u0131 Erdal Bah\u00e7\u0131van&#8217;\u0131 \u0130SO genel merkezi Odakule&#8217;de ziyaret etti. Ziyarette, T\u00fcrkiye&#8217;nin Avrupa pazar\u0131ndaki pozisyonu ve bu alanda yap\u0131lacak i\u015f birlikleri&nbsp; de\u011ferlendirildi.<\/p>\n<p><img loading=\"lazy\" decoding=\"async\" class=\"wp-image-21122 size-full\" style=\"font-weight: bold; text-align: inherit; font-size: 1.21429rem;\" src=\"https:\/\/by-tv.co.uk\/wp-content\/uploads\/2023\/08\/ATMB-Baskan-Vehbi-Keles-ISO-Baskan-Erdal-Bahcivan-ve-Sadik-Ayhan-Saruhan-1-scaled.jpg\" alt=\"\" width=\"2560\" height=\"1725\" title=\"\"><\/p>\n<p>Soldan Sa\u011fa: Avrupal\u0131 T\u00fcrk Markalar Birli\u011fi (ATMB) Ba\u015fkan\u0131 Vehbi Kele\u015f, \u0130stanbul Sanayi Odas\u0131 (\u0130SO) Y\u00f6netim Kurulu Ba\u015fkan\u0131 Erdal Bah\u00e7\u0131van, \u0130SO Meclis Ba\u015fkan Yard\u0131mc\u0131s\u0131 Sad\u0131k Ayhan SaruhanZiyarette, \u0130SO Meclis Ba\u015fkan Yard\u0131mc\u0131s\u0131 Sad\u0131k Ayhan Saruhan ATMB Genel Sekreteri Mustafa K\u00f6ker&#8217;in de haz\u0131r bulundu\u011fu bir toplant\u0131 ger\u00e7ekle\u015ftirildi. Toplant\u0131n\u0131n g\u00fcndemi, Avrupa ekonomisindeki son geli\u015fmeler, T\u00fcrk firmalar\u0131n\u0131n markala\u015fma s\u00fcrecine katk\u0131 sa\u011flama amac\u0131 g\u00fcden ATMB&#8217;nin faaliyetleri, ve T\u00fcrk sanayisinin Avrupa pazar\u0131nda daha rekabet\u00e7i hale gelmesi i\u00e7in at\u0131labilecek ad\u0131mlar oldu. Bu ba\u011flamda, iki kurumun sahip oldu\u011fu birikim ve deneyimin nas\u0131l kullan\u0131labilece\u011fi \u00fczerinde duruldu ve ileriki d\u00f6nemde ger\u00e7ekle\u015ftirilebilecek ortak projeler masaya yat\u0131r\u0131ld\u0131.<\/p>\n<p>ATMB Ba\u015fkan\u0131 Vehbi Kele\u015f, yapt\u0131\u011f\u0131 te\u015fekk\u00fcr konu\u015fmas\u0131nda, Birle\u015fik Krall\u0131k&#8217;ta i\u015f hacmi en y\u00fcksek olan T\u00fcrk i\u015f insanlar\u0131n\u0131n olu\u015fturdu\u011fu bir birlik olduklar\u0131n\u0131 belirtti. Bu birlik, ticaret hacmi bir milyar sterline yakla\u015fan \u00fcyelere sahip olup, iki \u00fclke aras\u0131nda ekonomik ili\u015fkilerin b\u00fcy\u00fcmesi i\u00e7in \u00f6nemli bir kapasiteye sahip. Kele\u015f, \u0130stanbul Sanayi Odas\u0131 b\u00fcnyesindeki firmalar\u0131n, Birle\u015fik Krall\u0131k&#8217;ta yat\u0131r\u0131m yapmak isteyenlerin ATMB ile daha yak\u0131n ili\u015fkiler geli\u015ftirmesi arzusunu dile getirdi.<\/p><div id=\"briti-881137995\" class=\"briti-icerik\" style=\"margin-top: 5px;margin-bottom: 5px;\"><a href=\"https:\/\/piaryum.com\/services\/\" aria-label=\"piaryum banner\"><img loading=\"lazy\" decoding=\"async\" src=\"https:\/\/by-tv.co.uk\/wp-content\/uploads\/2025\/12\/Gemini_Generated_Image_g5yqr1g5yqr1g5yq.jpg\" alt=\"\"  width=\"2064\" height=\"1152\"   \/><\/a><\/div>\n<div id=\"attachment_21123\" style=\"width: 2570px\" class=\"wp-caption alignnone\"><img loading=\"lazy\" decoding=\"async\" aria-describedby=\"caption-attachment-21123\" class=\"size-full wp-image-21123\" src=\"https:\/\/by-tv.co.uk\/wp-content\/uploads\/2023\/08\/ATMB-Baskan-Vehbi-Keles-ISO-1-scaled.jpg\" alt=\"\" width=\"2560\" height=\"1707\" title=\"\"><p id=\"caption-attachment-21123\" class=\"wp-caption-text\">ATMB Ba\u015fkan\u0131 Vehbi Kele\u015f<\/p><\/div>\n<p>Kele\u015f ayr\u0131ca, yat\u0131r\u0131mlar\u0131n sadece ekonomik de\u011fer yaratmad\u0131\u011f\u0131n\u0131, ayn\u0131 zamanda iki \u00fclke aras\u0131ndaki dostluk ve anlay\u0131\u015f\u0131n g\u00fc\u00e7lenmesine de katk\u0131 sa\u011flad\u0131\u011f\u0131na vurgu yapt\u0131. T\u00fcrk ve \u0130ngiliz i\u015f d\u00fcnyas\u0131n\u0131n entegrasyonu, ekonomik b\u00fcy\u00fcme ve istihdam yaratma potansiyeli ta\u015f\u0131yor. Bu yeni s\u00fcre\u00e7te, \u0130stanbul Sanayi Odas\u0131 gibi prestijli bir organizasyonla i\u015fbirli\u011fi yapmak, ATMB&#8217;nin Avrupa&#8217;da g\u00fc\u00e7l\u00fc bir \u015fekilde temsil edilmesine yard\u0131mc\u0131 olan projelerini daha da ileriye ta\u015f\u0131mak istediklerini ifade etti.<\/p>\n<p>Toplant\u0131n\u0131n sonunda, yat\u0131r\u0131m ve ticaretin yan\u0131 s\u0131ra, inovasyon, teknoloji transferi ve kapasite geli\u015ftirme alanlar\u0131nda da birlikte \u00e7al\u0131\u015fabileceklerine dair ortak bir vizyon \u00fczerinde anla\u015f\u0131ld\u0131. Bu vizyon do\u011frultusunda, \u0130stanbul Sanayi Odas\u0131 ile i\u015fbirli\u011fini s\u0131k\u0131la\u015ft\u0131rmak ve daha somut ad\u0131mlar atmaya y\u00f6nelik bir yol haritas\u0131 olu\u015fturmak \u00fczere mutab\u0131k&nbsp;kal\u0131nd\u0131.<\/p>\n<div id=\"briti-2760800173\" class=\"briti-icerikten-sonra_2\" style=\"margin-top: 25px;margin-bottom: 25px;\"><a href=\"https:\/\/wa.me\/message\/NDZLLIOQT4H3O1\" aria-label=\"bytv reklam banner\"><img loading=\"lazy\" decoding=\"async\" src=\"https:\/\/by-tv.co.uk\/wp-content\/uploads\/2025\/12\/bytv-reklam-banner.jpg\" alt=\"\"  width=\"2376\" height=\"1008\"   \/><\/a><\/div>","protected":false},"excerpt":{"rendered":"<p>Avrupal\u0131 T\u00fcrk Markalar Birli\u011fi (ATMB) Ba\u015fkan\u0131 Vehbi Kele\u015f, \u0130stanbul Sanayi Odas\u0131 (\u0130SO) Y\u00f6netim Kurulu Ba\u015fkan\u0131 Erdal Bah\u00e7\u0131van&#8217;\u0131 \u0130SO genel merkezi Odakule&#8217;de ziyaret etti. Ziyarette, T\u00fcrkiye&#8217;nin Avrupa pazar\u0131ndaki pozisyonu ve bu alanda yap\u0131lacak i\u015f birlikleri&nbsp; de\u011ferlendirildi. Soldan Sa\u011fa: Avrupal\u0131 T\u00fcrk Markalar Birli\u011fi (ATMB) Ba\u015fkan\u0131 Vehbi Kele\u015f, \u0130stanbul Sanayi Odas\u0131 (\u0130SO) Y\u00f6netim Kurulu Ba\u015fkan\u0131 Erdal Bah\u00e7\u0131van, \u0130SO Meclis Ba\u015fkan Yard\u0131mc\u0131s\u0131 Sad\u0131k Ayhan SaruhanZiyarette, \u0130SO Meclis Ba\u015fkan Yard\u0131mc\u0131s\u0131 Sad\u0131k Ayhan Saruhan ATMB Genel Sekreteri Mustafa K\u00f6ker&#8217;in de haz\u0131r bulundu\u011fu bir toplant\u0131 ger\u00e7ekle\u015ftirildi. Toplant\u0131n\u0131n g\u00fcndemi, Avrupa ekonomisindeki son geli\u015fmeler, T\u00fcrk firmalar\u0131n\u0131n markala\u015fma s\u00fcrecine katk\u0131 sa\u011flama amac\u0131 g\u00fcden ATMB&#8217;nin faaliyetleri, ve T\u00fcrk sanayisinin Avrupa pazar\u0131nda [&hellip;]<\/p>\n","protected":false},"author":1,"featured_media":21121,"comment_status":"open","ping_status":"open","sticky":false,"template":"","format":"standard","meta":{"ngg_post_thumbnail":0,"footnotes":""},"categories":[1995],"tags":[4845,5008,5007,2665],"class_list":["post-21118","post","type-post","status-publish","format-standard","has-post-thumbnail","hentry","category-turkiye-ingiltere","tag-avrupali-turk-markalar-birligi","tag-erdal-bahcivan","tag-istanbul-sanayi-odasi","tag-vehbi-keles"],"_links":{"self":[{"href":"https:\/\/by-tv.co.uk\/en\/wp-json\/wp\/v2\/posts\/21118","targetHints":{"allow":["GET"]}}],"collection":[{"href":"https:\/\/by-tv.co.uk\/en\/wp-json\/wp\/v2\/posts"}],"about":[{"href":"https:\/\/by-tv.co.uk\/en\/wp-json\/wp\/v2\/types\/post"}],"author":[{"embeddable":true,"href":"https:\/\/by-tv.co.uk\/en\/wp-json\/wp\/v2\/users\/1"}],"replies":[{"embeddable":true,"href":"https:\/\/by-tv.co.uk\/en\/wp-json\/wp\/v2\/comments?post=21118"}],"version-history":[{"count":0,"href":"https:\/\/by-tv.co.uk\/en\/wp-json\/wp\/v2\/posts\/21118\/revisions"}],"wp:featuredmedia":[{"embeddable":true,"href":"https:\/\/by-tv.co.uk\/en\/wp-json\/wp\/v2\/media\/21121"}],"wp:attachment":[{"href":"https:\/\/by-tv.co.uk\/en\/wp-json\/wp\/v2\/media?parent=21118"}],"wp:term":[{"taxonomy":"category","embeddable":true,"href":"https:\/\/by-tv.co.uk\/en\/wp-json\/wp\/v2\/categories?post=21118"},{"taxonomy":"post_tag","embeddable":true,"href":"https:\/\/by-tv.co.uk\/en\/wp-json\/wp\/v2\/tags?post=21118"}],"curies":[{"name":"wp","href":"https:\/\/api.w.org\/{rel}","templated":true}]}}