{"id":19877,"date":"2023-05-02T08:58:15","date_gmt":"2023-05-02T07:58:15","guid":{"rendered":"https:\/\/by-tv.co.uk\/?p=19877"},"modified":"2023-05-02T08:58:15","modified_gmt":"2023-05-02T07:58:15","slug":"ingilteredeki-1-mayis-isci-bayraminda-milyonlarca-iscinin-enflasyona-karsi-ucret-artisi-talebi-one-cikti","status":"publish","type":"post","link":"https:\/\/by-tv.co.uk\/en\/ingilteredeki-1-mayis-isci-bayraminda-milyonlarca-iscinin-enflasyona-karsi-ucret-artisi-talebi-one-cikti\/","title":{"rendered":"\u0130ngiltere&#8217;deki 1 May\u0131s i\u015f\u00e7i bayram\u0131nda milyonlarca i\u015f\u00e7inin enflasyona kar\u015f\u0131 \u00fccret art\u0131\u015f\u0131 talebi \u00f6ne \u00e7\u0131kt\u0131"},"content":{"rendered":"<p>\u0130ngiltere&#8217;nin ba\u015fkenti Londra&#8217;da sendikalar ve emek\u00e7i sol \u00f6rg\u00fctler kitlesel bir 1 May\u0131s kutlamas\u0131 d\u00fczenledi. \u0130ngiltere&#8217;deki Muhafazakar h\u00fck\u00fcmetin ekonomik ve siyasi sald\u0131r\u0131 planlar\u0131na kar\u015f\u0131 m\u00fccadele \u00e7a\u011fr\u0131s\u0131 yap\u0131ld\u0131.<\/p>\n<div id=\"attachment_19879\" style=\"width: 1610px\" class=\"wp-caption alignnone\"><img loading=\"lazy\" decoding=\"async\" aria-describedby=\"caption-attachment-19879\" class=\"wp-image-19879 size-full\" src=\"https:\/\/by-tv.co.uk\/wp-content\/uploads\/2023\/05\/tip-londra.jpg\" alt=\"\" width=\"1600\" height=\"1200\" title=\"\"><p id=\"caption-attachment-19879\" class=\"wp-caption-text\">Foto\u011fraf: Esra Candan Saginc<\/p><\/div>\n<p>Milyonlarca i\u015f\u00e7inin enflasyona kar\u015f\u0131 \u00fccret art\u0131\u015f\u0131 talebinin \u00f6ne \u00e7\u0131kt\u0131\u011f\u0131 2023 1 May\u0131s\u2019\u0131nda 300 bin hem\u015fireyi kapsayan sa\u011fl\u0131k grevi 1 May\u0131s\u2019a damgas\u0131n\u0131 vurdu.<\/p>\n<p>Ba\u015fta Londra olmak \u00fczere bir\u00e7ok \u015fehirde hastaneler \u00f6n\u00fcnde toplanan sa\u011fl\u0131k emek\u00e7ilerine halktan da destek geldi. Eylemlerde, 2 May\u0131s\u2019ta (bug\u00fcn) 450 bin \u00f6\u011fretmenin yapaca\u011f\u0131 greve destek \u00e7a\u011fr\u0131lar\u0131 yap\u0131ld\u0131.<\/p><div id=\"briti-664427354\" class=\"briti-icerik\" style=\"margin-top: 5px;margin-bottom: 5px;\"><a href=\"https:\/\/piaryum.com\/services\/\" aria-label=\"piaryum banner\"><img loading=\"lazy\" decoding=\"async\" src=\"https:\/\/by-tv.co.uk\/wp-content\/uploads\/2025\/12\/Gemini_Generated_Image_g5yqr1g5yqr1g5yq.jpg\" alt=\"\"  width=\"2064\" height=\"1152\"   \/><\/a><\/div>\n<p>Aralar\u0131nda T\u00fcrkiye \u0130\u015f\u00e7i Partisi (T\u0130P) nin de yer ald\u0131\u011f\u0131 binlerce ki\u015fi Ba\u015fkent Londra\u2019daki 1 May\u0131s eylemine kat\u0131larak, i\u015f\u00e7i ve emek\u00e7ilerin taleplerinin kar\u015f\u0131lanmas\u0131 talep edildi. Marx Hat\u0131rat\u0131 K\u00fct\u00fcphanesi \u00f6n\u00fcnde toplanan sendikalar ve kitle \u00f6rg\u00fctleri buradan Trafalgar Meydan\u0131\u2019na y\u00fcr\u00fcd\u00fc. T\u0130P&#8217;in kortejinde AKP h\u00fck\u00fcmeti de protesto edildi.<\/p>\n<p>Grevde olan sa\u011fl\u0131k emek\u00e7ileri de parlamento kar\u015f\u0131s\u0131nda bulunan St. Thomas Hastanesi \u00f6n\u00fcnde sabah\u0131n erken saatlerinden itibaren toplan\u0131p taleplerini dile getirdi. \u00c7e\u015fitli konu\u015fmalar\u0131n oldu\u011fu g\u00f6sterinin ard\u0131ndan y\u00fcr\u00fcy\u00fc\u015fe ge\u00e7en sa\u011fl\u0131k\u00e7\u0131lar parlamento \u00f6n\u00fcnden ge\u00e7erek Trafalgar Meydan\u0131\u2019ndaki 1 May\u0131s g\u00f6sterisi ile birle\u015fti.<\/p>\n<p>Demir yolu sendikas\u0131 RMT ve kamu sendikas\u0131 UNITE da eylemlere kat\u0131ld\u0131.<\/p>\n<div id=\"briti-3286128678\" class=\"briti-icerikten-sonra_2\" style=\"margin-top: 25px;margin-bottom: 25px;\"><a href=\"https:\/\/wa.me\/message\/NDZLLIOQT4H3O1\" aria-label=\"bytv reklam banner\"><img loading=\"lazy\" decoding=\"async\" src=\"https:\/\/by-tv.co.uk\/wp-content\/uploads\/2025\/12\/bytv-reklam-banner.jpg\" alt=\"\"  width=\"2376\" height=\"1008\"   \/><\/a><\/div>","protected":false},"excerpt":{"rendered":"<p>\u0130ngiltere&#8217;nin ba\u015fkenti Londra&#8217;da sendikalar ve emek\u00e7i sol \u00f6rg\u00fctler kitlesel bir 1 May\u0131s kutlamas\u0131 d\u00fczenledi. \u0130ngiltere&#8217;deki Muhafazakar h\u00fck\u00fcmetin ekonomik ve siyasi sald\u0131r\u0131 planlar\u0131na kar\u015f\u0131 m\u00fccadele \u00e7a\u011fr\u0131s\u0131 yap\u0131ld\u0131. Milyonlarca i\u015f\u00e7inin enflasyona kar\u015f\u0131 \u00fccret art\u0131\u015f\u0131 talebinin \u00f6ne \u00e7\u0131kt\u0131\u011f\u0131 2023 1 May\u0131s\u2019\u0131nda 300 bin hem\u015fireyi kapsayan sa\u011fl\u0131k grevi 1 May\u0131s\u2019a damgas\u0131n\u0131 vurdu. Ba\u015fta Londra olmak \u00fczere bir\u00e7ok \u015fehirde hastaneler \u00f6n\u00fcnde toplanan sa\u011fl\u0131k emek\u00e7ilerine halktan da destek geldi. Eylemlerde, 2 May\u0131s\u2019ta (bug\u00fcn) 450 bin \u00f6\u011fretmenin yapaca\u011f\u0131 greve destek \u00e7a\u011fr\u0131lar\u0131 yap\u0131ld\u0131. Aralar\u0131nda T\u00fcrkiye \u0130\u015f\u00e7i Partisi (T\u0130P) nin de yer ald\u0131\u011f\u0131 binlerce ki\u015fi Ba\u015fkent Londra\u2019daki 1 May\u0131s eylemine kat\u0131larak, i\u015f\u00e7i ve emek\u00e7ilerin taleplerinin kar\u015f\u0131lanmas\u0131 talep edildi. Marx [&hellip;]<\/p>\n","protected":false},"author":1,"featured_media":19878,"comment_status":"open","ping_status":"open","sticky":false,"template":"","format":"standard","meta":{"ngg_post_thumbnail":0,"footnotes":""},"categories":[15],"tags":[4881,268,149,228,4882,4883],"class_list":["post-19877","post","type-post","status-publish","format-standard","has-post-thumbnail","hentry","category-ingiltere","tag-1-mayis","tag-enflasyon","tag-ingiltere","tag-londra","tag-tip","tag-tip-ingiltere"],"_links":{"self":[{"href":"https:\/\/by-tv.co.uk\/en\/wp-json\/wp\/v2\/posts\/19877","targetHints":{"allow":["GET"]}}],"collection":[{"href":"https:\/\/by-tv.co.uk\/en\/wp-json\/wp\/v2\/posts"}],"about":[{"href":"https:\/\/by-tv.co.uk\/en\/wp-json\/wp\/v2\/types\/post"}],"author":[{"embeddable":true,"href":"https:\/\/by-tv.co.uk\/en\/wp-json\/wp\/v2\/users\/1"}],"replies":[{"embeddable":true,"href":"https:\/\/by-tv.co.uk\/en\/wp-json\/wp\/v2\/comments?post=19877"}],"version-history":[{"count":0,"href":"https:\/\/by-tv.co.uk\/en\/wp-json\/wp\/v2\/posts\/19877\/revisions"}],"wp:featuredmedia":[{"embeddable":true,"href":"https:\/\/by-tv.co.uk\/en\/wp-json\/wp\/v2\/media\/19878"}],"wp:attachment":[{"href":"https:\/\/by-tv.co.uk\/en\/wp-json\/wp\/v2\/media?parent=19877"}],"wp:term":[{"taxonomy":"category","embeddable":true,"href":"https:\/\/by-tv.co.uk\/en\/wp-json\/wp\/v2\/categories?post=19877"},{"taxonomy":"post_tag","embeddable":true,"href":"https:\/\/by-tv.co.uk\/en\/wp-json\/wp\/v2\/tags?post=19877"}],"curies":[{"name":"wp","href":"https:\/\/api.w.org\/{rel}","templated":true}]}}