{"id":19873,"date":"2023-05-02T08:35:53","date_gmt":"2023-05-02T07:35:53","guid":{"rendered":"https:\/\/by-tv.co.uk\/?p=19873"},"modified":"2023-05-02T08:35:53","modified_gmt":"2023-05-02T07:35:53","slug":"amerikan-turk-is-konseyinin-yeni-baskani-hamdi-ulukaya-oldu","status":"publish","type":"post","link":"https:\/\/by-tv.co.uk\/en\/amerikan-turk-is-konseyinin-yeni-baskani-hamdi-ulukaya-oldu\/","title":{"rendered":"Amerikan-T\u00fcrk \u0130\u015f Konseyi\u2019nin yeni Ba\u015fkan\u0131 Hamdi Ulukaya oldu"},"content":{"rendered":"<p>T\u00fcrkiye ve ABD aras\u0131ndaki ikili ticari ili\u015fkileri geli\u015ftirmek amac\u0131yla 2013 y\u0131l\u0131nda ABD Ticaret Odas\u0131 b\u00fcnyesinde kurulan Amerikan-T\u00fcrk \u0130\u015f Konseyi yeni ba\u015fkan\u0131n\u0131 belirledi.<\/p>\n<p>\u0130ki \u00fclke aras\u0131ndaki ticaret ve yat\u0131r\u0131m\u0131 art\u0131rmak amac\u0131yla \u00e7al\u0131\u015fan ve her iki \u00fclkede ticaret ve yat\u0131r\u0131m\u0131 bulunan 100&#8217;den fazla Amerikan ve T\u00fcrk firmas\u0131n\u0131 temsil eden Konseyin yeni Ba\u015fkan\u0131, ABD\u2019de s\u0131f\u0131rdan kurdu\u011fu giri\u015fimi Chobani\u2019yi alan\u0131nda lider bir \u015firket ve d\u00fcnyaca tan\u0131nan bir marka haline getirme ba\u015far\u0131s\u0131n\u0131 g\u00f6steren <strong>Hamdi Ulukay<\/strong>a oldu.<\/p>\n<p>Hamdi Ulukaya\u2019n\u0131n Amerikan-T\u00fcrk \u0130\u015f Konseyi Ba\u015fkan\u0131 olmas\u0131 dolay\u0131s\u0131yla bir a\u00e7\u0131klama yapan Konsey\u2019in ba\u011fl\u0131 oldu\u011fu ABD Ticaret Odas\u0131\u2019n\u0131n Ba\u015fkan\u0131 ve CEO&#8217;su Suzanne P. Clark, Chobani ve Hamdi Ulukaya\u2019n\u0131n, Amerikan ve T\u00fcrk i\u015f d\u00fcnyalar\u0131n\u0131n ortak giri\u015fimci ruhunu temsil etti\u011fini belirtirken, &#8220;Hamdi Ulukaya, Amerikan-T\u00fcrk \u0130\u015f Konseyi&#8217;nin yeni ba\u015fkan\u0131 olarak dinamik liderli\u011fini ve yenilik\u00e7ili\u011fe olan ba\u011fl\u0131l\u0131\u011f\u0131n\u0131 T\u00fcrkiye ile ikili ili\u015fkilerimize ta\u015f\u0131yacak&#8221; \u015feklinde konu\u015ftu. ABD Ticaret Odas\u0131 taraf\u0131ndan yap\u0131lan a\u00e7\u0131klamada ayr\u0131ca Nisan 2018\u2019den bu yana Amerikan-T\u00fcrk \u0130\u015f Konseyi Ba\u015fkanl\u0131\u011f\u0131 g\u00f6revini y\u00fcr\u00fcten Cargill&#8217;e ve Y\u00f6netim Kurulu Ba\u015fkan\u0131 ve CEO David MacLennan&#8217;a g\u00f6sterdikleri istikrarl\u0131 liderlik i\u00e7in te\u015fekk\u00fcr edildi.<\/p><div id=\"briti-2135883034\" class=\"briti-icerik\" style=\"margin-top: 5px;margin-bottom: 5px;\"><a href=\"https:\/\/piaryum.com\/services\/\" aria-label=\"piaryum banner\"><img loading=\"lazy\" decoding=\"async\" src=\"https:\/\/by-tv.co.uk\/wp-content\/uploads\/2025\/12\/Gemini_Generated_Image_g5yqr1g5yqr1g5yq.jpg\" alt=\"\"  width=\"2064\" height=\"1152\"   \/><\/a><\/div>\n<p>\u0130\u015f d\u00fcnyas\u0131n\u0131n liderlerinin, sekt\u00f6rlerin ve topluluklar\u0131n gelece\u011fini \u015fekillendirme g\u00fcc\u00fcne ve sorumlulu\u011funa sahip oldu\u011funu belirten Chobani&#8217;nin Kurucusu ve CEO&#8217;su Hamdi Ulukaya ise konuya ili\u015fkin a\u00e7\u0131klamas\u0131nda, \u201cOlumlu de\u011fi\u015fimi y\u00f6nlendirmek ve herkes i\u00e7in daha adil ve s\u00fcrd\u00fcr\u00fclebilir bir d\u00fcnya yaratmak i\u00e7in ortak bilgimizi ve kaynaklar\u0131m\u0131z\u0131 kullanmak ve i\u015fbirli\u011fi yapmak i\u00e7in Amerikan-T\u00fcrk \u0130\u015f Konseyi&#8217;ne kat\u0131lmaktan onur duyuyorum\u201d dedi.<\/p>\n<p>G\u00f6revi devrald\u0131\u011f\u0131 David MacLennan&#8217;a katkilarindan dolay\u0131 te\u015fekk\u00fcr eden Ulukaya, \u201c\u0130\u015f konseyi, T\u00fcrkiye ve Amerika Birle\u015fik Devletleri halklar\u0131n\u0131 bir araya getirmek, yeni ba\u011flant\u0131lar ve bu iki \u00fclke i\u00e7in m\u00fcreffeh bir ili\u015fki geli\u015ftirmek i\u00e7in g\u00fc\u00e7l\u00fc ve etkili bir yol sunuyor. Konseyin hem bug\u00fcne kadar ba\u015fard\u0131klar\u0131ndan hem de gelecekte birlikte yapaca\u011f\u0131m\u0131z i\u015flerden \u015fimdiden gurur duyuyorum\u201d \u015feklinde konu\u015ftu.<\/p>\n<p>&nbsp;<\/p>\n<p>Amerikan-T\u00fcrk \u0130\u015f Konseyi, 16 May\u0131s 2013&#8217;te ABD Ticaret Odas\u0131 b\u00fcnyesinde The Coca-Cola Company&#8217;nin o d\u00f6nemki Ba\u015fkan\u0131 ve CEO&#8217;su Muhtar Kent&#8217;in ba\u015fkanl\u0131\u011f\u0131 ve 40\u2019tan fazla \u015firketin kat\u0131l\u0131m\u0131yla kuruldu. Muhtar Kent liderli\u011findeki Konsey, \u00f6zellikle tar\u0131m, savunma, dijital ekonomi, enerji, sa\u011fl\u0131k, seyahat ve kad\u0131nlar\u0131n g\u00fc\u00e7lendirilmesi gibi stratejik alanlarda iki \u00fclke ekonomisi ve tedarik zincirleri aras\u0131nda daha iyi ba\u011flant\u0131 kurmak i\u00e7in hem h\u00fck\u00fcmetler hem de i\u015f \u00e7evreleriyle birlikte \u00e7al\u0131\u015ft\u0131. Cargill Y\u00f6netim Kurulu Ba\u015fkan\u0131 ve CEO&#8217;su David MacLennan, 2018&#8217;de liderlik g\u00f6revini Kent&#8217;ten devrald\u0131 ve Konseyin ikinci ba\u015fkan\u0131 oldu. Konsey 10. y\u0131l d\u00f6n\u00fcm\u00fcn\u00fc kutlarken, Amerika Birle\u015fik Devletleri ile T\u00fcrkiye aras\u0131ndaki ticaret hacmi, kurulu\u015fundan bu yana iki kattan fazla artarak yakla\u015f\u0131k 35 milyar dolara ula\u015ft\u0131.<\/p>\n<div id=\"briti-4016253026\" class=\"briti-icerikten-sonra_2\" style=\"margin-top: 25px;margin-bottom: 25px;\"><a href=\"https:\/\/wa.me\/message\/NDZLLIOQT4H3O1\" aria-label=\"bytv reklam banner\"><img loading=\"lazy\" decoding=\"async\" src=\"https:\/\/by-tv.co.uk\/wp-content\/uploads\/2025\/12\/bytv-reklam-banner.jpg\" alt=\"\"  width=\"2376\" height=\"1008\"   \/><\/a><\/div>","protected":false},"excerpt":{"rendered":"<p>T\u00fcrkiye ve ABD aras\u0131ndaki ikili ticari ili\u015fkileri geli\u015ftirmek amac\u0131yla 2013 y\u0131l\u0131nda ABD Ticaret Odas\u0131 b\u00fcnyesinde kurulan Amerikan-T\u00fcrk \u0130\u015f Konseyi yeni ba\u015fkan\u0131n\u0131 belirledi. \u0130ki \u00fclke aras\u0131ndaki ticaret ve yat\u0131r\u0131m\u0131 art\u0131rmak amac\u0131yla \u00e7al\u0131\u015fan ve her iki \u00fclkede ticaret ve yat\u0131r\u0131m\u0131 bulunan 100&#8217;den fazla Amerikan ve T\u00fcrk firmas\u0131n\u0131 temsil eden Konseyin yeni Ba\u015fkan\u0131, ABD\u2019de s\u0131f\u0131rdan kurdu\u011fu giri\u015fimi Chobani\u2019yi alan\u0131nda lider bir \u015firket ve d\u00fcnyaca tan\u0131nan bir marka haline getirme ba\u015far\u0131s\u0131n\u0131 g\u00f6steren Hamdi Ulukaya oldu. Hamdi Ulukaya\u2019n\u0131n Amerikan-T\u00fcrk \u0130\u015f Konseyi Ba\u015fkan\u0131 olmas\u0131 dolay\u0131s\u0131yla bir a\u00e7\u0131klama yapan Konsey\u2019in ba\u011fl\u0131 oldu\u011fu ABD Ticaret Odas\u0131\u2019n\u0131n Ba\u015fkan\u0131 ve CEO&#8217;su Suzanne P. Clark, Chobani ve Hamdi Ulukaya\u2019n\u0131n, Amerikan ve [&hellip;]<\/p>\n","protected":false},"author":1,"featured_media":19874,"comment_status":"open","ping_status":"open","sticky":false,"template":"","format":"standard","meta":{"ngg_post_thumbnail":0,"footnotes":""},"categories":[1],"tags":[],"class_list":["post-19873","post","type-post","status-publish","format-standard","has-post-thumbnail","hentry","category-genel"],"_links":{"self":[{"href":"https:\/\/by-tv.co.uk\/en\/wp-json\/wp\/v2\/posts\/19873","targetHints":{"allow":["GET"]}}],"collection":[{"href":"https:\/\/by-tv.co.uk\/en\/wp-json\/wp\/v2\/posts"}],"about":[{"href":"https:\/\/by-tv.co.uk\/en\/wp-json\/wp\/v2\/types\/post"}],"author":[{"embeddable":true,"href":"https:\/\/by-tv.co.uk\/en\/wp-json\/wp\/v2\/users\/1"}],"replies":[{"embeddable":true,"href":"https:\/\/by-tv.co.uk\/en\/wp-json\/wp\/v2\/comments?post=19873"}],"version-history":[{"count":0,"href":"https:\/\/by-tv.co.uk\/en\/wp-json\/wp\/v2\/posts\/19873\/revisions"}],"wp:featuredmedia":[{"embeddable":true,"href":"https:\/\/by-tv.co.uk\/en\/wp-json\/wp\/v2\/media\/19874"}],"wp:attachment":[{"href":"https:\/\/by-tv.co.uk\/en\/wp-json\/wp\/v2\/media?parent=19873"}],"wp:term":[{"taxonomy":"category","embeddable":true,"href":"https:\/\/by-tv.co.uk\/en\/wp-json\/wp\/v2\/categories?post=19873"},{"taxonomy":"post_tag","embeddable":true,"href":"https:\/\/by-tv.co.uk\/en\/wp-json\/wp\/v2\/tags?post=19873"}],"curies":[{"name":"wp","href":"https:\/\/api.w.org\/{rel}","templated":true}]}}