{"id":19653,"date":"2023-04-14T23:57:08","date_gmt":"2023-04-14T22:57:08","guid":{"rendered":"https:\/\/by-tv.co.uk\/?p=19653"},"modified":"2023-04-15T00:07:27","modified_gmt":"2023-04-14T23:07:27","slug":"avrupali-turk-markalar-birliginin-atmb-yonetim-kurulu-baskanligini-is-insani-vehbi-keles-devraldi","status":"publish","type":"post","link":"https:\/\/by-tv.co.uk\/en\/avrupali-turk-markalar-birliginin-atmb-yonetim-kurulu-baskanligini-is-insani-vehbi-keles-devraldi\/","title":{"rendered":"Avrupal\u0131 T\u00fcrk Markalar Birli\u011fi&#8217;nin y\u00f6netim kurulu ba\u015fkanl\u0131\u011f\u0131n\u0131 i\u015f insan\u0131 Vehbi Kele\u015f devrald\u0131"},"content":{"rendered":"<p>Avrupal\u0131 T\u00fcrk Markalar Birli\u011fi&#8217;nin (ATMB) y\u00f6netim kurulu ba\u015fkanl\u0131\u011f\u0131n\u0131 i\u015f insan\u0131 Vehbi Kele\u015f devrald\u0131.<\/p>\n<p>K\u0131ta Avrupas\u0131 ve Birle\u015fik Krall\u0131k \u00fclkelerini kapsayan i\u015f d\u00fcnyas\u0131 birli\u011fi olarak 2014 y\u0131l\u0131nda kurulan ATMB&#8217;nin \u00f6nceki ba\u015fkanl\u0131\u011f\u0131n\u0131 i\u015f insan\u0131 Cafer Mahiro\u011flu y\u00fcr\u00fct\u00fcyordu.&nbsp;<\/p>\n<blockquote class=\"twitter-tweet\">\n<p dir=\"ltr\" lang=\"tr\">Avrupal\u0131 T\u00fcrk Markalar Birli\u011fi\u2019nin y\u00f6netim kurulu ba\u015fkanl\u0131\u011f\u0131n\u0131 i\u015f insan\u0131 Vehbi Kele\u015f devrald\u0131.<a href=\"https:\/\/t.co\/vdZTpUkhsm\">https:\/\/t.co\/vdZTpUkhsm<\/a><a href=\"https:\/\/twitter.com\/avrupaliturkmb?ref_src=twsrc%5Etfw\" target=\"_blank\" rel=\"noopener\">@avrupaliturkmb<\/a> <a href=\"https:\/\/twitter.com\/VehbiKeles?ref_src=twsrc%5Etfw\" target=\"_blank\" rel=\"noopener\">@VehbiKeles<\/a> <a href=\"https:\/\/twitter.com\/ticaret?ref_src=twsrc%5Etfw\" target=\"_blank\" rel=\"noopener\">@ticaret<\/a> <a href=\"https:\/\/t.co\/RH7c9T1o7O\">pic.twitter.com\/RH7c9T1o7O<\/a><\/p>\n<p>\u2014 British Ya\u015fam TV \ud83c\uddec\ud83c\udde7\ud83c\uddf9\ud83c\uddf7 (@BritishYasamTv) <a href=\"https:\/\/twitter.com\/BritishYasamTv\/status\/1647013049901957120?ref_src=twsrc%5Etfw\" target=\"_blank\" rel=\"noopener\">April 14, 2023<\/a><\/p><\/blockquote>\n<p><script async=\"\" src=\"https:\/\/platform.twitter.com\/widgets.js\" charset=\"utf-8\"><\/script><br \/>\nBirle\u015fik Krall\u0131k&#8217;\u0131n \u00f6nde gelen g\u0131da firmalar\u0131ndan Gima UK&#8217;nin kurucusu olan Vehbi Kele\u015f &#8220;Markalar Birli\u011fi\u2019nin yeni ba\u015fkan\u0131 olarak, y\u00f6netim kurulumuz ve isti\u015fare kurulumuz, Birle\u015fik Krall\u0131k ve T\u00fcrkiye aras\u0131ndaki ticaret hacminin artmas\u0131 i\u00e7in elimizden geleni yapaca\u011f\u0131m\u0131z\u0131n alt\u0131n\u0131 \u00e7izmek istiyorum.\u201d dedi.<\/p><div id=\"briti-1336144613\" class=\"briti-icerik\" style=\"margin-top: 5px;margin-bottom: 5px;\"><a href=\"https:\/\/piaryum.com\/services\/\" aria-label=\"piaryum banner\"><img loading=\"lazy\" decoding=\"async\" src=\"https:\/\/by-tv.co.uk\/wp-content\/uploads\/2025\/12\/Gemini_Generated_Image_g5yqr1g5yqr1g5yq.jpg\" alt=\"\"  width=\"2064\" height=\"1152\"   \/><\/a><\/div>\n<p>Kele\u015f \u201cBu ak\u015fam burada farkl\u0131 sekt\u00f6rlerden sanayici, yat\u0131r\u0131mc\u0131, finans\u00e7\u0131, hukuk\u00e7u ve daha bir \u00e7ok farkl\u0131 alanda faaliyet g\u00f6steren giri\u015fimcinin bir araya gelmesi g\u00fczel \u00fclkemiz T\u00fcrkiye\u2019nin ekonomik kalk\u0131nmas\u0131 a\u00e7\u0131s\u0131ndan \u00e7ok \u00f6nem ta\u015f\u0131yor.\u201d diyen Kele\u015f \u201cMarkalar Birli\u011fi\u2019nin yeni ba\u015fkan\u0131 olarak, y\u00f6netim kurulumuz ve isti\u015fare kurulumuz, Birle\u015fik Krall\u0131k ve T\u00fcrkiye aras\u0131ndaki ticaret hacminin artmas\u0131 i\u00e7in elimizden geleni yapaca\u011f\u0131m\u0131z\u0131n alt\u0131n\u0131 \u00e7izmek istiyorum.\u201d diye devam etti.<\/p>\n<p>Y\u00f6netim Kurulu Ba\u015fkanl\u0131\u011f\u0131n\u0131 Gima UK CEO\u2019su Vehbi Kele\u015f\u2019in yapt\u0131\u011f\u0131 birli\u011fin ba\u015fkan yard\u0131mc\u0131lar\u0131 Truede CEO\u2019su Zeynep Turudi, Aytac G\u0131da CEO\u2019su Recep Ercan, Albruesan CEO\u2019su Ali Keskinb\u0131\u00e7ak ve Pitacss Limited CEO\u2019su Levent Ac\u0131\u2019dan olu\u015fuyor.<\/p>\n<p>Do\u011fta\u015f-Yata\u015f UK CEO\u2019su Re\u015fat Guliyev, BiCity Tekstil CEO\u2019su Mehmet \u015ear, Vatan Catering CEO\u2019su Tuncel Nalbanto\u011flu, Bowling and Co CEO\u2019su H\u00fcseyin H\u00fcseyin, LGMO Consultancy Ltd Ahmet Ferruh \u00d6nc\u00fc, Londra\u2019daki \u0130stikbal Mobilya Direkt\u00f6r\u00fc Ramazan G\u00fcnceg\u00f6r\u00fc, Dicket Dentals CEO\u2019su Ahmet Mehri ve Stone Crest CEO\u2019su Murat Yurtseven de y\u00f6netim kurulu \u00fcyesi olarak ATMB\u2019de yer al\u0131yor.<\/p>\n<p>Birli\u011fin genel sekreterli\u011fini ise Eurovizyon &amp; Eurobusinesslife kurucusu Mustafa K\u00f6ker \u00fcstlendi.<\/p>\n<h4>Avrupal\u0131 T\u00fcrk Markalar Birli\u011fi (ATMB)<\/h4>\n<p>Avrupal\u0131 T\u00fcrk Markalar Birli\u011fi (<a href=\"https:\/\/by-tv.co.uk\/en\/londra-buyukelcisi-ertas-markalar-birligi-etkinliginde-konustu-ulkelerin-ve-diplomasilerin-de-bir-marka-degeri-var-dedi\/\">ATMB<\/a>), Avrupa&#8217;da faaliyet g\u00f6steren T\u00fcrk markalar\u0131n\u0131n bir araya gelerek olu\u015fturdu\u011fu bir ticari birliktir. ATMB&#8217;nin amac\u0131, T\u00fcrk markalar\u0131n\u0131n Avrupa pazar\u0131nda tan\u0131t\u0131m\u0131n\u0131 art\u0131rmak, markalar\u0131n g\u00fcc\u00fcn\u00fc birle\u015ftirerek daha etkili bir \u015fekilde rekabet edebilmelerini sa\u011flamak ve T\u00fcrk i\u015f d\u00fcnyas\u0131n\u0131n Avrupa&#8217;da daha fazla temsil edilmesine yard\u0131mc\u0131 olmakt\u0131r.<\/p>\n<p>ATMB, Avrupa&#8217;da faaliyet g\u00f6steren T\u00fcrk markalar\u0131n\u0131n ortak sorunlar\u0131na \u00e7\u00f6z\u00fcm bulmak, i\u015fbirli\u011fi f\u0131rsatlar\u0131 yaratmak ve Avrupa pazar\u0131nda T\u00fcrk markalar\u0131n\u0131n itibar\u0131n\u0131 art\u0131rmak i\u00e7in \u00e7e\u015fitli etkinlikler ve faaliyetler d\u00fczenlemektedir. Ayr\u0131ca, Avrupa&#8217;da T\u00fcrk i\u015f d\u00fcnyas\u0131n\u0131n ve T\u00fcrk markalar\u0131n\u0131n tan\u0131t\u0131m\u0131 i\u00e7in \u00e7e\u015fitli kampanyalar y\u00fcr\u00fctmektedir.<\/p>\n<p>ATMB, T\u00fcrk markalar\u0131n\u0131n Avrupa&#8217;da daha fazla bilinirli\u011fe ve tan\u0131n\u0131rl\u0131\u011fa sahip olmalar\u0131na yard\u0131mc\u0131 olmak i\u00e7in \u00e7e\u015fitli i\u015fbirli\u011fi projeleri y\u00fcr\u00fctmekte ve T\u00fcrk markalar\u0131n\u0131n Avrupa&#8217;da daha fazla sat\u0131\u015f yapabilmeleri i\u00e7in ticari i\u015fbirli\u011fi f\u0131rsatlar\u0131 sunmaktad\u0131r. Bu sayede, T\u00fcrk markalar\u0131 Avrupa&#8217;da daha g\u00fc\u00e7l\u00fc bir \u015fekilde temsil edilebilmekte ve uluslararas\u0131 ticarette daha rekabet\u00e7i hale gelebilmektedirler.<\/p>\n<p>https:\/\/www.avrupalimarkalar.com<\/p>\n<div id=\"briti-2380453072\" class=\"briti-icerikten-sonra_2\" style=\"margin-top: 25px;margin-bottom: 25px;\"><a href=\"https:\/\/wa.me\/message\/NDZLLIOQT4H3O1\" aria-label=\"bytv reklam banner\"><img loading=\"lazy\" decoding=\"async\" src=\"https:\/\/by-tv.co.uk\/wp-content\/uploads\/2025\/12\/bytv-reklam-banner.jpg\" alt=\"\"  width=\"2376\" height=\"1008\"   \/><\/a><\/div>","protected":false},"excerpt":{"rendered":"<p>Avrupal\u0131 T\u00fcrk Markalar Birli\u011fi&#8217;nin (ATMB) y\u00f6netim kurulu ba\u015fkanl\u0131\u011f\u0131n\u0131 i\u015f insan\u0131 Vehbi Kele\u015f devrald\u0131. K\u0131ta Avrupas\u0131 ve Birle\u015fik Krall\u0131k \u00fclkelerini kapsayan i\u015f d\u00fcnyas\u0131 birli\u011fi olarak 2014 y\u0131l\u0131nda kurulan ATMB&#8217;nin \u00f6nceki ba\u015fkanl\u0131\u011f\u0131n\u0131 i\u015f insan\u0131 Cafer Mahiro\u011flu y\u00fcr\u00fct\u00fcyordu.&nbsp; Avrupal\u0131 T\u00fcrk Markalar Birli\u011fi\u2019nin y\u00f6netim kurulu ba\u015fkanl\u0131\u011f\u0131n\u0131 i\u015f insan\u0131 Vehbi Kele\u015f devrald\u0131.https:\/\/t.co\/vdZTpUkhsm@avrupaliturkmb @VehbiKeles @ticaret pic.twitter.com\/RH7c9T1o7O \u2014 British Ya\u015fam TV \ud83c\uddec\ud83c\udde7\ud83c\uddf9\ud83c\uddf7 (@BritishYasamTv) April 14, 2023 Birle\u015fik Krall\u0131k&#8217;\u0131n \u00f6nde gelen g\u0131da firmalar\u0131ndan Gima UK&#8217;nin kurucusu olan Vehbi Kele\u015f &#8220;Markalar Birli\u011fi\u2019nin yeni ba\u015fkan\u0131 olarak, y\u00f6netim kurulumuz ve isti\u015fare kurulumuz, Birle\u015fik Krall\u0131k ve T\u00fcrkiye aras\u0131ndaki ticaret hacminin artmas\u0131 i\u00e7in elimizden geleni yapaca\u011f\u0131m\u0131z\u0131n alt\u0131n\u0131 \u00e7izmek istiyorum.\u201d dedi. Kele\u015f \u201cBu ak\u015fam [&hellip;]<\/p>\n","protected":false},"author":1,"featured_media":19587,"comment_status":"open","ping_status":"open","sticky":false,"template":"","format":"standard","meta":{"ngg_post_thumbnail":0,"footnotes":""},"categories":[15],"tags":[4845,2665],"class_list":["post-19653","post","type-post","status-publish","format-standard","has-post-thumbnail","hentry","category-ingiltere","tag-avrupali-turk-markalar-birligi","tag-vehbi-keles"],"_links":{"self":[{"href":"https:\/\/by-tv.co.uk\/en\/wp-json\/wp\/v2\/posts\/19653","targetHints":{"allow":["GET"]}}],"collection":[{"href":"https:\/\/by-tv.co.uk\/en\/wp-json\/wp\/v2\/posts"}],"about":[{"href":"https:\/\/by-tv.co.uk\/en\/wp-json\/wp\/v2\/types\/post"}],"author":[{"embeddable":true,"href":"https:\/\/by-tv.co.uk\/en\/wp-json\/wp\/v2\/users\/1"}],"replies":[{"embeddable":true,"href":"https:\/\/by-tv.co.uk\/en\/wp-json\/wp\/v2\/comments?post=19653"}],"version-history":[{"count":0,"href":"https:\/\/by-tv.co.uk\/en\/wp-json\/wp\/v2\/posts\/19653\/revisions"}],"wp:featuredmedia":[{"embeddable":true,"href":"https:\/\/by-tv.co.uk\/en\/wp-json\/wp\/v2\/media\/19587"}],"wp:attachment":[{"href":"https:\/\/by-tv.co.uk\/en\/wp-json\/wp\/v2\/media?parent=19653"}],"wp:term":[{"taxonomy":"category","embeddable":true,"href":"https:\/\/by-tv.co.uk\/en\/wp-json\/wp\/v2\/categories?post=19653"},{"taxonomy":"post_tag","embeddable":true,"href":"https:\/\/by-tv.co.uk\/en\/wp-json\/wp\/v2\/tags?post=19653"}],"curies":[{"name":"wp","href":"https:\/\/api.w.org\/{rel}","templated":true}]}}