{"id":19645,"date":"2023-04-14T16:42:05","date_gmt":"2023-04-14T15:42:05","guid":{"rendered":"https:\/\/by-tv.co.uk\/?p=19645"},"modified":"2023-04-14T16:53:39","modified_gmt":"2023-04-14T15:53:39","slug":"ingiltere-tarafindan-desteklenen-iklim-finansmani-hizlandirma-cfa-programi-icin-basvurular-basladi","status":"publish","type":"post","link":"https:\/\/by-tv.co.uk\/en\/ingiltere-tarafindan-desteklenen-iklim-finansmani-hizlandirma-cfa-programi-icin-basvurular-devam-ediyor\/","title":{"rendered":"\u0130ngiltere taraf\u0131ndan desteklenen \u0130klim Finansman\u0131 H\u0131zland\u0131rma (CFA) program\u0131 i\u00e7in ba\u015fvurular devam ediyor"},"content":{"rendered":"<p>PwC T\u00fcrkiye\u2019nin y\u00fcr\u00fct\u00fcc\u00fcl\u00fc\u011f\u00fcn\u00fc \u00fcstlendi\u011fi, Birle\u015fik Krall\u0131k Enerji G\u00fcvenli\u011fi ve Net S\u0131f\u0131r Karbon Departman\u0131 (DESNZ) taraf\u0131ndan desteklenen ve iklim kriziyle m\u00fccadele eden projelerin geli\u015ftirilmesini ama\u00e7layan Climate Finance Accelerator (\u0130klim Finansman\u0131 H\u0131zland\u0131rma-<a href=\"https:\/\/www.gov.uk\/government\/publications\/climate-finance-accelerator\/climate-finance-accelerator\" target=\"_blank\" rel=\"noopener\">CFA)<\/a> program\u0131 \u00fc\u00e7\u00fcnc\u00fc kez finansman ihtiyac\u0131 olan projeleri desteklemek \u00fczere ge\u00e7en hafta ba\u015flad\u0131. Karbon emisyonunu azalt\u0131c\u0131 projelere kapasite olu\u015fturma, finansman kaynaklar\u0131na eri\u015fim, network olu\u015fturma ve tan\u0131n\u0131rl\u0131k sa\u011flama gibi ba\u015fl\u0131klarda f\u0131rsatlar sunan program i\u00e7in <a href=\"https:\/\/www.pwc.com.tr\/cfa-turkiye-tr\" target=\"_blank\" rel=\"noopener\">ba\u015fvurular<\/a> 29 May\u0131s 2023 tarihine kadar devam edecek.&nbsp;<\/p>\n<p>CFA program\u0131, k\u00fcresel s\u0131cakl\u0131k art\u0131\u015f\u0131n\u0131 1,5\u00b0C ile s\u0131n\u0131rland\u0131rma hedefleri do\u011frultusunda \u00fclkeleri te\u015fvik etme amac\u0131yla aralar\u0131nda T\u00fcrkiye\u2019nin de oldu\u011fu dokuz \u00fclkede ger\u00e7ekle\u015ftiriliyor. PwC\u2019nin globalde 2030 y\u0131l\u0131na kadar ula\u015fmay\u0131 taahh\u00fct etti\u011fi \u2018net s\u0131f\u0131r emisyon\u2019 hedefiyle \u00e7al\u0131\u015fmalar\u0131n\u0131 s\u00fcrd\u00fcren PwC T\u00fcrkiye; do\u011faya ve s\u00fcrd\u00fcr\u00fclebilir ekonomiye katk\u0131 sa\u011flama vizyonu \u00e7er\u00e7evesinde CFA\u2019n\u0131n iklim krizi odakl\u0131 projelerin geli\u015ftirilmesi ve finansmana eri\u015fimlerinin kolayla\u015ft\u0131r\u0131lmas\u0131 y\u00f6n\u00fcndeki \u00e7al\u0131\u015fmalar\u0131n\u0131 destekliyor.&nbsp;&nbsp;&nbsp;<\/p>\n<p>PwC \u00f6nc\u00fcl\u00fc\u011f\u00fcnde T\u00fcrkiye\u2019deki ilk a\u015famas\u0131 2021 y\u0131l\u0131nda ba\u015flayan CFA program\u0131 proje geli\u015ftiricilere teknik ve finansal haz\u0131rl\u0131k, toplumsal cinsiyet e\u015fitli\u011fi ve toplumsal kapsay\u0131c\u0131l\u0131k konular\u0131nda uzman deste\u011fi ve e\u011fitim sa\u011fl\u0131yor. Ayr\u0131ca hem ulusal hem de uluslararas\u0131 finans ve kamu kurulu\u015flar\u0131yla bilgi payla\u015f\u0131m\u0131 ve e\u011fitim olanaklar\u0131 sunuyor. Bu e\u011fitimlerin ard\u0131ndan \u0130stanbul ve Londra&#8217;da planlanan yat\u0131r\u0131mc\u0131 etkinliklerinde, proje geli\u015ftiricileri ile finans\u00f6rlerin bir araya getirilmesi ve projelerin uygun finansmana eri\u015fmeleri ama\u00e7lan\u0131yor.<\/p><div id=\"briti-1383751967\" class=\"briti-icerik\" style=\"margin-top: 5px;margin-bottom: 5px;\"><a href=\"https:\/\/piaryum.com\/services\/\" aria-label=\"piaryum banner\"><img loading=\"lazy\" decoding=\"async\" src=\"https:\/\/by-tv.co.uk\/wp-content\/uploads\/2025\/12\/Gemini_Generated_Image_g5yqr1g5yqr1g5yq.jpg\" alt=\"\"  width=\"2064\" height=\"1152\"   \/><\/a><\/div>\n<p>Birle\u015fik Krall\u0131k \u0130stanbul Ba\u015fkonsolosu ve Do\u011fu Avrupa ve Orta Asya Ticaret M\u00fcste\u015far\u0131 Kenan Poleo, projeye ba\u015fvuru \u00e7a\u011fr\u0131s\u0131 yapt\u0131.<\/p>\n<div id=\"attachment_17220\" style=\"width: 2570px\" class=\"wp-caption alignnone\"><img loading=\"lazy\" decoding=\"async\" aria-describedby=\"caption-attachment-17220\" class=\"size-full wp-image-17220\" src=\"https:\/\/by-tv.co.uk\/wp-content\/uploads\/2022\/10\/kenan-poleo-2-scaled.jpg\" alt=\"\" width=\"2560\" height=\"1440\" title=\"\"><p id=\"caption-attachment-17220\" class=\"wp-caption-text\">Birle\u015fik Krall\u0131k \u0130stanbul Ba\u015fkonsolosu ve Do\u011fu Avrupa ve Orta Asya Ticaret M\u00fcste\u015far\u0131 Kenan Poleo<\/p><\/div>\n<p><a href=\"https:\/\/by-tv.co.uk\/en\/birlesik-krallik-istanbul-baskonsolosu-kenan-poleo-turk-sirketleri-birlesik-krallikta-yatirim-yapmaya-cagirdi\/\">Poleo<\/a> &#8220;Climate Finance Accelerator (CFA) T\u00fcrkiye, projenizin Birle\u015fik Krall\u0131k merkezli ve uluslararas\u0131 yat\u0131r\u0131mc\u0131lar da dahil olmak \u00fczere finans\u00f6rler nezdinde daha ilgi \u00e7ekici ve finansman sa\u011flamaya haz\u0131r bir duruma gelmesine yard\u0131mc\u0131 olabilir.&#8221; dedi.<\/p>\n<p><strong>\u2018S\u00fcrd\u00fcr\u00fclebilirlik yolculu\u011funun her a\u015famas\u0131nda yanlar\u0131nday\u0131z\u2019<\/strong><\/p>\n<p><strong>PwC T\u00fcrkiye Dan\u0131\u015fmanl\u0131k Hizmetleri \u015eirket Orta\u011f\u0131 Mevl\u00fct Akba\u015f<\/strong>, projeyle ilgili \u015fu ifadeleri kulland\u0131: \u201cPwC T\u00fcrkiye olarak sundu\u011fumuz geni\u015f kapsaml\u0131 ESG ve s\u00fcrd\u00fcr\u00fclebilirlik hizmetleri ile her alandan kurumlar\u0131n do\u011fru ve sa\u011flam ad\u0131mlarla stratejisini kurguluyor, s\u00fcrd\u00fcr\u00fclebilirlik hedeflerine ula\u015fma s\u00fcrecinde gereken aksiyonlar\u0131 belirliyor, uygulanmas\u0131na destek oluyor ve s\u00fcrd\u00fcr\u00fclebilirlik yolculu\u011funun her a\u015famas\u0131nda yanlar\u0131nda oluyoruz.&nbsp; Bu hizmetlerin \u00f6nemli bir par\u00e7as\u0131 da \u015firketlerin s\u00fcrd\u00fcr\u00fclebilirlik hedeflerine ula\u015fmalar\u0131n\u0131 sa\u011flayacak finansmana eri\u015fmelerine arac\u0131l\u0131k etmek. Karbon emisyonunu azaltma niteli\u011fi olan projelerin finanse edilebilir hale gelmesini ve finansmana eri\u015fimlerini kolayla\u015ft\u0131rmay\u0131 ama\u00e7layan CFA T\u00fcrkiye Program\u0131\u2019n\u0131n bir par\u00e7as\u0131 oldu\u011fumuz i\u00e7in \u00e7ok mutluyuz. CFA, proje geli\u015ftiricilere tamamen \u00fccretsiz olarak teknik ve finansal haz\u0131rl\u0131k, bilgi payla\u015f\u0131m\u0131 ve finansmana eri\u015fim konular\u0131nda destek oluyor, proje geli\u015ftiricilerin yerli ve yabanc\u0131 yat\u0131r\u0131mc\u0131 a\u011flar\u0131na eri\u015fmesini hedefliyor.\u201d <img loading=\"lazy\" decoding=\"async\" class=\"alignnone size-full wp-image-19646\" src=\"https:\/\/by-tv.co.uk\/wp-content\/uploads\/2023\/04\/1680852463_2021_Mevlut_Akbas_PwC-scaled.jpg\" alt=\"\" width=\"2560\" height=\"1706\" title=\"\"><\/p>\n<p>CFA T\u00fcrkiye&#8217;nin ilk a\u015famas\u0131nda (2021-2022) toplam alt\u0131 proje, ikinci a\u015famas\u0131nda ise (2022-2023) sekiz proje se\u00e7ildi. Bu projeler d\u00f6rt ay boyunca teknik, finansal, karbon sal\u0131n\u0131m\u0131n\u0131&nbsp;&nbsp;&nbsp;&nbsp; &nbsp;azaltma, hafifletme potansiyeli, toplumsal cinsiyet ve sosyal i\u00e7erme konular\u0131nda e\u011fitimlerle desteklendi.&nbsp; \u0130kinci a\u015famada t\u00fcm CFA \u00fclkelerinin yer ald\u0131\u011f\u0131 15 proje aras\u0131ndan CFA T\u00fcrkiye&#8217;den se\u00e7ilen d\u00f6rt proje -Biotrend, Evreka, GIO ve Werover- Mart 2023\u2019te Londra\u2019da yat\u0131r\u0131mc\u0131larla bulu\u015ftu.<\/p>\n<p>CFA T\u00fcrkiye&#8217;nin bu \u00fc\u00e7\u00fcnc\u00fc a\u015famas\u0131nda ise iklim teknolojileri, enerji, ula\u015f\u0131m, sanayi, ormanc\u0131l\u0131k, at\u0131k y\u00f6netimi gibi sekt\u00f6rlerden en fazla 10 karbon azalt\u0131m projesi se\u00e7ilecek. Se\u00e7ilen projelerin yat\u0131r\u0131m s\u00fcre\u00e7leri i\u00e7in gerekli \u00f6n haz\u0131rl\u0131klarda destek verilecek, ard\u0131ndan \u0130stanbul ve Londra\u2019daki potansiyel yat\u0131r\u0131mc\u0131larla bulu\u015fturulacaklar.<\/p>\n<p><strong>Aday projelerde hangi kriterler aran\u0131yor?<\/strong><\/p>\n<p>CFA T\u00fcrkiye \u015fu kriterleri ta\u015f\u0131yan projeleri destekliyor:<\/p>\n<ul>\n<li>Do\u011frudan veya dolayl\u0131 olarak sera gaz\u0131 emisyonunun azalt\u0131lmas\u0131 bak\u0131m\u0131ndan iklim \u00fczerinde \u00f6l\u00e7\u00fclebilir sonu\u00e7lar sa\u011flamak \u00fczere tasarlanmas\u0131,<\/li>\n<li>Toplamda 5-150 milyon ABD dolar\u0131 aras\u0131nda finansmana ihtiya\u00e7 duymas\u0131,<\/li>\n<li>Projenin en az\u0131ndan fizibilite \u00f6ncesi a\u015famada bulunmas\u0131,<\/li>\n<li>Uzun vadede getiri sa\u011flayacak bir i\u015f modeline sahip olmas\u0131,<\/li>\n<li>Toplumsal cinsiyet e\u015fitli\u011fini ve sosyal kapsam\u0131 art\u0131r\u0131c\u0131 etkilere sahip olmas\u0131 bir art\u0131 olarak kabul ediliyor.<\/li>\n<\/ul>\n<p>&nbsp;<\/p>\n<p>&nbsp;<\/p>\n<div id=\"briti-1497103676\" class=\"briti-icerikten-sonra_2\" style=\"margin-top: 25px;margin-bottom: 25px;\"><a href=\"https:\/\/wa.me\/message\/NDZLLIOQT4H3O1\" aria-label=\"bytv reklam banner\"><img loading=\"lazy\" decoding=\"async\" src=\"https:\/\/by-tv.co.uk\/wp-content\/uploads\/2025\/12\/bytv-reklam-banner.jpg\" alt=\"\"  width=\"2376\" height=\"1008\"   \/><\/a><\/div>","protected":false},"excerpt":{"rendered":"<p>PwC T\u00fcrkiye\u2019nin y\u00fcr\u00fct\u00fcc\u00fcl\u00fc\u011f\u00fcn\u00fc \u00fcstlendi\u011fi, Birle\u015fik Krall\u0131k Enerji G\u00fcvenli\u011fi ve Net S\u0131f\u0131r Karbon Departman\u0131 (DESNZ) taraf\u0131ndan desteklenen ve iklim kriziyle m\u00fccadele eden projelerin geli\u015ftirilmesini ama\u00e7layan Climate Finance Accelerator (\u0130klim Finansman\u0131 H\u0131zland\u0131rma-CFA) program\u0131 \u00fc\u00e7\u00fcnc\u00fc kez finansman ihtiyac\u0131 olan projeleri desteklemek \u00fczere ge\u00e7en hafta ba\u015flad\u0131. Karbon emisyonunu azalt\u0131c\u0131 projelere kapasite olu\u015fturma, finansman kaynaklar\u0131na eri\u015fim, network olu\u015fturma ve tan\u0131n\u0131rl\u0131k sa\u011flama gibi ba\u015fl\u0131klarda f\u0131rsatlar sunan program i\u00e7in ba\u015fvurular 29 May\u0131s 2023 tarihine kadar devam edecek.&nbsp; CFA program\u0131, k\u00fcresel s\u0131cakl\u0131k art\u0131\u015f\u0131n\u0131 1,5\u00b0C ile s\u0131n\u0131rland\u0131rma hedefleri do\u011frultusunda \u00fclkeleri te\u015fvik etme amac\u0131yla aralar\u0131nda T\u00fcrkiye\u2019nin de oldu\u011fu dokuz \u00fclkede ger\u00e7ekle\u015ftiriliyor. PwC\u2019nin globalde 2030 y\u0131l\u0131na kadar ula\u015fmay\u0131 taahh\u00fct etti\u011fi \u2018net [&hellip;]<\/p>\n","protected":false},"author":1,"featured_media":19647,"comment_status":"open","ping_status":"open","sticky":false,"template":"","format":"standard","meta":{"ngg_post_thumbnail":0,"footnotes":""},"categories":[15],"tags":[4851,4854,4853,3130,4852,149],"class_list":["post-19645","post","type-post","status-publish","format-standard","has-post-thumbnail","hentry","category-ingiltere","tag-birlesik-krallik-enerji-guvenligi-ve-net-sifir-karbon-departmani","tag-cfa","tag-climate-finance-accelerator","tag-iklim-degisikligi","tag-iklim-finansmani-hizlandirma","tag-ingiltere"],"_links":{"self":[{"href":"https:\/\/by-tv.co.uk\/en\/wp-json\/wp\/v2\/posts\/19645","targetHints":{"allow":["GET"]}}],"collection":[{"href":"https:\/\/by-tv.co.uk\/en\/wp-json\/wp\/v2\/posts"}],"about":[{"href":"https:\/\/by-tv.co.uk\/en\/wp-json\/wp\/v2\/types\/post"}],"author":[{"embeddable":true,"href":"https:\/\/by-tv.co.uk\/en\/wp-json\/wp\/v2\/users\/1"}],"replies":[{"embeddable":true,"href":"https:\/\/by-tv.co.uk\/en\/wp-json\/wp\/v2\/comments?post=19645"}],"version-history":[{"count":0,"href":"https:\/\/by-tv.co.uk\/en\/wp-json\/wp\/v2\/posts\/19645\/revisions"}],"wp:featuredmedia":[{"embeddable":true,"href":"https:\/\/by-tv.co.uk\/en\/wp-json\/wp\/v2\/media\/19647"}],"wp:attachment":[{"href":"https:\/\/by-tv.co.uk\/en\/wp-json\/wp\/v2\/media?parent=19645"}],"wp:term":[{"taxonomy":"category","embeddable":true,"href":"https:\/\/by-tv.co.uk\/en\/wp-json\/wp\/v2\/categories?post=19645"},{"taxonomy":"post_tag","embeddable":true,"href":"https:\/\/by-tv.co.uk\/en\/wp-json\/wp\/v2\/tags?post=19645"}],"curies":[{"name":"wp","href":"https:\/\/api.w.org\/{rel}","templated":true}]}}