{"id":19084,"date":"2023-03-02T12:01:54","date_gmt":"2023-03-02T12:01:54","guid":{"rendered":"https:\/\/by-tv.co.uk\/?p=19084"},"modified":"2023-03-02T12:04:21","modified_gmt":"2023-03-02T12:04:21","slug":"ingiliz-hukumeti-depremzedeler-icin-ozel-bir-vize-turu-yaratma-planimiz-yok","status":"publish","type":"post","link":"https:\/\/by-tv.co.uk\/en\/ingiliz-hukumeti-depremzedeler-icin-ozel-bir-vize-turu-yaratma-planimiz-yok\/","title":{"rendered":"\u0130ngiliz h\u00fck\u00fcmeti: Depremzedeler i\u00e7in \u00f6zel bir vize t\u00fcr\u00fc yaratma plan\u0131m\u0131z yok"},"content":{"rendered":"<p>Ge\u00e7en y\u0131l Rusya\u2019n\u0131n Ukrayna\u2019y\u0131 i\u015fgalinin ard\u0131ndan \u0130ngiltere\u2019deki Ukraynal\u0131lara akrabalar\u0131n\u0131 getirme hakk\u0131 veren \u0130ngiltere\u2019nin T\u00fcrkiye\u2019de depremden etkilenenlerin yak\u0131nlar\u0131na da benzer bir hak vermesi i\u00e7in ba\u015flat\u0131lan imza kampanyas\u0131na 100 binden fazla ki\u015fi destek vermi\u015f, konu Parlamento\u2019da milletvekilleri taraf\u0131ndan g\u00f6r\u00fc\u015f\u00fclm\u00fc\u015ft\u00fc.<\/p>\n<p>\u0130\u00e7i\u015fleri Bakanl\u0131\u011f\u0131&#8217;n\u0131n bug\u00fcn imza kampanyas\u0131na kat\u0131lanlara g\u00f6nderdi\u011fi e-postada \u201cT\u00fcrkiye\u2019deki durum Ukrayna\u2019dan farkl\u0131 ve her krize kendine \u00f6zg\u00fc bir \u015fekilde yan\u0131t verilmesi gerekir\u201d ifadeleri yer ald\u0131.<\/p>\n<p>T\u00fcrkiye\u2019ye kurtarma ekipleri g\u00f6nderdiklerini ve maddi yard\u0131mda bulunduklar\u0131n\u0131 belirten bakanl\u0131k, sahadaki ihtiya\u00e7lar\u0131n kar\u015f\u0131lanmas\u0131 konusunda T\u00fcrk h\u00fck\u00fcmetiyle ileti\u015fim halinde olduklar\u0131n\u0131 aktard\u0131.<\/p><div id=\"briti-441122423\" class=\"briti-icerik\" style=\"margin-top: 5px;margin-bottom: 5px;\"><a href=\"https:\/\/piaryum.com\/services\/\" aria-label=\"piaryum banner\"><img loading=\"lazy\" decoding=\"async\" src=\"https:\/\/by-tv.co.uk\/wp-content\/uploads\/2025\/12\/Gemini_Generated_Image_g5yqr1g5yqr1g5yq.jpg\" alt=\"\"  width=\"2064\" height=\"1152\"   \/><\/a><\/div>\n<div id=\"attachment_14812\" style=\"width: 1010px\" class=\"wp-caption alignnone\"><img loading=\"lazy\" decoding=\"async\" aria-describedby=\"caption-attachment-14812\" class=\"size-full wp-image-14812\" src=\"https:\/\/by-tv.co.uk\/wp-content\/uploads\/2022\/03\/uk-vizeleri.jpg\" alt=\"\" width=\"1000\" height=\"667\" title=\"\"><p id=\"caption-attachment-14812\" class=\"wp-caption-text\">&nbsp;<\/p><\/div>\n<p>Bakanl\u0131k \u201cRusya\u2019n\u0131n Ukrayna\u2019y\u0131 i\u015fgali devam eden bir \u00e7at\u0131\u015fma. Bu istikrars\u0131zl\u0131k Ukraynal\u0131lar\u0131n hayatlar\u0131n\u0131 tehdit etmeye devam ediyor ve yaratt\u0131\u011f\u0131m\u0131z vize t\u00fcr\u00fc, Ukraynal\u0131lar\u0131n \u00fclkeleri g\u00fcvenli hale gelene kadar ge\u00e7ici s\u00fcreyle burada kalmalar\u0131na olanak sa\u011fl\u0131yor\u201d dedi ve ekledi:<\/p>\n<p>\u201cT\u00fcrkiye\u2019deki y\u0131k\u0131c\u0131 depremlerin yaratt\u0131\u011f\u0131 durum ise farkl\u0131 t\u00fcrden bir deste\u011fi gerektiriyor.<\/p>\n<p>\u201c\u0130ngiliz h\u00fck\u00fcmetinin, \u0130ngiliz vatanda\u015flar\u0131n\u0131n depremzede akrabalar\u0131n\u0131 getirebilmesi i\u00e7in yeni bir vize t\u00fcr\u00fc yaratma plan\u0131 bulunmuyor.<\/p>\n<p>\u201cEvlerini terk etmek zorunda kalan baz\u0131 ki\u015filerin \u0130ngiltere\u2019deki akrabalar\u0131n\u0131n yan\u0131na gelmek isteyebileceklerinin fark\u0131nday\u0131z. Bu ki\u015filerin vizesi bulunmuyorsa standart vize prosed\u00fcrlerini uygulayarak vize alabilirler.\u201d<\/p>\n<p>Deprem b\u00f6lgesine en yak\u0131n vize merkezinin Adana\u2019da oldu\u011funu hat\u0131rlatan bakanl\u0131k, vize alan ki\u015filerin alt\u0131 aya kadar \u0130ngiltere\u2019deki yak\u0131nlar\u0131n\u0131n yan\u0131nda kalabileceklerini belirtti. (BBC T\u00fcrk\u00e7e)<\/p>\n<p>&nbsp;<\/p>\n<div id=\"briti-606862020\" class=\"briti-icerikten-sonra_2\" style=\"margin-top: 25px;margin-bottom: 25px;\"><a href=\"https:\/\/wa.me\/message\/NDZLLIOQT4H3O1\" aria-label=\"bytv reklam banner\"><img loading=\"lazy\" decoding=\"async\" src=\"https:\/\/by-tv.co.uk\/wp-content\/uploads\/2025\/12\/bytv-reklam-banner.jpg\" alt=\"\"  width=\"2376\" height=\"1008\"   \/><\/a><\/div>","protected":false},"excerpt":{"rendered":"<p>Ge\u00e7en y\u0131l Rusya\u2019n\u0131n Ukrayna\u2019y\u0131 i\u015fgalinin ard\u0131ndan \u0130ngiltere\u2019deki Ukraynal\u0131lara akrabalar\u0131n\u0131 getirme hakk\u0131 veren \u0130ngiltere\u2019nin T\u00fcrkiye\u2019de depremden etkilenenlerin yak\u0131nlar\u0131na da benzer bir hak vermesi i\u00e7in ba\u015flat\u0131lan imza kampanyas\u0131na 100 binden fazla ki\u015fi destek vermi\u015f, konu Parlamento\u2019da milletvekilleri taraf\u0131ndan g\u00f6r\u00fc\u015f\u00fclm\u00fc\u015ft\u00fc. \u0130\u00e7i\u015fleri Bakanl\u0131\u011f\u0131&#8217;n\u0131n bug\u00fcn imza kampanyas\u0131na kat\u0131lanlara g\u00f6nderdi\u011fi e-postada \u201cT\u00fcrkiye\u2019deki durum Ukrayna\u2019dan farkl\u0131 ve her krize kendine \u00f6zg\u00fc bir \u015fekilde yan\u0131t verilmesi gerekir\u201d ifadeleri yer ald\u0131. T\u00fcrkiye\u2019ye kurtarma ekipleri g\u00f6nderdiklerini ve maddi yard\u0131mda bulunduklar\u0131n\u0131 belirten bakanl\u0131k, sahadaki ihtiya\u00e7lar\u0131n kar\u015f\u0131lanmas\u0131 konusunda T\u00fcrk h\u00fck\u00fcmetiyle ileti\u015fim halinde olduklar\u0131n\u0131 aktard\u0131. Bakanl\u0131k \u201cRusya\u2019n\u0131n Ukrayna\u2019y\u0131 i\u015fgali devam eden bir \u00e7at\u0131\u015fma. Bu istikrars\u0131zl\u0131k Ukraynal\u0131lar\u0131n hayatlar\u0131n\u0131 tehdit etmeye devam ediyor ve yaratt\u0131\u011f\u0131m\u0131z [&hellip;]<\/p>\n","protected":false},"author":1,"featured_media":19085,"comment_status":"open","ping_status":"open","sticky":false,"template":"","format":"standard","meta":{"ngg_post_thumbnail":0,"footnotes":""},"categories":[4786],"tags":[],"class_list":["post-19084","post","type-post","status-publish","format-standard","has-post-thumbnail","hentry","category-deprem"],"_links":{"self":[{"href":"https:\/\/by-tv.co.uk\/en\/wp-json\/wp\/v2\/posts\/19084","targetHints":{"allow":["GET"]}}],"collection":[{"href":"https:\/\/by-tv.co.uk\/en\/wp-json\/wp\/v2\/posts"}],"about":[{"href":"https:\/\/by-tv.co.uk\/en\/wp-json\/wp\/v2\/types\/post"}],"author":[{"embeddable":true,"href":"https:\/\/by-tv.co.uk\/en\/wp-json\/wp\/v2\/users\/1"}],"replies":[{"embeddable":true,"href":"https:\/\/by-tv.co.uk\/en\/wp-json\/wp\/v2\/comments?post=19084"}],"version-history":[{"count":0,"href":"https:\/\/by-tv.co.uk\/en\/wp-json\/wp\/v2\/posts\/19084\/revisions"}],"wp:featuredmedia":[{"embeddable":true,"href":"https:\/\/by-tv.co.uk\/en\/wp-json\/wp\/v2\/media\/19085"}],"wp:attachment":[{"href":"https:\/\/by-tv.co.uk\/en\/wp-json\/wp\/v2\/media?parent=19084"}],"wp:term":[{"taxonomy":"category","embeddable":true,"href":"https:\/\/by-tv.co.uk\/en\/wp-json\/wp\/v2\/categories?post=19084"},{"taxonomy":"post_tag","embeddable":true,"href":"https:\/\/by-tv.co.uk\/en\/wp-json\/wp\/v2\/tags?post=19084"}],"curies":[{"name":"wp","href":"https:\/\/api.w.org\/{rel}","templated":true}]}}