{"id":19079,"date":"2023-03-02T00:54:53","date_gmt":"2023-03-02T00:54:53","guid":{"rendered":"https:\/\/by-tv.co.uk\/?p=19079"},"modified":"2023-03-02T01:03:12","modified_gmt":"2023-03-02T01:03:12","slug":"ibb-istanbul-deprem-seferberlik-planini-acikladi","status":"publish","type":"post","link":"https:\/\/by-tv.co.uk\/en\/ibb-istanbul-deprem-seferberlik-planini-acikladi\/","title":{"rendered":"\u0130BB \u0130stanbul Deprem Seferberlik Plan\u0131&#8217;n\u0131 a\u00e7\u0131klad\u0131"},"content":{"rendered":"<p>\u0130stanbul B\u00fcy\u00fck\u015fehir Belediye Ba\u015fkan\u0131 Ekrem \u0130mamo\u011flu; \u0130stanbul Deprem Seferberlik Plan\u0131&#8217;n\u0131 a\u00e7\u0131klad\u0131.<\/p>\n<p>\u0130mamo\u011flu &#8220;Olas\u0131 \u0130stanbul depremi bir beka sorunudur. Bu y\u00fczden bilim insanlar\u0131n\u0131n sesini sonuna kadar dinliyor ve cesur kararlara imza at\u0131yoruz. Yol haritam\u0131z\u0131 bug\u00fcn sunduk.<\/p>\n<blockquote class=\"twitter-tweet\">\n<p dir=\"ltr\" lang=\"tr\">\u0130BB \u0130stanbul Deprem Seferberlik Plan\u0131\u2019n\u0131 a\u00e7\u0131klad\u0131.<a href=\"https:\/\/t.co\/Nb5iQYHvcL\">https:\/\/t.co\/Nb5iQYHvcL<\/a> <a href=\"https:\/\/t.co\/n2SZ1eCD0N\">pic.twitter.com\/n2SZ1eCD0N<\/a><\/p>\n<p>\u2014 British Ya\u015fam TV \ud83c\uddec\ud83c\udde7\ud83c\uddf9\ud83c\uddf7 (@BritishYasamTv) <a href=\"https:\/\/twitter.com\/BritishYasamTv\/status\/1631096970646257666?ref_src=twsrc%5Etfw\" target=\"_blank\" rel=\"noopener\">March 2, 2023<\/a><\/p><\/blockquote>\n<p><script async=\"\" src=\"https:\/\/platform.twitter.com\/widgets.js\" charset=\"utf-8\"><\/script><br \/>\n\u0130nsanlar\u0131m\u0131z\u0131 korumak i\u00e7in, deprem diren\u00e7li kent uygulamas\u0131n\u0131 ilk kez \u0130stanbul&#8217;da ba\u015far\u0131p T\u00fcrkiye&#8217;ye \u00f6rnek olaca\u011f\u0131z. Hedefimiz bu, seferberli\u011fimizin amac\u0131 bu.<\/p><div id=\"briti-3678806958\" class=\"briti-icerik\" style=\"margin-top: 5px;margin-bottom: 5px;\"><a href=\"https:\/\/piaryum.com\/services\/\" aria-label=\"piaryum banner\"><img loading=\"lazy\" decoding=\"async\" src=\"https:\/\/by-tv.co.uk\/wp-content\/uploads\/2025\/12\/Gemini_Generated_Image_g5yqr1g5yqr1g5yq.jpg\" alt=\"\"  width=\"2064\" height=\"1152\"   \/><\/a><\/div>\n<p>\u0130stanbul depreminden y\u0131k\u0131lmadan, depreme yenilmeden \u00e7\u0131kmak i\u00e7in yeni bir merkezi h\u00fck\u00fcmet-yerel y\u00f6netim-sivil toplum i\u015f birli\u011fi in\u015fa etmemiz gerekiyor. Bunun i\u00e7in yeni bir siyaset, din\u00e7 ve taze bir sistem kurmam\u0131z gerekiyor. Bu art\u0131k ya\u015famsal bir zorunluluktur.<\/p>\n<p>T\u00fcm bu umut ve duygularla haz\u0131rlay\u0131p sizlerle payla\u015ft\u0131\u011f\u0131m\u0131z plan\u0131m\u0131z, bir \u00e7a\u011fr\u0131d\u0131r.<\/p>\n<p>Bu bir seferberlik \u00e7a\u011fr\u0131s\u0131d\u0131r. Kay\u0131ts\u0131z \u015farts\u0131z bir i\u015fbirli\u011fi \u00e7a\u011fr\u0131s\u0131d\u0131r. Biz bug\u00fcn itibariyle \u0130stanbul\u2019u depreme diren\u00e7li bir kente d\u00f6n\u00fc\u015ft\u00fcrme konusunda kararl\u0131y\u0131z, cesuruz. Biz art\u0131k duramay\u0131z. Hepimiz biliyoruz ki, \u0130stanbul durursa, T\u00fcrkiye durur. \u0130stanbul durursa T\u00fcrkiye diz \u00fcst\u00fc \u00e7\u00f6ker. Bizim i\u00e7in bu bir ba\u015flang\u0131\u00e7. Bu ama\u00e7la bug\u00fcn itibariyle sahaya \u00e7\u0131k\u0131yoruz.&#8221; dedi.<\/p>\n<h4>\u0130BB&#8217;nin Deprem Seferberlik Plan\u0131<\/h4>\n<p>1. Marmara deprem konseyinin kurulmas\u0131<br \/>\n2. \u0130BB deprem b\u00fct\u00e7esinin revizyonuna destek<br \/>\n3. \u0130stanbul\u2019un depreme diren\u00e7li hale getirilmesi i\u00e7in mevzuat \u00e7al\u0131\u015fmalar\u0131n\u0131n yap\u0131lmas\u0131<br \/>\n4. Yap\u0131 g\u00fc\u00e7lendirme konusuna ili\u015fkin yasal d\u00fczenleme i\u00e7in merkezi y\u00f6netimle i\u015fbirli\u011fi ve finans deste\u011fi<br \/>\n5. H\u0131zl\u0131 tarama y\u00f6nteminin mevzuata konarak yayg\u0131nla\u015ft\u0131r\u0131lmas\u0131<br \/>\n6. Bo\u015f konutlar\u0131n kulland\u0131r\u0131lmas\u0131 program\u0131na ili\u015fkin yasal y\u00f6netsel d\u00fczenlemeler<br \/>\n7. Deprem sonras\u0131 toplanma ve ge\u00e7ici bar\u0131nma alanlar\u0131n\u0131n tam donan\u0131ml\u0131 bir \u015fekilde fiziki altyap\u0131lar\u0131n\u0131n geli\u015ftirilmesi i\u00e7in merkezi idare ile e\u015fg\u00fcd\u00fcm<br \/>\n8. \u0130stanbul\u2019un ileti\u015fim, elektrik, enerji gibi t\u00fcm altyap\u0131 sistemlerini depreme diren\u00e7li hale getirmek i\u00e7in ilgili akt\u00f6rlerle birlikte \u00e7al\u0131\u015fma<br \/>\n9. \u0130stanbul \u00f6zelinde yasa \u00e7al\u0131\u015fmas\u0131<\/p>\n<p>#istanbul #depremseferberlik #ekremimamo\u011flu<\/p>\n<div id=\"briti-1913839353\" class=\"briti-icerikten-sonra_2\" style=\"margin-top: 25px;margin-bottom: 25px;\"><a href=\"https:\/\/wa.me\/message\/NDZLLIOQT4H3O1\" aria-label=\"bytv reklam banner\"><img loading=\"lazy\" decoding=\"async\" src=\"https:\/\/by-tv.co.uk\/wp-content\/uploads\/2025\/12\/bytv-reklam-banner.jpg\" alt=\"\"  width=\"2376\" height=\"1008\"   \/><\/a><\/div>","protected":false},"excerpt":{"rendered":"<p>\u0130stanbul B\u00fcy\u00fck\u015fehir Belediye Ba\u015fkan\u0131 Ekrem \u0130mamo\u011flu; \u0130stanbul Deprem Seferberlik Plan\u0131&#8217;n\u0131 a\u00e7\u0131klad\u0131. \u0130mamo\u011flu &#8220;Olas\u0131 \u0130stanbul depremi bir beka sorunudur. Bu y\u00fczden bilim insanlar\u0131n\u0131n sesini sonuna kadar dinliyor ve cesur kararlara imza at\u0131yoruz. Yol haritam\u0131z\u0131 bug\u00fcn sunduk. \u0130BB \u0130stanbul Deprem Seferberlik Plan\u0131\u2019n\u0131 a\u00e7\u0131klad\u0131.https:\/\/t.co\/Nb5iQYHvcL pic.twitter.com\/n2SZ1eCD0N \u2014 British Ya\u015fam TV \ud83c\uddec\ud83c\udde7\ud83c\uddf9\ud83c\uddf7 (@BritishYasamTv) March 2, 2023 \u0130nsanlar\u0131m\u0131z\u0131 korumak i\u00e7in, deprem diren\u00e7li kent uygulamas\u0131n\u0131 ilk kez \u0130stanbul&#8217;da ba\u015far\u0131p T\u00fcrkiye&#8217;ye \u00f6rnek olaca\u011f\u0131z. Hedefimiz bu, seferberli\u011fimizin amac\u0131 bu. \u0130stanbul depreminden y\u0131k\u0131lmadan, depreme yenilmeden \u00e7\u0131kmak i\u00e7in yeni bir merkezi h\u00fck\u00fcmet-yerel y\u00f6netim-sivil toplum i\u015f birli\u011fi in\u015fa etmemiz gerekiyor. Bunun i\u00e7in yeni bir siyaset, din\u00e7 ve taze bir sistem kurmam\u0131z gerekiyor. [&hellip;]<\/p>\n","protected":false},"author":1,"featured_media":19082,"comment_status":"open","ping_status":"open","sticky":false,"template":"","format":"standard","meta":{"ngg_post_thumbnail":0,"footnotes":""},"categories":[1292],"tags":[4791],"class_list":["post-19079","post","type-post","status-publish","format-standard","has-post-thumbnail","hentry","category-turkiye","tag-ibb-istanbul-deprem-seferberlik-plani"],"_links":{"self":[{"href":"https:\/\/by-tv.co.uk\/en\/wp-json\/wp\/v2\/posts\/19079","targetHints":{"allow":["GET"]}}],"collection":[{"href":"https:\/\/by-tv.co.uk\/en\/wp-json\/wp\/v2\/posts"}],"about":[{"href":"https:\/\/by-tv.co.uk\/en\/wp-json\/wp\/v2\/types\/post"}],"author":[{"embeddable":true,"href":"https:\/\/by-tv.co.uk\/en\/wp-json\/wp\/v2\/users\/1"}],"replies":[{"embeddable":true,"href":"https:\/\/by-tv.co.uk\/en\/wp-json\/wp\/v2\/comments?post=19079"}],"version-history":[{"count":0,"href":"https:\/\/by-tv.co.uk\/en\/wp-json\/wp\/v2\/posts\/19079\/revisions"}],"wp:featuredmedia":[{"embeddable":true,"href":"https:\/\/by-tv.co.uk\/en\/wp-json\/wp\/v2\/media\/19082"}],"wp:attachment":[{"href":"https:\/\/by-tv.co.uk\/en\/wp-json\/wp\/v2\/media?parent=19079"}],"wp:term":[{"taxonomy":"category","embeddable":true,"href":"https:\/\/by-tv.co.uk\/en\/wp-json\/wp\/v2\/categories?post=19079"},{"taxonomy":"post_tag","embeddable":true,"href":"https:\/\/by-tv.co.uk\/en\/wp-json\/wp\/v2\/tags?post=19079"}],"curies":[{"name":"wp","href":"https:\/\/api.w.org\/{rel}","templated":true}]}}