{"id":19067,"date":"2023-03-01T22:44:03","date_gmt":"2023-03-01T22:44:03","guid":{"rendered":"https:\/\/by-tv.co.uk\/?p=19067"},"modified":"2023-03-01T22:45:00","modified_gmt":"2023-03-01T22:45:00","slug":"bir-dakika-britanya-ile-ingiltere-guncel-haberler-1-mart-2023","status":"publish","type":"post","link":"https:\/\/by-tv.co.uk\/en\/bir-dakika-britanya-ile-ingiltere-guncel-haberler-1-mart-2023\/","title":{"rendered":"Bir Dakika Britanya ile \u0130ngiltere g\u00fcncel haberler, 1 Mart 2023"},"content":{"rendered":"<p>Bir Dakika Britanya ile \u0130ngiltere g\u00fcncel haberler, 1 Mart 2023<br \/>\n<iframe loading=\"lazy\" title=\"Bir Dakika Britanya ile \u0130ngiltere g\u00fcncel haberler, 1 Mart 2023\" src=\"https:\/\/www.youtube.com\/embed\/Vz4wvIxTk9M\" width=\"783\" height=\"715\" frameborder=\"0\" allowfullscreen=\"allowfullscreen\"><\/iframe><\/p>\n<p>\u2b55\ufe0f\u0130ngiltere&#8217;de konut fiyatlar\u0131 pandeminin ba\u015f\u0131ndan bu yana, neredeyse 3 y\u0131ld\u0131r ilk kez y\u0131ll\u0131k bazda d\u00fc\u015f\u00fc\u015f g\u00f6sterdi. \u015eubat ay\u0131nda fiyatlar 2022 \u015eubat ay\u0131na g\u00f6re y\u00fczde 1,1 geriledi.<\/p>\n<p>\u2b55\ufe0f \u0130ngiltere Merkez Bankas\u0131 Ba\u015fkan\u0131 Andrew Bailey bug\u00fcn enflasyonu kontrol alt\u0131na almak i\u00e7in faiz oranlar\u0131n\u0131n daha da y\u00fckselmesi gerekebilece\u011fi konusunda uyard\u0131. Bankan\u0131n 23 Mart\u2019taki toplant\u0131s\u0131nda en az 25 baz puaz faiz art\u0131r\u0131m\u0131 yapmas\u0131 bekleniyor.<\/p><div id=\"briti-2422980517\" class=\"briti-icerik\" style=\"margin-top: 5px;margin-bottom: 5px;\"><a href=\"https:\/\/piaryum.com\/services\/\" aria-label=\"piaryum banner\"><img loading=\"lazy\" decoding=\"async\" src=\"https:\/\/by-tv.co.uk\/wp-content\/uploads\/2025\/12\/Gemini_Generated_Image_g5yqr1g5yqr1g5yq.jpg\" alt=\"\"  width=\"2064\" height=\"1152\"   \/><\/a><\/div>\n<p>\u2b55\ufe0fRMT ve ASLEF sendikalar\u0131na ba\u011fl\u0131 Londra metrosu \u00e7al\u0131\u015fanlar\u0131, 15 Mart\u2019ta 24 saatlik grev yapacak. \u0130ngiltere b\u00fct\u00e7esinin parlamentoda belirlenece\u011fi bu g\u00fcnde emekli maa\u015flar\u0131 ve personel say\u0131s\u0131n\u0131n azalt\u0131lmas\u0131 konusunda uzun s\u00fcredir devam eden bir anla\u015fmazl\u0131k nedeniyle grev yap\u0131lacak.<\/p>\n<p>\u2b55\ufe0fBMG Research taraf\u0131ndan yap\u0131lan anket, \u0130ngiltere&#8217;de yap\u0131lacak bir genel se\u00e7imde \u0130\u015f\u00e7i Partisi&#8217;nin 1997&#8217;de Tony Blair liderli\u011finde ya\u015fanana benzer bir zafer elde etme yolunda oldu\u011funu g\u00f6sterdi. Ankete g\u00f6re, Keir Starmer liderli\u011finde \u0130\u015f\u00e7i Partisi, Sunak liderli\u011findeki Muhafazakar Parti&#8217;nin 17 puan \u00f6n\u00fcnde g\u00f6z\u00fck\u00fcyor.<\/p>\n<p>Kamuoyuna siyasi parti liderlerinden memnuniyetinde soruldu\u011fu ankette, Starmer&#8217;den memnun olanlar memnun olmayanlar\u0131n 3 puan \u00fczerinde ger\u00e7ekle\u015firken, Sunak&#8217;tan memnun olmayanlar\u0131n oran\u0131 memnun olanlar\u0131 20 puan ge\u00e7ti.<\/p>\n<p>Bug\u00fcn bir se\u00e7im yap\u0131l\u0131r ise \u0130\u015f\u00e7i Partisi&#8217;ne oy vereceklerin oran\u0131 y\u00fczde 46. Muhafazakar Parti&#8217;ye destek y\u00fczde 29, Liberal Demokratlar&#8217;a destek y\u00fczde 9, Reform UK i\u00e7in destek y\u00fczde 6 ve Ye\u015filler i\u00e7in y\u00fczde 4.<\/p>\n<p>Anket 21-23 \u015eubat tarihlerinde 1500 ki\u015finin kat\u0131l\u0131m\u0131 ile yap\u0131ld\u0131.<\/p>\n<p>#ingiltere #labour #konut #londra #britanya #anket<\/p>\n<div id=\"briti-2637062419\" class=\"briti-icerikten-sonra_2\" style=\"margin-top: 25px;margin-bottom: 25px;\"><a href=\"https:\/\/wa.me\/message\/NDZLLIOQT4H3O1\" aria-label=\"bytv reklam banner\"><img loading=\"lazy\" decoding=\"async\" src=\"https:\/\/by-tv.co.uk\/wp-content\/uploads\/2025\/12\/bytv-reklam-banner.jpg\" alt=\"\"  width=\"2376\" height=\"1008\"   \/><\/a><\/div>","protected":false},"excerpt":{"rendered":"<p>Bir Dakika Britanya ile \u0130ngiltere g\u00fcncel haberler, 1 Mart 2023 \u2b55\ufe0f\u0130ngiltere&#8217;de konut fiyatlar\u0131 pandeminin ba\u015f\u0131ndan bu yana, neredeyse 3 y\u0131ld\u0131r ilk kez y\u0131ll\u0131k bazda d\u00fc\u015f\u00fc\u015f g\u00f6sterdi. \u015eubat ay\u0131nda fiyatlar 2022 \u015eubat ay\u0131na g\u00f6re y\u00fczde 1,1 geriledi. \u2b55\ufe0f \u0130ngiltere Merkez Bankas\u0131 Ba\u015fkan\u0131 Andrew Bailey bug\u00fcn enflasyonu kontrol alt\u0131na almak i\u00e7in faiz oranlar\u0131n\u0131n daha da y\u00fckselmesi gerekebilece\u011fi konusunda uyard\u0131. Bankan\u0131n 23 Mart\u2019taki toplant\u0131s\u0131nda en az 25 baz puaz faiz art\u0131r\u0131m\u0131 yapmas\u0131 bekleniyor. \u2b55\ufe0fRMT ve ASLEF sendikalar\u0131na ba\u011fl\u0131 Londra metrosu \u00e7al\u0131\u015fanlar\u0131, 15 Mart\u2019ta 24 saatlik grev yapacak. \u0130ngiltere b\u00fct\u00e7esinin parlamentoda belirlenece\u011fi bu g\u00fcnde emekli maa\u015flar\u0131 ve personel say\u0131s\u0131n\u0131n azalt\u0131lmas\u0131 konusunda uzun s\u00fcredir devam [&hellip;]<\/p>\n","protected":false},"author":1,"featured_media":19068,"comment_status":"open","ping_status":"open","sticky":false,"template":"","format":"video","meta":{"ngg_post_thumbnail":0,"footnotes":""},"categories":[1],"tags":[149],"class_list":["post-19067","post","type-post","status-publish","format-video","has-post-thumbnail","hentry","category-genel","tag-ingiltere","post_format-post-format-video"],"_links":{"self":[{"href":"https:\/\/by-tv.co.uk\/en\/wp-json\/wp\/v2\/posts\/19067","targetHints":{"allow":["GET"]}}],"collection":[{"href":"https:\/\/by-tv.co.uk\/en\/wp-json\/wp\/v2\/posts"}],"about":[{"href":"https:\/\/by-tv.co.uk\/en\/wp-json\/wp\/v2\/types\/post"}],"author":[{"embeddable":true,"href":"https:\/\/by-tv.co.uk\/en\/wp-json\/wp\/v2\/users\/1"}],"replies":[{"embeddable":true,"href":"https:\/\/by-tv.co.uk\/en\/wp-json\/wp\/v2\/comments?post=19067"}],"version-history":[{"count":0,"href":"https:\/\/by-tv.co.uk\/en\/wp-json\/wp\/v2\/posts\/19067\/revisions"}],"wp:featuredmedia":[{"embeddable":true,"href":"https:\/\/by-tv.co.uk\/en\/wp-json\/wp\/v2\/media\/19068"}],"wp:attachment":[{"href":"https:\/\/by-tv.co.uk\/en\/wp-json\/wp\/v2\/media?parent=19067"}],"wp:term":[{"taxonomy":"category","embeddable":true,"href":"https:\/\/by-tv.co.uk\/en\/wp-json\/wp\/v2\/categories?post=19067"},{"taxonomy":"post_tag","embeddable":true,"href":"https:\/\/by-tv.co.uk\/en\/wp-json\/wp\/v2\/tags?post=19067"}],"curies":[{"name":"wp","href":"https:\/\/api.w.org\/{rel}","templated":true}]}}