{"id":18776,"date":"2023-02-12T18:31:10","date_gmt":"2023-02-12T18:31:10","guid":{"rendered":"https:\/\/by-tv.co.uk\/?p=18776"},"modified":"2023-02-12T18:32:31","modified_gmt":"2023-02-12T18:32:31","slug":"deprem-arama-kurtarma-calismalarinin-7-gununde-can-kaybi-29-bin-605e-yukseldi","status":"publish","type":"post","link":"https:\/\/by-tv.co.uk\/en\/deprem-arama-kurtarma-calismalarinin-7-gununde-can-kaybi-29-bin-605e-yukseldi\/","title":{"rendered":"Deprem: Arama kurtarma \u00e7al\u0131\u015fmalar\u0131n\u0131n 7. g\u00fcn\u00fcnde can kayb\u0131 29 bin 605&#8217;e y\u00fckseldi"},"content":{"rendered":"<p>T\u00fcrkiye iki b\u00fcy\u00fck deprem felaketinin yaralar\u0131n\u0131 sarmaya \u00e7al\u0131\u015f\u0131yor. \u0130lki 7,7 ikincisi 7,6 b\u00fcy\u00fckl\u00fc\u011f\u00fcndeki deprem; Kahramanmara\u015f, Kilis, Diyarbak\u0131r, Adana, Osmaniye, Gaziantep, \u015eanl\u0131urfa, Ad\u0131yaman, Malatya ve Hatay&#8217;da b\u00fcy\u00fck y\u0131k\u0131ma yol a\u00e7t\u0131. Arama kurtarma \u00e7al\u0131\u015fmalar\u0131n\u0131n 7. g\u00fcn\u00fcnde can kayb\u0131 29 bin 605&#8217;e y\u00fckseldi.<\/p>\n<p>Pazarc\u0131k ve Elbistan il\u00e7eleri merkezli depremlerin ard\u0131ndan 2412 art\u00e7\u0131 deprem meydana geldi.<\/p>\n<p>AFAD, depremden etkilenen illerden&nbsp;147 bin 934 afetzedenin ba\u015fka illere tahliye edildi\u011fini bildirdi.<\/p><div id=\"briti-2768623775\" class=\"briti-icerik\" style=\"margin-top: 5px;margin-bottom: 5px;\"><a href=\"https:\/\/piaryum.com\/services\/\" aria-label=\"piaryum banner\"><img loading=\"lazy\" decoding=\"async\" src=\"https:\/\/by-tv.co.uk\/wp-content\/uploads\/2025\/12\/Gemini_Generated_Image_g5yqr1g5yqr1g5yq.jpg\" alt=\"\"  width=\"2064\" height=\"1152\"   \/><\/a><\/div>\n<p>AFAD&#8217;\u0131n a\u00e7\u0131klamas\u0131na g\u00f6re, deprem b\u00f6lgesinde y\u00fcr\u00fct\u00fclen \u00e7al\u0131\u015fmalarda toplam 233 bin 320 personel ile 12 bin 322 ara\u00e7 ve i\u015f makinas\u0131 g\u00f6rev yap\u0131yor.<\/p>\n<p>Di\u011fer \u00fclkelerden yard\u0131m i\u00e7in gelen 9 bin 369 personel afet b\u00f6lgesine sevk edildi.<\/p>\n<p>B\u00f6lgede 70 u\u00e7ak, 167 helikopter, 24 gemi, 45 \u0130HA, 9 drone g\u00f6rev yap\u0131yor.<\/p>\n<p>T\u00fcrk Telekom, Turkcell ve Vodafone, depremin oldu\u011fu andan itibaren bir ayl\u0131k s\u00fcre i\u00e7in t\u00fcm g\u00f6r\u00fc\u015fmeleri \u00fccretsiz sa\u011flayacak. (NTV)<\/p>\n<div id=\"briti-1055094450\" class=\"briti-icerikten-sonra_2\" style=\"margin-top: 25px;margin-bottom: 25px;\"><a href=\"https:\/\/wa.me\/message\/NDZLLIOQT4H3O1\" aria-label=\"bytv reklam banner\"><img loading=\"lazy\" decoding=\"async\" src=\"https:\/\/by-tv.co.uk\/wp-content\/uploads\/2025\/12\/bytv-reklam-banner.jpg\" alt=\"\"  width=\"2376\" height=\"1008\"   \/><\/a><\/div>","protected":false},"excerpt":{"rendered":"<p>T\u00fcrkiye iki b\u00fcy\u00fck deprem felaketinin yaralar\u0131n\u0131 sarmaya \u00e7al\u0131\u015f\u0131yor. \u0130lki 7,7 ikincisi 7,6 b\u00fcy\u00fckl\u00fc\u011f\u00fcndeki deprem; Kahramanmara\u015f, Kilis, Diyarbak\u0131r, Adana, Osmaniye, Gaziantep, \u015eanl\u0131urfa, Ad\u0131yaman, Malatya ve Hatay&#8217;da b\u00fcy\u00fck y\u0131k\u0131ma yol a\u00e7t\u0131. Arama kurtarma \u00e7al\u0131\u015fmalar\u0131n\u0131n 7. g\u00fcn\u00fcnde can kayb\u0131 29 bin 605&#8217;e y\u00fckseldi. Pazarc\u0131k ve Elbistan il\u00e7eleri merkezli depremlerin ard\u0131ndan 2412 art\u00e7\u0131 deprem meydana geldi. AFAD, depremden etkilenen illerden&nbsp;147 bin 934 afetzedenin ba\u015fka illere tahliye edildi\u011fini bildirdi. AFAD&#8217;\u0131n a\u00e7\u0131klamas\u0131na g\u00f6re, deprem b\u00f6lgesinde y\u00fcr\u00fct\u00fclen \u00e7al\u0131\u015fmalarda toplam 233 bin 320 personel ile 12 bin 322 ara\u00e7 ve i\u015f makinas\u0131 g\u00f6rev yap\u0131yor. Di\u011fer \u00fclkelerden yard\u0131m i\u00e7in gelen 9 bin 369 personel afet b\u00f6lgesine sevk edildi. B\u00f6lgede [&hellip;]<\/p>\n","protected":false},"author":1,"featured_media":18777,"comment_status":"open","ping_status":"open","sticky":false,"template":"","format":"standard","meta":{"ngg_post_thumbnail":0,"footnotes":""},"categories":[1],"tags":[],"class_list":["post-18776","post","type-post","status-publish","format-standard","has-post-thumbnail","hentry","category-genel"],"_links":{"self":[{"href":"https:\/\/by-tv.co.uk\/en\/wp-json\/wp\/v2\/posts\/18776","targetHints":{"allow":["GET"]}}],"collection":[{"href":"https:\/\/by-tv.co.uk\/en\/wp-json\/wp\/v2\/posts"}],"about":[{"href":"https:\/\/by-tv.co.uk\/en\/wp-json\/wp\/v2\/types\/post"}],"author":[{"embeddable":true,"href":"https:\/\/by-tv.co.uk\/en\/wp-json\/wp\/v2\/users\/1"}],"replies":[{"embeddable":true,"href":"https:\/\/by-tv.co.uk\/en\/wp-json\/wp\/v2\/comments?post=18776"}],"version-history":[{"count":0,"href":"https:\/\/by-tv.co.uk\/en\/wp-json\/wp\/v2\/posts\/18776\/revisions"}],"wp:featuredmedia":[{"embeddable":true,"href":"https:\/\/by-tv.co.uk\/en\/wp-json\/wp\/v2\/media\/18777"}],"wp:attachment":[{"href":"https:\/\/by-tv.co.uk\/en\/wp-json\/wp\/v2\/media?parent=18776"}],"wp:term":[{"taxonomy":"category","embeddable":true,"href":"https:\/\/by-tv.co.uk\/en\/wp-json\/wp\/v2\/categories?post=18776"},{"taxonomy":"post_tag","embeddable":true,"href":"https:\/\/by-tv.co.uk\/en\/wp-json\/wp\/v2\/tags?post=18776"}],"curies":[{"name":"wp","href":"https:\/\/api.w.org\/{rel}","templated":true}]}}