{"id":18767,"date":"2023-02-12T12:06:57","date_gmt":"2023-02-12T12:06:57","guid":{"rendered":"https:\/\/by-tv.co.uk\/?p=18767"},"modified":"2023-02-12T13:18:07","modified_gmt":"2023-02-12T13:18:07","slug":"londrada-yasayan-gazeteci-mustafa-kokerin-4-akrabasi-da-depremde-hayatini-kaybetti","status":"publish","type":"post","link":"https:\/\/by-tv.co.uk\/en\/londrada-yasayan-gazeteci-mustafa-kokerin-4-akrabasi-da-depremde-hayatini-kaybetti\/","title":{"rendered":"Londra\u2019da ya\u015fayan gazeteci Mustafa K\u00f6ker&#8217;in 4 akrabas\u0131 da depremde hayat\u0131n\u0131 kaybetti"},"content":{"rendered":"<p>On binlerce can kayb\u0131n\u0131n ya\u015fand\u0131\u011f\u0131 depremde, Londra\u2019da ya\u015fayan gazeteci Mustafa K\u00f6ker&#8217;in 4 akrabas\u0131 da hayat\u0131n\u0131 kaybetti. \u0130ki b\u00fcy\u00fck depremle sars\u0131lan T\u00fcrkiye kay\u0131plar\u0131n\u0131 topra\u011fa veriyor.&nbsp; &nbsp;\u0130lki 7,7 ikincisi 7,6 b\u00fcy\u00fckl\u00fc\u011f\u00fcndeki deprem; Kahramanmara\u015f, Kilis, Diyarbak\u0131r, Adana, Osmaniye, Gaziantep, \u015eanl\u0131urfa, Ad\u0131yaman, Malatya ve Hatay&#8217;da b\u00fcy\u00fck y\u0131k\u0131ma yol a\u00e7t\u0131. Arama kurtarma \u00e7al\u0131\u015fmalar\u0131n\u0131n 6. g\u00fcn\u00fcnde can kayb\u0131 24 bin 617&#8217;ye y\u00fckseldi.<\/p>\n<p><img loading=\"lazy\" decoding=\"async\" class=\"alignnone size-full wp-image-18747\" src=\"https:\/\/by-tv.co.uk\/wp-content\/uploads\/2023\/02\/1675853298_Dicle_Elektirik__3_-1.jpeg\" alt=\"\" width=\"1024\" height=\"461\" title=\"\"><\/p>\n<p>Eurovizyon internet gazetesinin sahibi Mustafa K\u00f6ker, sosyal medyadan yapt\u0131\u011f\u0131 payla\u015f\u0131mda, \u201cYe\u011fenim Alpaslan K\u00f6ker, e\u015fi Asl\u0131g\u00fcl K\u00f6ker ve \u00e7ocuklar\u0131 Ecrin ile Ediz, Ad\u0131yaman depreminde hayatlar\u0131n\u0131 kaybettiler. Mek\u00e2nlar\u0131 cennet olsun. Allah\u2019tan rahmet diliyorum\u201d ifadesine yer verdi.<\/p>\n<p>E\u015fi Asl\u0131g\u00fcl\u2019\u00fcn memleketi Ad\u0131yaman\u2019da \u00f6\u011fretmenlik yapan Alpaslan K\u00f6ker, e\u015fi ve iki \u00e7ocu\u011fuyla 6 \u015eubat Pazartesi sabaha kar\u015f\u0131 meydana gelen depremde oturduklar\u0131 evin enkaz\u0131 alt\u0131nda kalm\u0131\u015flard\u0131.<\/p><div id=\"briti-3910978645\" class=\"briti-icerik\" style=\"margin-top: 5px;margin-bottom: 5px;\"><a href=\"https:\/\/piaryum.com\/services\/\" aria-label=\"piaryum banner\"><img loading=\"lazy\" decoding=\"async\" src=\"https:\/\/by-tv.co.uk\/wp-content\/uploads\/2025\/12\/Gemini_Generated_Image_g5yqr1g5yqr1g5yq.jpg\" alt=\"\"  width=\"2064\" height=\"1152\"   \/><\/a><\/div>\n<p>Arama kurtarma ekipleri taraf\u0131ndan \u00f6nceki gece enkaz alt\u0131ndan \u00e7\u0131kar\u0131lan Alpaslan K\u00f6ker (37) e\u015fi Asl\u0131g\u00fcl K\u00f6ker (36) ve \u00e7ocuklar\u0131 Ecrin Mina ile Ediz Aykut, Ni\u011fde\u2019nin Uluk\u0131\u015fla il\u00e7esine ba\u011fl\u0131 Emirler k\u00f6y mezarl\u0131\u011f\u0131nda d\u00fcn \u00f6\u011fle namaz\u0131na m\u00fcteakip defnedildi.<\/p>\n<p><img loading=\"lazy\" decoding=\"async\" class=\"alignnone size-full wp-image-18769\" src=\"https:\/\/by-tv.co.uk\/wp-content\/uploads\/2023\/02\/deprem-1.png\" alt=\"\" width=\"756\" height=\"380\" title=\"\"><\/p>\n<p>Cenaze t\u00f6renine Uluk\u0131\u015fla Kaymakam\u0131 U\u011fur Muzaffer \u00c7am, Harran Kaymakam\u0131 \u0130brahim G\u00fcltekin, \u0130l\u00e7e Jandarma Komutan\u0131 Y\u00fczba\u015f\u0131 Ali Albayrak, muhtar Nurullah \u015eahin ve b\u00f6lgedeki 12 k\u00f6y\u00fcn muhtar\u0131 ile kalabal\u0131k bir topluluk kat\u0131ld\u0131. K\u00f6ker ailesinin Londra\u2019da ya\u015fayan fertleri de d\u00fcn ak\u015fam T\u00fcrkiye\u2019ye u\u00e7tular.<\/p>\n<p>T\u00fcrkiye ve Suriye&#8217;deki y\u0131k\u0131m\u0131n korkun\u00e7 boyutu netle\u015fmeye ba\u015flad\u0131 ve \u00f6l\u00fc say\u0131s\u0131 artarken, depremin \u0130ngiltere&#8217;deki T\u00fcrk diasporas\u0131 \u00fczerinde y\u0131k\u0131c\u0131 bir etkisi oldu. Londra&#8217;da ya\u015fayan T\u00fcrklerin be\u015fte birinden fazlas\u0131n\u0131n memleketi depremin merkez \u00fcss\u00fc Kahramanmara\u015f olmas\u0131 bunda etkili oldu.<\/p>\n<p>Esnaf\u0131n \u00e7o\u011funlu\u011funun T\u00fcrk, K\u00fcrt ve K\u0131br\u0131sl\u0131 T\u00fcrk oldu\u011fu, Harringay Green Lanes&#8217;te deprem b\u00fcy\u00fck \u00fcz\u00fcnt\u00fc yaratt\u0131.<\/p>\n<p>Yak\u0131nlar\u0131n\u0131 kaybedenlerden biri de Londra Green Lanes&#8217;teki G\u00f6ky\u00fcz\u00fc restoran\u0131n m\u00fcd\u00fcr\u00fc Ali Ercan.The Guardian&#8217;a konu\u015fan Ercan&#8217;\u0131n, aile \u00fcyelerinden alt\u0131s\u0131 enkaz alt\u0131nda kald\u0131\u011f\u0131n\u0131 belirtti.<\/p>\n<div id=\"attachment_18770\" style=\"width: 859px\" class=\"wp-caption alignnone\"><img loading=\"lazy\" decoding=\"async\" aria-describedby=\"caption-attachment-18770\" class=\"wp-image-18770\" src=\"https:\/\/by-tv.co.uk\/wp-content\/uploads\/2023\/02\/Opera-Anlik-Goruntu_2023-02-12_115402_www.theguardian.com_.png\" alt=\"\" width=\"849\" height=\"514\" title=\"\"><p id=\"caption-attachment-18770\" class=\"wp-caption-text\">Londra Green Lanes&#8217;teki G\u00f6ky\u00fcz\u00fc restoran\u0131n m\u00fcd\u00fcr\u00fc Ali Ercan -The Guardian<\/p><\/div>\n<p>\u0130ngiltere&#8217;den T\u00fcrkiye y\u00f6n\u00fcne u\u00e7u\u015f yapan b\u00fct\u00fcn u\u00e7aklar Kahramanmara\u015f, Gaziantep ve \u015eanl\u0131urfa&#8217;ya giden insanlarla doldu ta\u015ft\u0131. Hepsi de yak\u0131nlar\u0131na destek olmak, onlar\u0131 kurtarmak i\u00e7in m\u00fccadele ediyor.<\/p>\n<p>Bir restoran i\u015fleten Sabri Barakk\u0131l\u0131\u00e7, \u015feflerinden birinin kay\u0131p aile \u00fcyelerini bulmak i\u00e7in ge\u00e7en hafta Hatay&#8217;a u\u00e7tu\u011funu s\u00f6yledi.<\/p>\n<p>Anthap UK sahibi Sad\u0131k G\u00f6zek de Twitter hesab\u0131ndan yapt\u0131\u011f\u0131 payla\u015f\u0131mda karde\u015fimi ve ailesini kaybetti\u011fini, sadece karde\u015finin k\u0131z\u0131 Damla&#8217;n\u0131n enkazdan sa\u011f \u00e7\u0131kt\u0131\u011f\u0131n\u0131 payla\u015ft\u0131.<\/p>\n<blockquote class=\"twitter-tweet\">\n<p dir=\"ltr\" lang=\"tr\">Karde\u015fimi ve ailesini kaybettik, sadece k\u0131z\u0131 Damla sa\u011f \u00e7\u0131kt\u0131. <a href=\"https:\/\/t.co\/YYB3bnHYic\">pic.twitter.com\/YYB3bnHYic<\/a><\/p>\n<p>\u2014 Dr. Sad\u0131k G\u00d6ZEK (@sadikgozek) <a href=\"https:\/\/twitter.com\/sadikgozek\/status\/1624695402829168640?ref_src=twsrc%5Etfw\" target=\"_blank\" rel=\"noopener\">February 12, 2023<\/a><\/p><\/blockquote>\n<p><script async=\"\" src=\"https:\/\/platform.twitter.com\/widgets.js\" charset=\"utf-8\"><\/script><\/p>\n<div id=\"briti-2157059679\" class=\"briti-icerikten-sonra_2\" style=\"margin-top: 25px;margin-bottom: 25px;\"><a href=\"https:\/\/wa.me\/message\/NDZLLIOQT4H3O1\" aria-label=\"bytv reklam banner\"><img loading=\"lazy\" decoding=\"async\" src=\"https:\/\/by-tv.co.uk\/wp-content\/uploads\/2025\/12\/bytv-reklam-banner.jpg\" alt=\"\"  width=\"2376\" height=\"1008\"   \/><\/a><\/div>","protected":false},"excerpt":{"rendered":"<p>On binlerce can kayb\u0131n\u0131n ya\u015fand\u0131\u011f\u0131 depremde, Londra\u2019da ya\u015fayan gazeteci Mustafa K\u00f6ker&#8217;in 4 akrabas\u0131 da hayat\u0131n\u0131 kaybetti. \u0130ki b\u00fcy\u00fck depremle sars\u0131lan T\u00fcrkiye kay\u0131plar\u0131n\u0131 topra\u011fa veriyor.&nbsp; &nbsp;\u0130lki 7,7 ikincisi 7,6 b\u00fcy\u00fckl\u00fc\u011f\u00fcndeki deprem; Kahramanmara\u015f, Kilis, Diyarbak\u0131r, Adana, Osmaniye, Gaziantep, \u015eanl\u0131urfa, Ad\u0131yaman, Malatya ve Hatay&#8217;da b\u00fcy\u00fck y\u0131k\u0131ma yol a\u00e7t\u0131. Arama kurtarma \u00e7al\u0131\u015fmalar\u0131n\u0131n 6. g\u00fcn\u00fcnde can kayb\u0131 24 bin 617&#8217;ye y\u00fckseldi. Eurovizyon internet gazetesinin sahibi Mustafa K\u00f6ker, sosyal medyadan yapt\u0131\u011f\u0131 payla\u015f\u0131mda, \u201cYe\u011fenim Alpaslan K\u00f6ker, e\u015fi Asl\u0131g\u00fcl K\u00f6ker ve \u00e7ocuklar\u0131 Ecrin ile Ediz, Ad\u0131yaman depreminde hayatlar\u0131n\u0131 kaybettiler. Mek\u00e2nlar\u0131 cennet olsun. Allah\u2019tan rahmet diliyorum\u201d ifadesine yer verdi. E\u015fi Asl\u0131g\u00fcl\u2019\u00fcn memleketi Ad\u0131yaman\u2019da \u00f6\u011fretmenlik yapan Alpaslan K\u00f6ker, e\u015fi ve [&hellip;]<\/p>\n","protected":false},"author":1,"featured_media":18768,"comment_status":"open","ping_status":"open","sticky":false,"template":"","format":"standard","meta":{"ngg_post_thumbnail":0,"footnotes":""},"categories":[1292,1995],"tags":[4765,4766,394,228,4764],"class_list":["post-18767","post","type-post","status-publish","format-standard","has-post-thumbnail","hentry","category-turkiye","category-turkiye-ingiltere","tag-alpaslan-koker","tag-aysegul-koker","tag-deprem","tag-londra","tag-mustafa-koker"],"_links":{"self":[{"href":"https:\/\/by-tv.co.uk\/en\/wp-json\/wp\/v2\/posts\/18767","targetHints":{"allow":["GET"]}}],"collection":[{"href":"https:\/\/by-tv.co.uk\/en\/wp-json\/wp\/v2\/posts"}],"about":[{"href":"https:\/\/by-tv.co.uk\/en\/wp-json\/wp\/v2\/types\/post"}],"author":[{"embeddable":true,"href":"https:\/\/by-tv.co.uk\/en\/wp-json\/wp\/v2\/users\/1"}],"replies":[{"embeddable":true,"href":"https:\/\/by-tv.co.uk\/en\/wp-json\/wp\/v2\/comments?post=18767"}],"version-history":[{"count":0,"href":"https:\/\/by-tv.co.uk\/en\/wp-json\/wp\/v2\/posts\/18767\/revisions"}],"wp:featuredmedia":[{"embeddable":true,"href":"https:\/\/by-tv.co.uk\/en\/wp-json\/wp\/v2\/media\/18768"}],"wp:attachment":[{"href":"https:\/\/by-tv.co.uk\/en\/wp-json\/wp\/v2\/media?parent=18767"}],"wp:term":[{"taxonomy":"category","embeddable":true,"href":"https:\/\/by-tv.co.uk\/en\/wp-json\/wp\/v2\/categories?post=18767"},{"taxonomy":"post_tag","embeddable":true,"href":"https:\/\/by-tv.co.uk\/en\/wp-json\/wp\/v2\/tags?post=18767"}],"curies":[{"name":"wp","href":"https:\/\/api.w.org\/{rel}","templated":true}]}}