{"id":18745,"date":"2023-02-10T02:35:46","date_gmt":"2023-02-10T02:35:46","guid":{"rendered":"https:\/\/by-tv.co.uk\/?p=18745"},"modified":"2023-02-10T02:35:46","modified_gmt":"2023-02-10T02:35:46","slug":"depremzedelere-vize-kolayligi-icin-ingilterede-resmi-imza-kampanyasi-baslatildi","status":"publish","type":"post","link":"https:\/\/by-tv.co.uk\/en\/depremzedelere-vize-kolayligi-icin-ingilterede-resmi-imza-kampanyasi-baslatildi\/","title":{"rendered":"Depremzedelere vize kolayl\u0131\u011f\u0131 i\u00e7in \u0130ngiltere&#8217;de resmi imza kampanyas\u0131 ba\u015flat\u0131ld\u0131"},"content":{"rendered":"<p>Depremzedelerin Almanya\u2019daki yak\u0131nlar\u0131n\u0131n yan\u0131na gidebilmesi i\u00e7in \u201ckolay ve h\u0131zl\u0131 90 g\u00fcnl\u00fck vize\u201d verece\u011fi haberi \u0130ngiltere\u2019de ya\u015fayan depremzedelerin yak\u0131nlar\u0131n\u0131 harekete ge\u00e7irdi. \u0130<a href=\"https:\/\/londragundem.com\/ingilterede-depremzedelere-vize-kolayligi-icin-imza-kampanyasi-baslatildi\/\" target=\"_blank\" rel=\"noopener\">ngiltere<\/a>\u2019de ya\u015fayan T\u00fcrkiye k\u00f6kenli vatanda\u015flar\u0131n b\u00fcy\u00fck \u00e7o\u011funlu\u011funun deprem b\u00f6lgelerinden g\u00f6\u00e7 ettikleri d\u00fc\u015f\u00fcn\u00fcld\u00fc\u011f\u00fcnde bu t\u00fcr bir vizenin \u00f6nemli olaca\u011f\u0131 kaydedildi.<\/p>\n<p><img loading=\"lazy\" decoding=\"async\" class=\"alignnone size-full wp-image-18746\" src=\"https:\/\/by-tv.co.uk\/wp-content\/uploads\/2023\/02\/Opera-Anlik-Goruntu_2023-02-10_022138_petition.parliament.uk_.png\" alt=\"\" width=\"707\" height=\"886\" title=\"\"><\/p>\n<h4><strong>\u015eimdiden 28 bin ki\u015fi imzalad\u0131<\/strong><\/h4>\n<p>\u0130mza kampanyas\u0131 i\u00e7in harekete ge\u00e7en vatanda\u015flar herkese \u00e7a\u011fr\u0131da bulundu. Kampanyaya kat\u0131l\u0131m\u0131n y\u00fcksek olmas\u0131n\u0131 ve teklifin acil meclise getirilmesine olanak sa\u011flayacak. H\u00fck\u00fcmet, 10.000\u2019den fazla imza alan t\u00fcm dilek\u00e7elere yan\u0131t veriyor. 100.000 imzada, bu dilek\u00e7e Parlamentoda g\u00f6r\u00fc\u015f\u00fclmek \u00fczere de\u011ferlendiriliyor. Kampanya \u015fu anda 28 bine yak\u0131n imza alm\u0131\u015f durumda.<\/p>\n<p>Kampanyay\u0131 imzalamak i\u00e7in a\u015fa\u011f\u0131daki linke t\u0131klay\u0131p imza atabilirsiniz.<\/p><div id=\"briti-2252376454\" class=\"briti-icerik\" style=\"margin-top: 5px;margin-bottom: 5px;\"><a href=\"https:\/\/piaryum.com\/services\/\" aria-label=\"piaryum banner\"><img loading=\"lazy\" decoding=\"async\" src=\"https:\/\/by-tv.co.uk\/wp-content\/uploads\/2025\/12\/Gemini_Generated_Image_g5yqr1g5yqr1g5yq.jpg\" alt=\"\"  width=\"2064\" height=\"1152\"   \/><\/a><\/div>\n<p><a href=\"https:\/\/petition.parliament.uk\/petitions\/632772\" target=\"_blank\" rel=\"noopener\">https:\/\/petition.parliament.uk\/petitions\/632772<\/a><\/p>\n<p>\u0130ngiltere&#8217;deki T\u00fcrk toplumunun \u00f6nemli bir kesimi depremin merkez \u00fcss\u00fc Kahramanmara\u015fl\u0131. Londra&#8217;da ya\u015fayan gazeteci Faruk Eskio\u011flu&#8217;nun aktard\u0131\u011f\u0131na g\u00f6re T.C. Y\u00fcksek Se\u00e7im Kurulu 2015 y\u0131l\u0131 se\u00e7men say\u0131s\u0131 baz al\u0131nd\u0131\u011f\u0131nda toplum n\u00fcfusunun T\u00fcrkiye\u2019den geldi\u011fi \u015fehirlere g\u00f6re da\u011f\u0131l\u0131m tablosunda n\u00fcfusun tam be\u015fte birinin Kahramanmara\u015f k\u00f6kenlilerden olu\u015ftu\u011fu g\u00f6r\u00fcl\u00fcyor.<\/p>\n<p><img loading=\"lazy\" decoding=\"async\" class=\"alignnone size-full wp-image-18747\" src=\"https:\/\/by-tv.co.uk\/wp-content\/uploads\/2023\/02\/1675853298_Dicle_Elektirik__3_-1.jpeg\" alt=\"\" width=\"1024\" height=\"461\" title=\"\"><\/p>\n<p>Yine ayn\u0131 kayna\u011fa g\u00f6re; #Kahramanmara\u015f\u2019\u0131 s\u0131ras\u0131yla \u0130stanbul % 7.8, Aksaray % 6, Kayseri % 5.5, Sivas % 4.4, Gaziantep % 3.9, Malatya % 2.6, \u0130zmir % 2.6, Bing\u00f6l % 2.5 ve % 2.4 ile de Elaz\u0131\u011f\u2019dan gelenler izliyor.<\/p>\n<div id=\"briti-3820523444\" class=\"briti-icerikten-sonra_2\" style=\"margin-top: 25px;margin-bottom: 25px;\"><a href=\"https:\/\/wa.me\/message\/NDZLLIOQT4H3O1\" aria-label=\"bytv reklam banner\"><img loading=\"lazy\" decoding=\"async\" src=\"https:\/\/by-tv.co.uk\/wp-content\/uploads\/2025\/12\/bytv-reklam-banner.jpg\" alt=\"\"  width=\"2376\" height=\"1008\"   \/><\/a><\/div>","protected":false},"excerpt":{"rendered":"<p>Depremzedelerin Almanya\u2019daki yak\u0131nlar\u0131n\u0131n yan\u0131na gidebilmesi i\u00e7in \u201ckolay ve h\u0131zl\u0131 90 g\u00fcnl\u00fck vize\u201d verece\u011fi haberi \u0130ngiltere\u2019de ya\u015fayan depremzedelerin yak\u0131nlar\u0131n\u0131 harekete ge\u00e7irdi. \u0130ngiltere\u2019de ya\u015fayan T\u00fcrkiye k\u00f6kenli vatanda\u015flar\u0131n b\u00fcy\u00fck \u00e7o\u011funlu\u011funun deprem b\u00f6lgelerinden g\u00f6\u00e7 ettikleri d\u00fc\u015f\u00fcn\u00fcld\u00fc\u011f\u00fcnde bu t\u00fcr bir vizenin \u00f6nemli olaca\u011f\u0131 kaydedildi. \u015eimdiden 28 bin ki\u015fi imzalad\u0131 \u0130mza kampanyas\u0131 i\u00e7in harekete ge\u00e7en vatanda\u015flar herkese \u00e7a\u011fr\u0131da bulundu. Kampanyaya kat\u0131l\u0131m\u0131n y\u00fcksek olmas\u0131n\u0131 ve teklifin acil meclise getirilmesine olanak sa\u011flayacak. H\u00fck\u00fcmet, 10.000\u2019den fazla imza alan t\u00fcm dilek\u00e7elere yan\u0131t veriyor. 100.000 imzada, bu dilek\u00e7e Parlamentoda g\u00f6r\u00fc\u015f\u00fclmek \u00fczere de\u011ferlendiriliyor. Kampanya \u015fu anda 28 bine yak\u0131n imza alm\u0131\u015f durumda. Kampanyay\u0131 imzalamak i\u00e7in a\u015fa\u011f\u0131daki linke t\u0131klay\u0131p imza atabilirsiniz. https:\/\/petition.parliament.uk\/petitions\/632772 \u0130ngiltere&#8217;deki [&hellip;]<\/p>\n","protected":false},"author":1,"featured_media":14259,"comment_status":"open","ping_status":"open","sticky":false,"template":"","format":"standard","meta":{"ngg_post_thumbnail":0,"footnotes":""},"categories":[1],"tags":[4760,149,4759],"class_list":["post-18745","post","type-post","status-publish","format-standard","has-post-thumbnail","hentry","category-genel","tag-depremzede","tag-ingiltere","tag-vize-kolayligi"],"_links":{"self":[{"href":"https:\/\/by-tv.co.uk\/en\/wp-json\/wp\/v2\/posts\/18745","targetHints":{"allow":["GET"]}}],"collection":[{"href":"https:\/\/by-tv.co.uk\/en\/wp-json\/wp\/v2\/posts"}],"about":[{"href":"https:\/\/by-tv.co.uk\/en\/wp-json\/wp\/v2\/types\/post"}],"author":[{"embeddable":true,"href":"https:\/\/by-tv.co.uk\/en\/wp-json\/wp\/v2\/users\/1"}],"replies":[{"embeddable":true,"href":"https:\/\/by-tv.co.uk\/en\/wp-json\/wp\/v2\/comments?post=18745"}],"version-history":[{"count":0,"href":"https:\/\/by-tv.co.uk\/en\/wp-json\/wp\/v2\/posts\/18745\/revisions"}],"wp:featuredmedia":[{"embeddable":true,"href":"https:\/\/by-tv.co.uk\/en\/wp-json\/wp\/v2\/media\/14259"}],"wp:attachment":[{"href":"https:\/\/by-tv.co.uk\/en\/wp-json\/wp\/v2\/media?parent=18745"}],"wp:term":[{"taxonomy":"category","embeddable":true,"href":"https:\/\/by-tv.co.uk\/en\/wp-json\/wp\/v2\/categories?post=18745"},{"taxonomy":"post_tag","embeddable":true,"href":"https:\/\/by-tv.co.uk\/en\/wp-json\/wp\/v2\/tags?post=18745"}],"curies":[{"name":"wp","href":"https:\/\/api.w.org\/{rel}","templated":true}]}}