{"id":18634,"date":"2023-02-02T23:17:11","date_gmt":"2023-02-02T23:17:11","guid":{"rendered":"https:\/\/by-tv.co.uk\/?p=18634"},"modified":"2023-02-02T23:17:11","modified_gmt":"2023-02-02T23:17:11","slug":"komedi-klasigi-guldur-guldur-show-23-subat-2023te-londraya-geliyor","status":"publish","type":"post","link":"https:\/\/by-tv.co.uk\/en\/komedi-klasigi-guldur-guldur-show-23-subat-2023te-londraya-geliyor\/","title":{"rendered":"Komedi klasi\u011fi, &#8220;G\u00fcld\u00fcr G\u00fcld\u00fcr Show&#8221; 23 \u015eubat 2023&#8217;te Londra&#8217;ya geliyor"},"content":{"rendered":"<p>Ekranlar\u0131n komedi klasi\u011fi, &#8220;G\u00fcld\u00fcr G\u00fcld\u00fcr Show&#8221; 23 \u015eubat Per\u015fembe ak\u015fam\u0131 saat 20:30&#8217;da<a href=\"https:\/\/xactivities.co.uk\" target=\"_blank\" rel=\"noopener\"> X activities&#8217;<\/a>in organizasyonuyla Londra Eventim Apollo&#8217;da \u0130ngiltere&#8217;deki gurbet\u00e7ilerle bulu\u015fuyor.<\/p>\n<p>Yap\u0131mc\u0131l\u0131\u011f\u0131n\u0131 BKM\u2019in \u00fcstlendi\u011fi &#8220;G\u00fcld\u00fcr G\u00fcld\u00fcr Show&#8221; birbirinden e\u011flenceli ske\u00e7leri ve s\u00fcrprizleriyle Londra&#8217;da izleyenlerine unutulmaz bir ak\u015fam ya\u015fatacak. G\u00fcnl\u00fck hayat\u0131n s\u0131radan konular\u0131na farkl\u0131 bir bak\u0131\u015f a\u00e7\u0131s\u0131 ile yakla\u015fan &#8220;G\u00fcld\u00fcr G\u00fcld\u00fcr Show&#8221;, bir\u00e7ok konuya yine kendi mizah anlay\u0131\u015flar\u0131 ile yeni yakla\u015f\u0131mlar ve \u00e7\u00f6z\u00fcmler getirecek.<\/p>\n<p>Yay\u0131n hayat\u0131na ilk y\u0131l\u0131nda Fox Tv\u2019de ba\u015flayan ve ard\u0131ndan Show Tv\u2019ye ge\u00e7en, yaratt\u0131\u011f\u0131 ba\u015far\u0131l\u0131 tiplemelerle milyonlarca izleyici kitlesine sahip olan G\u00fcld\u00fcr G\u00fcld\u00fcr Show, ske\u00e7lerinde yer alan ince politik dokundurmalarla da tan\u0131n\u0131yor.<\/p><div id=\"briti-447152243\" class=\"briti-icerik\" style=\"margin-top: 5px;margin-bottom: 5px;\"><a href=\"https:\/\/piaryum.com\/services\/\" aria-label=\"piaryum banner\"><img loading=\"lazy\" decoding=\"async\" src=\"https:\/\/by-tv.co.uk\/wp-content\/uploads\/2025\/12\/Gemini_Generated_Image_g5yqr1g5yqr1g5yq.jpg\" alt=\"\"  width=\"2064\" height=\"1152\"   \/><\/a><\/div>\n<p>Son d\u00f6nemde yapt\u0131klar\u0131 siyasi ske\u00e7lerle g\u00fcndeme gelen G\u00fcld\u00fcr G\u00fcld\u00fcr Show&#8217;da CHP Lideri Kemal K\u0131l\u0131\u00e7daro\u011flu, Maliye Bakan\u0131 Nurettin Nebati, \u0130BB Ba\u015fkan\u0131 Ekrem \u0130mamo\u011flu ve &#8220;Millet \u0130ttifak\u0131&#8217;n\u0131 temsil eden &#8220;Alt\u0131l\u0131 Masa&#8221; ske\u00e7leri milyonlarca ki\u015fi taraf\u0131ndan izledi.<\/p>\n<p>10. y\u0131l\u0131n\u0131 kutlayan G\u00fcld\u00fcr G\u00fcld\u00fcr Show dizisinin oyuncular\u0131 aras\u0131nda; A\u00e7elya Topalo\u011flu, Ali Sunal, Alper Kul, Asiye Din\u00e7soy, Ay\u00e7a Damgac\u0131, Aylin Kontente, Aziz Aslan, Berkay Tulumbac\u0131, Burak Topalo\u011flu, Deniz Hiracan, Do\u011fa Rutkay, Giray Alt\u0131nok, \u0130rem Kahyao\u011flu, Mahir \u0130pek, Meltem Y\u0131lmazkaya, Onur Atilla, Onur Buldu, Ozan Varol, \u00d6zg\u00fcn Ayd\u0131n, Toygan Avano\u011flu, U\u011fur Bilgin, \u00dcnal Yeter yer al\u0131yor.<\/p>\n<p><a href=\"https:\/\/by-tv.co.uk\/en\/?s=x+activities\">X activities<\/a>&#8216;in organizasyonuyla \u0130ngiltere&#8217;de yap\u0131lacak g\u00f6sterinin biletleri a\u015fa\u011f\u0131daki linkten al\u0131nabilir.<\/p>\n<p><a href=\"http:\/\/www.eventim.co.uk\/event\/guelduer-guelduers-how-eventim-apollo-16116997\" target=\"_blank\" rel=\"noopener\">www.eventim.co.uk\/event\/guelduer-guelduers-how-eventim-apollo-16116997<\/a>&nbsp; &nbsp;<\/p>\n<p>Tarih: 23 \u015eubat 2023, Per\u015fembe<br \/>\nSaat: 20:30 (Kap\u0131 a\u00e7\u0131l\u0131\u015f, 19:00)<br \/>\nYer: Eventim Apollo<br \/>\nAdres: 45 Queen Caroline Street, London, W6 9QH<\/p>\n<p>#g\u00fcld\u00fcrg\u00fcld\u00fcrshow #ingiltere<\/p>\n<div id=\"briti-1246595668\" class=\"briti-icerikten-sonra_2\" style=\"margin-top: 25px;margin-bottom: 25px;\"><a href=\"https:\/\/wa.me\/message\/NDZLLIOQT4H3O1\" aria-label=\"bytv reklam banner\"><img loading=\"lazy\" decoding=\"async\" src=\"https:\/\/by-tv.co.uk\/wp-content\/uploads\/2025\/12\/bytv-reklam-banner.jpg\" alt=\"\"  width=\"2376\" height=\"1008\"   \/><\/a><\/div>","protected":false},"excerpt":{"rendered":"<p>Ekranlar\u0131n komedi klasi\u011fi, &#8220;G\u00fcld\u00fcr G\u00fcld\u00fcr Show&#8221; 23 \u015eubat Per\u015fembe ak\u015fam\u0131 saat 20:30&#8217;da X activities&#8217;in organizasyonuyla Londra Eventim Apollo&#8217;da \u0130ngiltere&#8217;deki gurbet\u00e7ilerle bulu\u015fuyor. Yap\u0131mc\u0131l\u0131\u011f\u0131n\u0131 BKM\u2019in \u00fcstlendi\u011fi &#8220;G\u00fcld\u00fcr G\u00fcld\u00fcr Show&#8221; birbirinden e\u011flenceli ske\u00e7leri ve s\u00fcrprizleriyle Londra&#8217;da izleyenlerine unutulmaz bir ak\u015fam ya\u015fatacak. G\u00fcnl\u00fck hayat\u0131n s\u0131radan konular\u0131na farkl\u0131 bir bak\u0131\u015f a\u00e7\u0131s\u0131 ile yakla\u015fan &#8220;G\u00fcld\u00fcr G\u00fcld\u00fcr Show&#8221;, bir\u00e7ok konuya yine kendi mizah anlay\u0131\u015flar\u0131 ile yeni yakla\u015f\u0131mlar ve \u00e7\u00f6z\u00fcmler getirecek. Yay\u0131n hayat\u0131na ilk y\u0131l\u0131nda Fox Tv\u2019de ba\u015flayan ve ard\u0131ndan Show Tv\u2019ye ge\u00e7en, yaratt\u0131\u011f\u0131 ba\u015far\u0131l\u0131 tiplemelerle milyonlarca izleyici kitlesine sahip olan G\u00fcld\u00fcr G\u00fcld\u00fcr Show, ske\u00e7lerinde yer alan ince politik dokundurmalarla da tan\u0131n\u0131yor. Son d\u00f6nemde yapt\u0131klar\u0131 siyasi ske\u00e7lerle g\u00fcndeme [&hellip;]<\/p>\n","protected":false},"author":1,"featured_media":18635,"comment_status":"open","ping_status":"open","sticky":false,"template":"","format":"standard","meta":{"ngg_post_thumbnail":0,"footnotes":""},"categories":[15],"tags":[4752],"class_list":["post-18634","post","type-post","status-publish","format-standard","has-post-thumbnail","hentry","category-ingiltere","tag-guldur-guldur-show"],"_links":{"self":[{"href":"https:\/\/by-tv.co.uk\/en\/wp-json\/wp\/v2\/posts\/18634","targetHints":{"allow":["GET"]}}],"collection":[{"href":"https:\/\/by-tv.co.uk\/en\/wp-json\/wp\/v2\/posts"}],"about":[{"href":"https:\/\/by-tv.co.uk\/en\/wp-json\/wp\/v2\/types\/post"}],"author":[{"embeddable":true,"href":"https:\/\/by-tv.co.uk\/en\/wp-json\/wp\/v2\/users\/1"}],"replies":[{"embeddable":true,"href":"https:\/\/by-tv.co.uk\/en\/wp-json\/wp\/v2\/comments?post=18634"}],"version-history":[{"count":0,"href":"https:\/\/by-tv.co.uk\/en\/wp-json\/wp\/v2\/posts\/18634\/revisions"}],"wp:featuredmedia":[{"embeddable":true,"href":"https:\/\/by-tv.co.uk\/en\/wp-json\/wp\/v2\/media\/18635"}],"wp:attachment":[{"href":"https:\/\/by-tv.co.uk\/en\/wp-json\/wp\/v2\/media?parent=18634"}],"wp:term":[{"taxonomy":"category","embeddable":true,"href":"https:\/\/by-tv.co.uk\/en\/wp-json\/wp\/v2\/categories?post=18634"},{"taxonomy":"post_tag","embeddable":true,"href":"https:\/\/by-tv.co.uk\/en\/wp-json\/wp\/v2\/tags?post=18634"}],"curies":[{"name":"wp","href":"https:\/\/api.w.org\/{rel}","templated":true}]}}