{"id":18510,"date":"2023-01-24T02:41:33","date_gmt":"2023-01-24T02:41:33","guid":{"rendered":"https:\/\/by-tv.co.uk\/?p=18510"},"modified":"2023-01-24T02:41:33","modified_gmt":"2023-01-24T02:41:33","slug":"ingilterede-muhafazakar-partinin-ust-duzey-yetkilisi-nadhim-zahawi-hakkinda-sorusturma-yapilacak","status":"publish","type":"post","link":"https:\/\/by-tv.co.uk\/en\/ingilterede-muhafazakar-partinin-ust-duzey-yetkilisi-nadhim-zahawi-hakkinda-sorusturma-yapilacak\/","title":{"rendered":"\u0130ngiltere&#8217;de Muhafazakar Parti&#8217;nin \u00fcst d\u00fczey yetkilisi Nadhim Zahawi hakk\u0131nda vergi ka\u00e7\u0131rma iddias\u0131yla soru\u015fturma yap\u0131lacak"},"content":{"rendered":"<p>\u0130ngiltere&#8217;de Ba\u015fbakan Rishi Sunak, Muhafazakar Parti Te\u015fkilat Ba\u015fkan\u0131 Nadhim Zahawi&#8217;nin vergi ka\u00e7\u0131rmaya \u00e7al\u0131\u015ft\u0131\u011f\u0131 iddialar\u0131n\u0131n, ba\u011f\u0131ms\u0131z bir etik dan\u0131\u015fman\u0131 taraf\u0131ndan incelenmesi i\u00e7in talimat verdi\u011fini a\u00e7\u0131klad\u0131. Ancak Te\u015fkilat Ba\u015fkan\u0131&#8217;n\u0131n soru\u015fturma tamamlanana kadar g\u00f6revde kalaca\u011f\u0131n\u0131 s\u00f6yledi.<\/p>\n<p>Sunak &#8220;D\u00fcr\u00fcstl\u00fck ve \u015feffafl\u0131k benim i\u00e7in ger\u00e7ekten \u00f6nemli ve bu olayda a\u00e7\u0131k ki cevaplanmas\u0131 gereken sorular var&#8221; dedi ve \u015f\u00f6yle s\u00fcrd\u00fcrd\u00fc:<\/p>\n<p>BBC&#8217;nin haberine g\u00f6re Sunak &#8220;\u0130\u015fte bu y\u00fczden ba\u011f\u0131ms\u0131z dan\u0131\u015fman\u0131m\u0131zdan bu i\u015fi iyice ara\u015ft\u0131rmas\u0131n\u0131, ger\u00e7ekleri tespit etmesini ve bana Nedhim Zahawi&#8217;nin bakanl\u0131k y\u00f6netmeli\u011fine uygun hareket edip etmedi\u011fi konusunda fikrini bildirmesini istedim.&#8221; dedi.<\/p><div id=\"briti-2156938150\" class=\"briti-icerik\" style=\"margin-top: 5px;margin-bottom: 5px;\"><a href=\"https:\/\/piaryum.com\/services\/\" aria-label=\"piaryum banner\"><img loading=\"lazy\" decoding=\"async\" src=\"https:\/\/by-tv.co.uk\/wp-content\/uploads\/2025\/12\/Gemini_Generated_Image_g5yqr1g5yqr1g5yq.jpg\" alt=\"\"  width=\"2064\" height=\"1152\"   \/><\/a><\/div>\n<p>Muhafazakar Parti&#8217;nin bir k\u0131s\u0131m gelirini bildirmemekle su\u00e7lanan \u00fcst d\u00fczey yetkilisi ve eski Maliye Bakan\u0131 Nadhim Zahawi&#8217;nin, ge\u00e7en y\u0131l hatas\u0131n\u0131 kabul edip vergi dairesine ceza \u00f6dedi\u011fi ge\u00e7en hafta ortaya \u00e7\u0131km\u0131\u015ft\u0131.<\/p>\n<p>\u0130ngiltere&#8217;de ana muhalefetteki \u0130\u015f\u00e7i Partisi vergi dairesiyle t\u00fcm yaz\u0131\u015fmalar\u0131n\u0131 a\u00e7\u0131klamas\u0131n\u0131 istedi\u011fi Zahawi&#8217;nin, bu ko\u015fullar alt\u0131nda g\u00f6revini s\u00fcrd\u00fcremeyece\u011fini s\u00f6yleyerek derhal istifa etmesini istiyor.<\/p>\n<p>Zahawi bug\u00fcn bir yaz\u0131l\u0131 a\u00e7\u0131klama yaparak, Sunak&#8217;\u0131n a\u00e7\u0131klad\u0131\u011f\u0131 soru\u015fturmay\u0131 memnuniyetle kar\u015f\u0131lad\u0131\u011f\u0131n\u0131 bildirdi, kurallara uygun davrand\u0131\u011f\u0131n\u0131 ve bunun ortaya \u00e7\u0131kaca\u011f\u0131na g\u00fcvendi\u011fini s\u00f6yledi.<\/p>\n<p>Zahawi&#8217;nin bildirmedi\u011fi i\u00e7in cezal\u0131 \u00f6dedi\u011fi gelir vergisi, kamuoyu ara\u015ft\u0131rma \u015firketi YouGov&#8217;daki hisseleriyle ba\u011flant\u0131l\u0131.<\/p>\n<p>Muhafazakar Parti&#8217;nin idari y\u00f6netiminden ve te\u015fkilatlar\u0131ndan sorumlu olan Zahawi, vergi bildiriminde hata yapt\u0131\u011f\u0131n\u0131 kabul etmi\u015f ancak bunun &#8220;kas\u0131tl\u0131 olmad\u0131\u011f\u0131n\u0131 ve dikkatsizlikten kaynakland\u0131\u011f\u0131n\u0131&#8221; s\u00f6ylemi\u015fti.<\/p>\n<p>BBC&#8217;nin edindi\u011fi bilgiye g\u00f6re Zahawi ge\u00e7en y\u0131l Temmuz ve Eyl\u00fcl aylar\u0131 aras\u0131nda Maliye Bakan\u0131 oldu\u011fu s\u0131rada, vergi dairesine cezas\u0131 dahil yakla\u015f\u0131k 5 milyon sterlin \u00f6deme yapt\u0131.<\/p>\n<p>Bu mebla\u011f\u0131n y\u00fczde 30&#8217;unun ceza oldu\u011fu bildiriliyor.<\/p>\n<p>BBC siyasi yorumcusu Chris Mason, Zahawi&#8217;nin vergi beyan\u0131yla ilgili sorular\u0131n, hen\u00fcz ba\u015fbakanl\u0131\u011f\u0131n\u0131n \u00fc\u00e7\u00fcnc\u00fc ay\u0131nda olan Rishi Sunak&#8217;\u0131n g\u00f6reve gelirken vaadetti\u011fi prensiplerin sorgulanmas\u0131na yol a\u00e7t\u0131\u011f\u0131n\u0131 ve g\u00fcndeme damgas\u0131n\u0131 vurdu\u011funu s\u00f6yl\u00fcyor.<\/p>\n<h4>Nadhim Zahawi kimdir?<\/h4>\n<p>K\u00fcrt bir aileden olan Zahawi, 1967&#8217;de Irak\u2019\u0131n ba\u015fkenti Ba\u011fdat\u2019ta do\u011fdu. 9 ya\u015f\u0131ndayken ailesiyle birlikte \u0130ngiltere\u2019ye g\u00f6\u00e7 etti.<\/p>\n<p>King\u2019s College\u2019da Kimya M\u00fchendisli\u011fi b\u00f6l\u00fcm\u00fcnden mezun olan Zahawi, 2000&#8217;de kamuoyu ara\u015ft\u0131rma \u015firketi YouGov&#8217;un kurucular\u0131 aras\u0131nda yer ald\u0131.<\/p>\n<p>2010&#8217;dan bu yana milletvekili olan Nadhim Zahawi, Boris Johnson&#8217;\u0131n ba\u015fbakanl\u0131\u011f\u0131 d\u00f6neminde E\u011fitim Bakan\u0131 ve A\u015f\u0131 Da\u011f\u0131t\u0131m\u0131ndan Sorumlu Sa\u011fl\u0131k Bakan Yard\u0131mc\u0131s\u0131 olarak g\u00f6rev yapt\u0131.<\/p>\n<p>Rishi Sunak&#8217;\u0131n istifas\u0131n\u0131n ard\u0131ndan 5 Temmuz 2022&#8217;de Maliye Bakan\u0131 olan Zahawi, Liz Truss&#8217;\u0131n ba\u015fbakanl\u0131\u011f\u0131 d\u00f6neminde de kabinede g\u00f6rev ald\u0131; Truss&#8217;\u0131n yerine ba\u015fbakan se\u00e7ilen Sunak taraf\u0131ndan 25 Ekim&#8217;de mevcut g\u00f6revine atand\u0131 ve yeniden kabine \u00fcyelerinden biri oldu.<\/p>\n<p>BBC&#8217;nin edindi\u011fi son bilgiye g\u00f6re Ba\u015fbakan Sunak, Zahawi&#8217;ye g\u00fcveniyor ve onu g\u00f6revden almay\u0131 d\u00fc\u015f\u00fcnm\u00fcyor.<\/p>\n<div id=\"briti-1643344265\" class=\"briti-icerikten-sonra_2\" style=\"margin-top: 25px;margin-bottom: 25px;\"><a href=\"https:\/\/wa.me\/message\/NDZLLIOQT4H3O1\" aria-label=\"bytv reklam banner\"><img loading=\"lazy\" decoding=\"async\" src=\"https:\/\/by-tv.co.uk\/wp-content\/uploads\/2025\/12\/bytv-reklam-banner.jpg\" alt=\"\"  width=\"2376\" height=\"1008\"   \/><\/a><\/div>","protected":false},"excerpt":{"rendered":"<p>\u0130ngiltere&#8217;de Ba\u015fbakan Rishi Sunak, Muhafazakar Parti Te\u015fkilat Ba\u015fkan\u0131 Nadhim Zahawi&#8217;nin vergi ka\u00e7\u0131rmaya \u00e7al\u0131\u015ft\u0131\u011f\u0131 iddialar\u0131n\u0131n, ba\u011f\u0131ms\u0131z bir etik dan\u0131\u015fman\u0131 taraf\u0131ndan incelenmesi i\u00e7in talimat verdi\u011fini a\u00e7\u0131klad\u0131. Ancak Te\u015fkilat Ba\u015fkan\u0131&#8217;n\u0131n soru\u015fturma tamamlanana kadar g\u00f6revde kalaca\u011f\u0131n\u0131 s\u00f6yledi. Sunak &#8220;D\u00fcr\u00fcstl\u00fck ve \u015feffafl\u0131k benim i\u00e7in ger\u00e7ekten \u00f6nemli ve bu olayda a\u00e7\u0131k ki cevaplanmas\u0131 gereken sorular var&#8221; dedi ve \u015f\u00f6yle s\u00fcrd\u00fcrd\u00fc: BBC&#8217;nin haberine g\u00f6re Sunak &#8220;\u0130\u015fte bu y\u00fczden ba\u011f\u0131ms\u0131z dan\u0131\u015fman\u0131m\u0131zdan bu i\u015fi iyice ara\u015ft\u0131rmas\u0131n\u0131, ger\u00e7ekleri tespit etmesini ve bana Nedhim Zahawi&#8217;nin bakanl\u0131k y\u00f6netmeli\u011fine uygun hareket edip etmedi\u011fi konusunda fikrini bildirmesini istedim.&#8221; dedi. Muhafazakar Parti&#8217;nin bir k\u0131s\u0131m gelirini bildirmemekle su\u00e7lanan \u00fcst d\u00fczey yetkilisi ve eski Maliye Bakan\u0131 Nadhim [&hellip;]<\/p>\n","protected":false},"author":1,"featured_media":15274,"comment_status":"open","ping_status":"open","sticky":false,"template":"","format":"standard","meta":{"ngg_post_thumbnail":0,"footnotes":""},"categories":[1],"tags":[],"class_list":["post-18510","post","type-post","status-publish","format-standard","has-post-thumbnail","hentry","category-genel"],"_links":{"self":[{"href":"https:\/\/by-tv.co.uk\/en\/wp-json\/wp\/v2\/posts\/18510","targetHints":{"allow":["GET"]}}],"collection":[{"href":"https:\/\/by-tv.co.uk\/en\/wp-json\/wp\/v2\/posts"}],"about":[{"href":"https:\/\/by-tv.co.uk\/en\/wp-json\/wp\/v2\/types\/post"}],"author":[{"embeddable":true,"href":"https:\/\/by-tv.co.uk\/en\/wp-json\/wp\/v2\/users\/1"}],"replies":[{"embeddable":true,"href":"https:\/\/by-tv.co.uk\/en\/wp-json\/wp\/v2\/comments?post=18510"}],"version-history":[{"count":0,"href":"https:\/\/by-tv.co.uk\/en\/wp-json\/wp\/v2\/posts\/18510\/revisions"}],"wp:featuredmedia":[{"embeddable":true,"href":"https:\/\/by-tv.co.uk\/en\/wp-json\/wp\/v2\/media\/15274"}],"wp:attachment":[{"href":"https:\/\/by-tv.co.uk\/en\/wp-json\/wp\/v2\/media?parent=18510"}],"wp:term":[{"taxonomy":"category","embeddable":true,"href":"https:\/\/by-tv.co.uk\/en\/wp-json\/wp\/v2\/categories?post=18510"},{"taxonomy":"post_tag","embeddable":true,"href":"https:\/\/by-tv.co.uk\/en\/wp-json\/wp\/v2\/tags?post=18510"}],"curies":[{"name":"wp","href":"https:\/\/api.w.org\/{rel}","templated":true}]}}