{"id":18399,"date":"2023-01-11T20:50:49","date_gmt":"2023-01-11T20:50:49","guid":{"rendered":"https:\/\/by-tv.co.uk\/?p=18399"},"modified":"2023-01-11T20:50:49","modified_gmt":"2023-01-11T20:50:49","slug":"ingilteredeki-turk-vatandaslari-eytden-nasil-yararlanabilir","status":"publish","type":"post","link":"https:\/\/by-tv.co.uk\/en\/ingilteredeki-turk-vatandaslari-eytden-nasil-yararlanabilir\/","title":{"rendered":"\u0130ngiltere&#8217;deki T\u00fcrk vatanda\u015flar\u0131 EYT&#8217;den nas\u0131l yararlanabilir? Sosyal g\u00fcvenlik uzman\u0131 \u00d6zg\u00fcr Erdursun anlatt\u0131"},"content":{"rendered":"<p><iframe loading=\"lazy\" title=\"\u0130NG\u0130LTERE\u2019DEK\u0130 T\u00dcRK VATANDA\u015eLARIEYT\u2019DEN NASIL YARARLANAB\u0130L\u0130R?\" src=\"https:\/\/www.youtube.com\/embed\/-QZ7JIooLEc\" width=\"1271\" height=\"715\" frameborder=\"0\" allowfullscreen=\"allowfullscreen\"><\/iframe>Emeklilikte Ya\u015fa Tak\u0131lanlar (EYT) d\u00fczenlemesiyle T\u00fcrkiye\u2019de yakla\u015f\u0131k 2 milyon 250 bin ki\u015fi emekli olma hakk\u0131na kavu\u015fuyor. D\u00fczenlemeyle herhangi ya\u015f s\u0131n\u0131r\u0131 uygulanmayacak. D\u00fczenlemeden gerekli \u015fartlar\u0131 ta\u015f\u0131yan yurt d\u0131\u015f\u0131ndaki T\u00fcrk vatanda\u015flar\u0131 da yararlanabilecek.<\/p>\n<p>Sosyal g\u00fcvenlik uzman\u0131 \u00d6zg\u00fcr Erdursun; EYT&#8217;nin ayr\u0131nt\u0131lar\u0131n\u0131 ve \u0130ngiltere&#8217;deki T\u00fcrk vatanda\u015flar\u0131n\u0131n bu haktan hangi \u015fartlarda ve nas\u0131l yararlanaca\u011f\u0131n\u0131 British Ya\u015fam Tv&#8217;den Ergin Balabeyo\u011flu&#8217;na anlatt\u0131.<\/p>\n<p>#ingiltere #yurtd\u0131\u015f\u0131emeklilik #yurtd\u0131\u015f\u0131eyt #eyt #eytkanunu #\u00f6zg\u00fcrerdursun #erginbalabeyoglu<\/p><div id=\"briti-2399886408\" class=\"briti-icerik\" style=\"margin-top: 5px;margin-bottom: 5px;\"><a href=\"https:\/\/piaryum.com\/services\/\" aria-label=\"piaryum banner\"><img loading=\"lazy\" decoding=\"async\" src=\"https:\/\/by-tv.co.uk\/wp-content\/uploads\/2025\/12\/Gemini_Generated_Image_g5yqr1g5yqr1g5yq.jpg\" alt=\"\"  width=\"2064\" height=\"1152\"   \/><\/a><\/div>\n<div id=\"briti-3512413234\" class=\"briti-icerikten-sonra_2\" style=\"margin-top: 25px;margin-bottom: 25px;\"><a href=\"https:\/\/wa.me\/message\/NDZLLIOQT4H3O1\" aria-label=\"bytv reklam banner\"><img loading=\"lazy\" decoding=\"async\" src=\"https:\/\/by-tv.co.uk\/wp-content\/uploads\/2025\/12\/bytv-reklam-banner.jpg\" alt=\"\"  width=\"2376\" height=\"1008\"   \/><\/a><\/div>","protected":false},"excerpt":{"rendered":"<p>Emeklilikte Ya\u015fa Tak\u0131lanlar (EYT) d\u00fczenlemesiyle T\u00fcrkiye\u2019de yakla\u015f\u0131k 2 milyon 250 bin ki\u015fi emekli olma hakk\u0131na kavu\u015fuyor. D\u00fczenlemeyle herhangi ya\u015f s\u0131n\u0131r\u0131 uygulanmayacak. D\u00fczenlemeden gerekli \u015fartlar\u0131 ta\u015f\u0131yan yurt d\u0131\u015f\u0131ndaki T\u00fcrk vatanda\u015flar\u0131 da yararlanabilecek. Sosyal g\u00fcvenlik uzman\u0131 \u00d6zg\u00fcr Erdursun; EYT&#8217;nin ayr\u0131nt\u0131lar\u0131n\u0131 ve \u0130ngiltere&#8217;deki T\u00fcrk vatanda\u015flar\u0131n\u0131n bu haktan hangi \u015fartlarda ve nas\u0131l yararlanaca\u011f\u0131n\u0131 British Ya\u015fam Tv&#8217;den Ergin Balabeyo\u011flu&#8217;na anlatt\u0131. #ingiltere #yurtd\u0131\u015f\u0131emeklilik #yurtd\u0131\u015f\u0131eyt #eyt #eytkanunu #\u00f6zg\u00fcrerdursun #erginbalabeyoglu<\/p>","protected":false},"author":1,"featured_media":18400,"comment_status":"open","ping_status":"open","sticky":false,"template":"","format":"video","meta":{"ngg_post_thumbnail":0,"footnotes":""},"categories":[15],"tags":[],"class_list":["post-18399","post","type-post","status-publish","format-video","has-post-thumbnail","hentry","category-ingiltere","post_format-post-format-video"],"_links":{"self":[{"href":"https:\/\/by-tv.co.uk\/en\/wp-json\/wp\/v2\/posts\/18399","targetHints":{"allow":["GET"]}}],"collection":[{"href":"https:\/\/by-tv.co.uk\/en\/wp-json\/wp\/v2\/posts"}],"about":[{"href":"https:\/\/by-tv.co.uk\/en\/wp-json\/wp\/v2\/types\/post"}],"author":[{"embeddable":true,"href":"https:\/\/by-tv.co.uk\/en\/wp-json\/wp\/v2\/users\/1"}],"replies":[{"embeddable":true,"href":"https:\/\/by-tv.co.uk\/en\/wp-json\/wp\/v2\/comments?post=18399"}],"version-history":[{"count":0,"href":"https:\/\/by-tv.co.uk\/en\/wp-json\/wp\/v2\/posts\/18399\/revisions"}],"wp:featuredmedia":[{"embeddable":true,"href":"https:\/\/by-tv.co.uk\/en\/wp-json\/wp\/v2\/media\/18400"}],"wp:attachment":[{"href":"https:\/\/by-tv.co.uk\/en\/wp-json\/wp\/v2\/media?parent=18399"}],"wp:term":[{"taxonomy":"category","embeddable":true,"href":"https:\/\/by-tv.co.uk\/en\/wp-json\/wp\/v2\/categories?post=18399"},{"taxonomy":"post_tag","embeddable":true,"href":"https:\/\/by-tv.co.uk\/en\/wp-json\/wp\/v2\/tags?post=18399"}],"curies":[{"name":"wp","href":"https:\/\/api.w.org\/{rel}","templated":true}]}}