{"id":18301,"date":"2023-01-04T15:39:05","date_gmt":"2023-01-04T15:39:05","guid":{"rendered":"https:\/\/by-tv.co.uk\/?p=18301"},"modified":"2023-01-04T15:47:01","modified_gmt":"2023-01-04T15:47:01","slug":"birlesik-krallik-istanbul-baskonsolosu-kenan-poleo-turk-sirketleri-birlesik-krallikta-yatirim-yapmaya-cagirdi","status":"publish","type":"post","link":"https:\/\/by-tv.co.uk\/en\/birlesik-krallik-istanbul-baskonsolosu-kenan-poleo-turk-sirketleri-birlesik-krallikta-yatirim-yapmaya-cagirdi\/","title":{"rendered":"Birle\u015fik Krall\u0131k \u0130stanbul Ba\u015fkonsolosu Kenan Poleo, T\u00fcrk \u015firketlerini Birle\u015fik Krall\u0131k&#8217;ta yat\u0131r\u0131m yapmaya \u00e7a\u011f\u0131rd\u0131"},"content":{"rendered":"<p>Birle\u015fik Krall\u0131k \u0130stanbul Ba\u015fkonsolosu ve Do\u011fu Avrupa ve Orta Asya Ticaret M\u00fcste\u015far\u0131 Kenan Poleo, T\u00fcrk \u015firketlerini Birle\u015fik Krall\u0131k&#8217;ta yat\u0131r\u0131m yapmaya \u00e7a\u011f\u0131rd\u0131.<\/p>\n<p>Sosyal medya <a href=\"https:\/\/www.linkedin.com\/feed\/update\/urn:li:activity:7016391066970939392?updateEntityUrn=urn%3Ali%3Afs_feedUpdate%3A%28V2%2Curn%3Ali%3Aactivity%3A7016391066970939392%29\" target=\"_blank\" rel=\"noopener\">hesab\u0131ndan<\/a> bir a\u00e7\u0131klama yay\u0131nlayan Poleo; &#8220;Birle\u015fik Krall\u0131k, T\u00fcrk \u015firketlerinin en \u00e7ok tercih ettikleri yat\u0131r\u0131m destinasyonu olmaya devam ediyor!&#8221; dedi.<\/p>\n<p>&#8220;Sizler de global a\u00e7\u0131l\u0131m\u0131n\u0131z\u0131 Birle\u015fik Krall\u0131k \u00fczerinden yaparak, en son teknolojik geli\u015fmelerin ve d\u00fcnya \u00e7ap\u0131ndaki ara\u015ft\u0131rma\/geli\u015ftirme imkanlar\u0131n\u0131n avantajlar\u0131n\u0131 yakalayabilirsiniz.&#8221;<\/p><div id=\"briti-1122195678\" class=\"briti-icerik\" style=\"margin-top: 5px;margin-bottom: 5px;\"><a href=\"https:\/\/piaryum.com\/services\/\" aria-label=\"piaryum banner\"><img loading=\"lazy\" decoding=\"async\" src=\"https:\/\/by-tv.co.uk\/wp-content\/uploads\/2025\/12\/Gemini_Generated_Image_g5yqr1g5yqr1g5yq.jpg\" alt=\"\"  width=\"2064\" height=\"1152\"   \/><\/a><\/div>\n<p>Birle\u015fik Krall\u0131k\u2019ta uzun s\u00fcredir varl\u0131klar\u0131n\u0131 s\u00fcrd\u00fcren Beko Global, Vestel, pladis Global ve yak\u0131 zamanda \u0130ngiltere pazar\u0131na giren Getir&#8217;in ba\u015far\u0131lar\u0131na dikkat \u00e7eken \u0130stanbul Ba\u015fkonsolosu Poleo &#8220;\u00d6nde gelen uluslararas\u0131 taahh\u00fct gruplar\u0131ndan ENKA \u0130n\u015faat ve Sanayi A.\u015e. Engineering for a better future, Birle\u015fik Krall\u0131k\u2019\u0131n \u00f6nemli enerji ve altyap\u0131 projeleri i\u00e7in \u00e7al\u0131\u015f\u0131yor, ayn\u0131 zamanda da Ciner Group ve Eren Holding gibi b\u00fcy\u00fck sanayi kurulu\u015flar\u0131 Birle\u015fik Krall\u0131k ve di\u011fer ihracat pazarlar\u0131 i\u00e7in mega \u00fcretim tesisi yat\u0131r\u0131mlar\u0131na imza at\u0131yorlar.&#8221; diye devam etti.<\/p>\n<p>&#8220;Birlesik Krall\u0131k\u2019\u0131n, m\u00fckemmel global eri\u015fim olanaklar\u0131 ve inovasyon k\u00fclt\u00fcr\u00fc ile en \u00f6nde gelen yat\u0131r\u0131m \u00e7ekim merkezlerinden biri olmas\u0131 s\u00fcrpriz de\u011fil.&#8221; diyen Poleo &#8220;Sizler de bu ba\u015far\u0131l\u0131 yat\u0131r\u0131mc\u0131 ve giri\u015fimcileri takip ederek, d\u00fcnyan\u0131n 5\u2019inci en b\u00fcy\u00fck ekonomisinin avantajl\u0131 imkanlar\u0131ndan faydalanabilirsiniz.&#8221; a\u00e7\u0131klamas\u0131n\u0131 yapt\u0131.<\/p>\n<p>Daha \u00f6nce British Ya\u015fam Tv Genel Yay\u0131n Y\u00f6netmeni Ergin Balabeyo\u011flu&#8217;na, Birle\u015fik Krall\u0131k ve T\u00fcrkiye aras\u0131ndaki ikili ili\u015fkileri de\u011ferlendiren Kenan Poleo; Brexit sonras\u0131 Birle\u015fik Krall\u0131k ile T\u00fcrkiye aras\u0131ndaki ili\u015fkinin daha da \u00f6nemli hale geldi\u011fini belirterek \u201cBirle\u015fik Krall\u0131k ve T\u00fcrkiye, Avrupa\u2019n\u0131n her iki taraf\u0131nda bulunan iki b\u00fcy\u00fck \u00fclke ve ekonomik ili\u015fkilerimizi daha fazla nas\u0131l g\u00fc\u00e7lendirebilece\u011fimizi ke\u015ffetmek i\u00e7in bir\u00e7ok f\u0131rsat var.\u201d demi\u015fti.<\/p>\n<p><iframe loading=\"lazy\" title=\"B\u0130RLE\u015e\u0130K KRALLIK \u0130STANBUL BA\u015eKONSOLOSU KENAN POLEO \u0130LE \u00d6ZEL R\u00d6PORTAJ\" src=\"https:\/\/www.youtube.com\/embed\/czEsrQpvAxg\" width=\"1098\" height=\"715\" frameborder=\"0\" allowfullscreen=\"allowfullscreen\"><\/iframe><\/p>\n<p>\u00d6te yandan T\u00fcrkiye\u2019deki \u0130ngiliz Ticaret Odas\u0131 Ba\u015fkan\u0131 Chris Gaunt OBE, Ekim&nbsp; ay\u0131nda kat\u0131ld\u0131\u011f\u0131 <a href=\"https:\/\/www.bloomberght.com\/turkiye-ingiltere-ikili-ticareti-ilk-ceyrekte-yuzde-32-artti-2316665\" target=\"_blank\" rel=\"noopener\">Bloomberg HT<\/a> yay\u0131n\u0131nda, ikili ticaretin 19 milyar sterlini a\u015ft\u0131\u011f\u0131 belirterek, \u201c2022&#8217;nin birinci \u00e7eyre\u011finde, ikili ticaretimizde y\u00fczde 32&#8217;lik bir art\u0131\u015f var\u201d demi\u015fti.<\/p>\n<div id=\"attachment_16118\" style=\"width: 2058px\" class=\"wp-caption alignnone\"><img loading=\"lazy\" decoding=\"async\" aria-describedby=\"caption-attachment-16118\" class=\"size-full wp-image-16118\" src=\"https:\/\/by-tv.co.uk\/wp-content\/uploads\/2022\/06\/WhatsApp-Image-2022-06-23-at-16.58.02.jpeg\" alt=\"\" width=\"2048\" height=\"1152\" title=\"\"><p id=\"caption-attachment-16118\" class=\"wp-caption-text\">T\u00fcrkiye&#8217;de \u0130ngiliz Ticaret Odas\u0131 (BCCT) Ba\u015fkan\u0131 Chris Gaunt , Ergin Balabeyo\u011flu<\/p><\/div>\n<p>Gaunt, T\u00fcrkiye\u2019nin bu ticaret rakamlar\u0131ndan dolay\u0131 mutluluk duydu\u011funu belirterek, T\u00fcrkiye&#8217;nin \u0130ngiltere&#8217;ye olan ihracat\u0131n\u0131n 6,7 milyar sterlin oldu\u011funu, bunun da y\u00fczde 23&#8217;l\u00fck bir art\u0131\u015f anlam\u0131na geldi\u011fini ifade etmi\u015fti.<\/p>\n<p>#investing #opportunities #ukinvestment #ingiltere #ingiltereyat\u0131r\u0131m #ingilteredet\u00fcrk\u015firketleri<\/p>\n<div id=\"briti-175699172\" class=\"briti-icerikten-sonra_2\" style=\"margin-top: 25px;margin-bottom: 25px;\"><a href=\"https:\/\/wa.me\/message\/NDZLLIOQT4H3O1\" aria-label=\"bytv reklam banner\"><img loading=\"lazy\" decoding=\"async\" src=\"https:\/\/by-tv.co.uk\/wp-content\/uploads\/2025\/12\/bytv-reklam-banner.jpg\" alt=\"\"  width=\"2376\" height=\"1008\"   \/><\/a><\/div>","protected":false},"excerpt":{"rendered":"<p>Birle\u015fik Krall\u0131k \u0130stanbul Ba\u015fkonsolosu ve Do\u011fu Avrupa ve Orta Asya Ticaret M\u00fcste\u015far\u0131 Kenan Poleo, T\u00fcrk \u015firketlerini Birle\u015fik Krall\u0131k&#8217;ta yat\u0131r\u0131m yapmaya \u00e7a\u011f\u0131rd\u0131. Sosyal medya hesab\u0131ndan bir a\u00e7\u0131klama yay\u0131nlayan Poleo; &#8220;Birle\u015fik Krall\u0131k, T\u00fcrk \u015firketlerinin en \u00e7ok tercih ettikleri yat\u0131r\u0131m destinasyonu olmaya devam ediyor!&#8221; dedi. &#8220;Sizler de global a\u00e7\u0131l\u0131m\u0131n\u0131z\u0131 Birle\u015fik Krall\u0131k \u00fczerinden yaparak, en son teknolojik geli\u015fmelerin ve d\u00fcnya \u00e7ap\u0131ndaki ara\u015ft\u0131rma\/geli\u015ftirme imkanlar\u0131n\u0131n avantajlar\u0131n\u0131 yakalayabilirsiniz.&#8221; Birle\u015fik Krall\u0131k\u2019ta uzun s\u00fcredir varl\u0131klar\u0131n\u0131 s\u00fcrd\u00fcren Beko Global, Vestel, pladis Global ve yak\u0131 zamanda \u0130ngiltere pazar\u0131na giren Getir&#8217;in ba\u015far\u0131lar\u0131na dikkat \u00e7eken \u0130stanbul Ba\u015fkonsolosu Poleo &#8220;\u00d6nde gelen uluslararas\u0131 taahh\u00fct gruplar\u0131ndan ENKA \u0130n\u015faat ve Sanayi A.\u015e. Engineering for a better future, [&hellip;]<\/p>\n","protected":false},"author":1,"featured_media":17220,"comment_status":"open","ping_status":"open","sticky":false,"template":"","format":"standard","meta":{"ngg_post_thumbnail":0,"footnotes":""},"categories":[15],"tags":[324,892,3719],"class_list":["post-18301","post","type-post","status-publish","format-standard","has-post-thumbnail","hentry","category-ingiltere","tag-chris-gaunt","tag-ergin-balabeyoglu","tag-kenan-poleo"],"_links":{"self":[{"href":"https:\/\/by-tv.co.uk\/en\/wp-json\/wp\/v2\/posts\/18301","targetHints":{"allow":["GET"]}}],"collection":[{"href":"https:\/\/by-tv.co.uk\/en\/wp-json\/wp\/v2\/posts"}],"about":[{"href":"https:\/\/by-tv.co.uk\/en\/wp-json\/wp\/v2\/types\/post"}],"author":[{"embeddable":true,"href":"https:\/\/by-tv.co.uk\/en\/wp-json\/wp\/v2\/users\/1"}],"replies":[{"embeddable":true,"href":"https:\/\/by-tv.co.uk\/en\/wp-json\/wp\/v2\/comments?post=18301"}],"version-history":[{"count":0,"href":"https:\/\/by-tv.co.uk\/en\/wp-json\/wp\/v2\/posts\/18301\/revisions"}],"wp:featuredmedia":[{"embeddable":true,"href":"https:\/\/by-tv.co.uk\/en\/wp-json\/wp\/v2\/media\/17220"}],"wp:attachment":[{"href":"https:\/\/by-tv.co.uk\/en\/wp-json\/wp\/v2\/media?parent=18301"}],"wp:term":[{"taxonomy":"category","embeddable":true,"href":"https:\/\/by-tv.co.uk\/en\/wp-json\/wp\/v2\/categories?post=18301"},{"taxonomy":"post_tag","embeddable":true,"href":"https:\/\/by-tv.co.uk\/en\/wp-json\/wp\/v2\/tags?post=18301"}],"curies":[{"name":"wp","href":"https:\/\/api.w.org\/{rel}","templated":true}]}}