{"id":17958,"date":"2022-11-28T18:50:44","date_gmt":"2022-11-28T18:50:44","guid":{"rendered":"https:\/\/by-tv.co.uk\/?p=17958"},"modified":"2023-02-23T15:11:26","modified_gmt":"2023-02-23T15:11:26","slug":"bir-dakika-britanya-ile-ingiltere-guncel-haberler-28-kasim-2022","status":"publish","type":"post","link":"https:\/\/by-tv.co.uk\/en\/bir-dakika-britanya-ile-ingiltere-guncel-haberler-28-kasim-2022\/","title":{"rendered":"Bir Dakika Britanya ile \u0130ngiltere g\u00fcncel haberler, 28 Kas\u0131m 2022"},"content":{"rendered":"<p><iframe loading=\"lazy\" title=\"Bir Dakika Britanya 28 Kas\u0131m 2022\" src=\"https:\/\/www.youtube.com\/embed\/lwOWSbY1p2U\" width=\"783\" height=\"715\" frameborder=\"0\" allowfullscreen=\"allowfullscreen\"><\/iframe><\/p>\n<h4><span style=\"font-weight: 400;\">\u2b55\ufe0fS\u0131\u011f\u0131nmac\u0131lar aras\u0131nda difteri vakalar\u0131 art\u0131yor<\/span><\/h4>\n<p><a href=\"https:\/\/www.bbc.co.uk\/news\/uk-63771091\" target=\"_blank\" rel=\"noopener\"><b>BBC<\/b><\/a><b>, yak\u0131n zamanda \u0130ngiltere&#8217;ye gelen s\u0131\u011f\u0131nmac\u0131lar aras\u0131ndaki difteri vakalar\u0131n\u0131n 50&#8217;den fazla vakaya y\u00fckseldi\u011fini s\u00f6yledi.<\/b><span style=\"font-weight: 400;\">&nbsp;<\/span><\/p>\n<p><span style=\"font-weight: 400;\">H\u00fck\u00fcmet verilerine g\u00f6re, 2021&#8217;de ayn\u0131 su\u015fun sadece \u00fc\u00e7 vakas\u0131 vard\u0131. Haber, Kent&#8217;teki Manston i\u015flem merkezinde tutulduktan sonra \u00f6len bir g\u00f6\u00e7menin hastal\u0131\u011fa yakaland\u0131\u011f\u0131n\u0131n do\u011frulanmas\u0131ndan sonra geldi. \u0130\u00e7i\u015fleri Bakanl\u0131\u011f\u0131, himayesindekilerin refah\u0131n\u0131 ciddiye ald\u0131\u011f\u0131 konusunda \u0131srar ediyor.<\/span><\/p>\n<p><span style=\"font-weight: 400;\">\u00d6len ki\u015finin(erkek), k\u00fc\u00e7\u00fck bir tekneyle <a href=\"https:\/\/by-tv.co.uk\/en\/?s=bir+dakika\">\u0130ngiltere<\/a>&#8216;ye geldikten 7 g\u00fcn sonra 19 Kas\u0131m&#8217;da hastanede \u00f6ld\u00fc\u011f\u00fc belirtildi.<\/span><\/p><div id=\"briti-3023587391\" class=\"briti-icerik\" style=\"margin-top: 5px;margin-bottom: 5px;\"><a href=\"https:\/\/piaryum.com\/services\/\" aria-label=\"piaryum banner\"><img loading=\"lazy\" decoding=\"async\" src=\"https:\/\/by-tv.co.uk\/wp-content\/uploads\/2025\/12\/Gemini_Generated_Image_g5yqr1g5yqr1g5yq.jpg\" alt=\"\"  width=\"2064\" height=\"1152\"   \/><\/a><\/div>\n<p><span style=\"font-weight: 400;\">Difteri, burnu, bo\u011faz\u0131 etkileyen ve bazen ciltte \u00fclserlere neden olan olduk\u00e7a bula\u015f\u0131c\u0131 bir enfeksiyondur.<\/span><\/p>\n<p><span style=\"font-weight: 400;\">NHS web sitesine g\u00f6re, \u00f6ks\u00fcr\u00fck ve hap\u015f\u0131rma yoluyla veya enfekte olmu\u015f biriyle yak\u0131n temas yoluyla yay\u0131l\u0131yor ve ciddi vakalarda \u00f6l\u00fcmc\u00fcl olabiliyor.<\/span><\/p>\n<p><span style=\"font-weight: 400;\">Bardak, \u00e7atal-b\u0131\u00e7ak, giysi veya yatak tak\u0131m\u0131 gibi e\u015fyalar\u0131 enfekte bir ki\u015fiyle payla\u015farak da alabilirsiniz.<\/span><\/p>\n<p><span style=\"font-weight: 400;\">Birle\u015fik Krall\u0131k&#8217;taki bebekler ve \u00e7ocuklar difteriye kar\u015f\u0131 a\u015f\u0131lan\u0131r, yani vakalar nadirdir. Bununla birlikte, enfeksiyon, durumun b\u00f6yle olmad\u0131\u011f\u0131 \u00fclkelerden gelen g\u00f6\u00e7menler i\u00e7in potansiyel olarak tehlikelidir.<\/span><\/p>\n<p><span style=\"font-weight: 400;\">Birle\u015fik Krall\u0131k Sa\u011fl\u0131k G\u00fcvenli\u011fi Ajans\u0131 (HSA), Manston&#8217;da difteri olan veya ge\u00e7irmi\u015f 50&#8217;den fazla ki\u015fiye bula\u015f\u0131p bula\u015fmad\u0131\u011f\u0131n\u0131n bilinmedi\u011fini s\u00f6yl\u00fcyor.<\/span><\/p>\n<p><span style=\"font-weight: 400;\">Kurum, Avrupa genelinde s\u0131\u011f\u0131nmac\u0131lar aras\u0131nda vakalar\u0131n artt\u0131\u011f\u0131n\u0131 ve baz\u0131 ki\u015filerin gelmeden \u00f6nce semptomlar\u0131 bildirdiklerini ve bu nedenle kendi \u00fclkelerinde enfekte olmu\u015f olabileceklerini s\u00f6yledi.<\/span><\/p>\n<p><span style=\"font-weight: 400;\">Bununla birlikte, hastal\u0131\u011f\u0131n kulu\u00e7ka s\u00fcresi iki ila be\u015f g\u00fcn aras\u0131ndad\u0131r ve maksimum 10 g\u00fcnd\u00fcr, bu nedenle Manston&#8217;da bulunan ki\u015filerde enfeksiyonlar muhtemelen yeni olmu\u015ftur.<\/span><\/p>\n<h4><span style=\"font-weight: 400;\">\u2b55\ufe0fTerk edilmi\u015f evcil hayvan say\u0131lar\u0131 art\u0131yor<\/span><\/h4>\n<p><b>\u0130ngiltere ve Galler&#8217;de faaliyet g\u00f6steren ve hayvan refah\u0131n\u0131 destekleyen Kraliyet Hayvanlara Zulm\u00fc \u00d6nleme Derne\u011fi (<\/b><a href=\"https:\/\/www.rspca.org.uk\" target=\"_blank\" rel=\"noopener\"><b>RSPCA<\/b><\/a><b>) ne g\u00f6re, sahipleri onlar\u0131 tutmay\u0131 g\u00f6ze alamad\u0131\u011f\u0131 i\u00e7in terk edilen evcil hayvanlar\u0131n say\u0131s\u0131 bu y\u0131l% 25 artt\u0131. Dernek Ekim ay\u0131na kadar 13.159 terk edilme vakas\u0131 tespit etti.<\/b><\/p>\n<p><span style=\"font-weight: 400;\">Daily Mail, Royal Society for the Prevention of Cruelty to Animals (<\/span><b>RSPCA)<\/b><span style=\"font-weight: 400;\"> isimli yard\u0131m kurulu\u015funun &#8220;y\u00fckselen fiyatlar nedeniyle bu y\u0131l ek zorluklarla kar\u015f\u0131 kar\u015f\u0131ya kald\u0131\u011f\u0131n\u0131&#8221; ve Ekim ay\u0131na kadar 13.159 terk edilme ve biri \u00f6len ve Kent&#8217;teki bir g\u0131da at\u0131k kutusunda terk edilen sekiz haftal\u0131k \u00fc\u00e7 k\u00f6pek yavrusu da dahil olmak \u00fczere 30.500 ihmal vakas\u0131yla u\u011fra\u015fmak zorunda kald\u0131\u011f\u0131n\u0131 s\u00f6yledi. Ayr\u0131ca West Midlands&#8217;ta do\u011fum yapt\u0131ktan sonra terk edilmi\u015f iki kediyi ve Nottinghamshire&#8217;daki bir \u00e7\u00f6p kutusuna at\u0131lan dokuz tav\u015fan\u0131 kurtard\u0131.<\/span><\/p>\n<h4><span style=\"font-weight: 400;\">\u2b55\ufe0fBrexit doktor s\u0131k\u0131nt\u0131s\u0131n\u0131 k\u00f6t\u00fcle\u015ftiriyor<\/span><\/h4>\n<p><b>\u0130ngiltere merkezli d\u00fc\u015f\u00fcnce kurulu\u015fu Nuffield Trust&#8217;\u0131n yapt\u0131\u011f\u0131 bir ara\u015ft\u0131rmada, 2021&#8217;de, \u00fclkede Avrupa ve Avrupa Serbest Ticaret Birli\u011finden (EFTA) toplam 37 bin 35 doktorun \u00e7al\u0131\u015ft\u0131\u011f\u0131 belirtildi ve Brexit sonras\u0131 4 bin 285 Avrupal\u0131 doktorun \u0130ngiltere&#8217;de \u00e7al\u0131\u015fmay\u0131 b\u0131rakt\u0131\u011f\u0131 kaydedildi.<\/b><\/p>\n<p><span style=\"font-weight: 400;\">Ara\u015ft\u0131rmada, doktor say\u0131s\u0131 Brexit \u00f6ncesindeki gibi artmas\u0131 devam etseydi ya da Brexit karar\u0131 \u0130ngiltere&#8217;deki i\u015fe al\u0131mlar\u0131 etkilemeseydi, \u0130ngiltere&#8217;de Avrupa ve EFTA \u00fclkelerinden (Norve\u00e7, \u0130svi\u00e7re, \u0130zlanda ve Lihten\u015ftayn) gelen doktorlar ile bu say\u0131n\u0131n 41 bin 320 olaca\u011f\u0131 ifade edildi.<\/span><\/p>\n<p><span style=\"font-weight: 400;\">Nuffield Trust&#8217;ta ara\u015ft\u0131rmac\u0131 Martha McCarey, bu s\u00fcre\u00e7te \u00f6zellikle anestezi, \u00e7ocuk, psikiyatri ve kalp-akci\u011fer tedavisi gibi d\u00f6rt alanda doktor eksikli\u011fine yol a\u00e7t\u0131\u011f\u0131n\u0131 kaydetti.<\/span><\/p>\n<p><span style=\"font-weight: 400;\">McCarey, \u0130ngiltere&#8217;de Avrupa ve EFTA&#8217;dan 394 anestezist oldu\u011funa dikkati \u00e7ekti.<\/span><\/p>\n<p><span style=\"font-weight: 400;\">Resmi verilere g\u00f6re, \u0130ngiltere Ulusal Sa\u011fl\u0131k Sistemi&#8217;nde (NHS) 10 bin 583 doktor a\u00e7\u0131\u011f\u0131 bulunuyor.<\/span><\/p>\n<h4><span style=\"font-weight: 400;\">\u2b55\ufe0f\u0130ngiltere&#8217;de Ekim ay\u0131nda konut fiyatlar\u0131ndaki b\u00fcy\u00fcme yava\u015flad\u0131<\/span><\/h4>\n<p><b>\u0130ngiltere&#8217;de Ekim ay\u0131nda gayrimenkul piyasas\u0131nda ya\u015fanan durgunluktan sonra konut fiyatlar\u0131ndaki b\u00fcy\u00fcme \u015eubat 2020&#8217;den bu yana g\u00f6r\u00fclen en yava\u015f seviyeye inerek Ekim ay\u0131nda konutlar i\u00e7in al\u0131c\u0131 talebi ge\u00e7en y\u0131l\u0131n ayn\u0131 d\u00f6nemine g\u00f6re y\u00fczde 44 gerilerken, sat\u0131\u015f hacmi de ge\u00e7en y\u0131la g\u00f6re y\u00fczde 28 d\u00fc\u015ft\u00fc.<\/b><\/p>\n<p><span style=\"font-weight: 400;\">Zoopla&#8217;n\u0131n konut fiyat endeksi Ekim ay\u0131nda, Truss h\u00fck\u00fcmetinin Eyl\u00fcl ay\u0131 sonuna do\u011fru a\u00e7\u0131klad\u0131\u011f\u0131 &#8220;mini b\u00fct\u00e7e&#8221;nin tahvil piyasalar\u0131nda tetikledi\u011fi sat\u0131\u015flar\u0131n etkisiyle yava\u015flad\u0131.&nbsp;<\/span><\/p>\n<p><span style=\"font-weight: 400;\">Zoopla ge\u00e7en ay y\u00fczde 6 seviyesinin \u00fczerine \u00e7\u0131kan mortgage faiz oranlar\u0131n\u0131n 2023 y\u0131lba\u015f\u0131nda y\u00fczde 4-5 seviyesine d\u00f6nmesini beklediklerini de duyurdu.&nbsp;&nbsp;<\/span><\/p>\n<p><span style=\"font-weight: 400;\">Eyl\u00fcl ay\u0131nda sona eren 3 ayda konut fiyatlar\u0131 \u00f6nceki 3 aya g\u00f6re y\u00fczde 0,7 artt\u0131. Bu, 2020 y\u0131l\u0131 \u015eubat ay\u0131ndan bu yana g\u00f6r\u00fclen en yava\u015f art\u0131\u015f oldu. Y\u0131ll\u0131k bazda y\u00fckseli\u015f ise y\u00fczde 7,8&#8217;e yava\u015flad\u0131.<\/span><\/p>\n<div id=\"briti-1869637241\" class=\"briti-icerikten-sonra_2\" style=\"margin-top: 25px;margin-bottom: 25px;\"><a href=\"https:\/\/wa.me\/message\/NDZLLIOQT4H3O1\" aria-label=\"bytv reklam banner\"><img loading=\"lazy\" decoding=\"async\" src=\"https:\/\/by-tv.co.uk\/wp-content\/uploads\/2025\/12\/bytv-reklam-banner.jpg\" alt=\"\"  width=\"2376\" height=\"1008\"   \/><\/a><\/div>","protected":false},"excerpt":{"rendered":"<p>\u2b55\ufe0fS\u0131\u011f\u0131nmac\u0131lar aras\u0131nda difteri vakalar\u0131 art\u0131yor BBC, yak\u0131n zamanda \u0130ngiltere&#8217;ye gelen s\u0131\u011f\u0131nmac\u0131lar aras\u0131ndaki difteri vakalar\u0131n\u0131n 50&#8217;den fazla vakaya y\u00fckseldi\u011fini s\u00f6yledi.&nbsp; H\u00fck\u00fcmet verilerine g\u00f6re, 2021&#8217;de ayn\u0131 su\u015fun sadece \u00fc\u00e7 vakas\u0131 vard\u0131. Haber, Kent&#8217;teki Manston i\u015flem merkezinde tutulduktan sonra \u00f6len bir g\u00f6\u00e7menin hastal\u0131\u011fa yakaland\u0131\u011f\u0131n\u0131n do\u011frulanmas\u0131ndan sonra geldi. \u0130\u00e7i\u015fleri Bakanl\u0131\u011f\u0131, himayesindekilerin refah\u0131n\u0131 ciddiye ald\u0131\u011f\u0131 konusunda \u0131srar ediyor. \u00d6len ki\u015finin(erkek), k\u00fc\u00e7\u00fck bir tekneyle \u0130ngiltere&#8216;ye geldikten 7 g\u00fcn sonra 19 Kas\u0131m&#8217;da hastanede \u00f6ld\u00fc\u011f\u00fc belirtildi. Difteri, burnu, bo\u011faz\u0131 etkileyen ve bazen ciltte \u00fclserlere neden olan olduk\u00e7a bula\u015f\u0131c\u0131 bir enfeksiyondur. NHS web sitesine g\u00f6re, \u00f6ks\u00fcr\u00fck ve hap\u015f\u0131rma yoluyla veya enfekte olmu\u015f biriyle yak\u0131n temas yoluyla yay\u0131l\u0131yor ve ciddi [&hellip;]<\/p>\n","protected":false},"author":1,"featured_media":16650,"comment_status":"open","ping_status":"open","sticky":false,"template":"","format":"video","meta":{"ngg_post_thumbnail":0,"footnotes":""},"categories":[15],"tags":[4708,3733,4707,149,4709],"class_list":["post-17958","post","type-post","status-publish","format-video","has-post-thumbnail","hentry","category-ingiltere","tag-difteri","tag-evcil-hayvan","tag-ingilter-konut","tag-ingiltere","tag-nuffield","post_format-post-format-video"],"_links":{"self":[{"href":"https:\/\/by-tv.co.uk\/en\/wp-json\/wp\/v2\/posts\/17958","targetHints":{"allow":["GET"]}}],"collection":[{"href":"https:\/\/by-tv.co.uk\/en\/wp-json\/wp\/v2\/posts"}],"about":[{"href":"https:\/\/by-tv.co.uk\/en\/wp-json\/wp\/v2\/types\/post"}],"author":[{"embeddable":true,"href":"https:\/\/by-tv.co.uk\/en\/wp-json\/wp\/v2\/users\/1"}],"replies":[{"embeddable":true,"href":"https:\/\/by-tv.co.uk\/en\/wp-json\/wp\/v2\/comments?post=17958"}],"version-history":[{"count":0,"href":"https:\/\/by-tv.co.uk\/en\/wp-json\/wp\/v2\/posts\/17958\/revisions"}],"wp:featuredmedia":[{"embeddable":true,"href":"https:\/\/by-tv.co.uk\/en\/wp-json\/wp\/v2\/media\/16650"}],"wp:attachment":[{"href":"https:\/\/by-tv.co.uk\/en\/wp-json\/wp\/v2\/media?parent=17958"}],"wp:term":[{"taxonomy":"category","embeddable":true,"href":"https:\/\/by-tv.co.uk\/en\/wp-json\/wp\/v2\/categories?post=17958"},{"taxonomy":"post_tag","embeddable":true,"href":"https:\/\/by-tv.co.uk\/en\/wp-json\/wp\/v2\/tags?post=17958"}],"curies":[{"name":"wp","href":"https:\/\/api.w.org\/{rel}","templated":true}]}}