{"id":17836,"date":"2022-11-18T00:40:31","date_gmt":"2022-11-18T00:40:31","guid":{"rendered":"https:\/\/by-tv.co.uk\/?p=17836"},"modified":"2022-11-18T00:40:31","modified_gmt":"2022-11-18T00:40:31","slug":"ingiltere-galler-ve-kuzey-irlandada-vergi-esikleri-2028-yilina-kadar-donduruldu","status":"publish","type":"post","link":"https:\/\/by-tv.co.uk\/en\/ingiltere-galler-ve-kuzey-irlandada-vergi-esikleri-2028-yilina-kadar-donduruldu\/","title":{"rendered":"\u0130ngiltere, Galler ve Kuzey \u0130rlanda&#8217;da Vergi e\u015fikleri 2028 y\u0131l\u0131na kadar donduruldu"},"content":{"rendered":"<p>\u015eans\u00f6lye Jeremy Hunt, Nisan 2028&#8217;e kadar ki\u015fisel kazan\u00e7 gelir vergisini 12.570 pound olarak sabitlediklerini a\u00e7\u0131klad\u0131.<\/p>\n<p>12.570 pounddan daha fazla kazanan herkes vergi \u00f6deyecek.<\/p>\n<p>E\u015fiklerin dondurulmas\u0131, insanlar\u0131n maa\u015flar\u0131 artsa bile vergi s\u0131n\u0131rlar\u0131n\u0131n ayn\u0131 kalmas\u0131 anlam\u0131na gelir.<\/p><div id=\"briti-3002219944\" class=\"briti-icerik\" style=\"margin-top: 5px;margin-bottom: 5px;\"><a href=\"https:\/\/piaryum.com\/services\/\" aria-label=\"piaryum banner\"><img loading=\"lazy\" decoding=\"async\" src=\"https:\/\/by-tv.co.uk\/wp-content\/uploads\/2025\/12\/Gemini_Generated_Image_g5yqr1g5yqr1g5yq.jpg\" alt=\"\"  width=\"2064\" height=\"1152\"   \/><\/a><\/div>\n<p>\u00dccretler artt\u0131k\u00e7a, insanlar kazan\u00e7lar\u0131n\u0131n daha b\u00fcy\u00fck bir k\u0131sm\u0131 i\u00e7in vergi \u00f6derler ve daha fazla insan daha y\u00fcksek vergi aral\u0131\u011f\u0131na girer. Buna bazen mali s\u00fcr\u00fckleme denir.<\/p>\n<p>H\u00fck\u00fcmetin ekonomik planlar\u0131n\u0131 ba\u011f\u0131ms\u0131z olarak de\u011ferlendiren B\u00fct\u00e7e Sorumlulu\u011fu Ofisi, 2028&#8217;e kadar dondurulan e\u015fiklerin 3,2 milyon yeni vergi m\u00fckellefi daha yarataca\u011f\u0131n\u0131 ve 2,6 milyon daha fazla insan\u0131n daha y\u00fcksek oranda vergi \u00f6demesi anlam\u0131na gelece\u011fini tahmin ediyor.<\/p>\n<p>Jeremy Hunt ayr\u0131ca, en y\u00fcksek kazananlar\u0131n en y\u00fcksek vergi oran\u0131n\u0131 \u00f6demeye ba\u015flad\u0131\u011f\u0131 e\u015fi\u011fin Nisan 2023&#8217;ten itibaren 150.000 \u00a3 &#8216;dan 125.140 \u00a3&#8217; a d\u00fc\u015fece\u011fini a\u00e7\u0131klad\u0131.<\/p>\n<div id=\"briti-949647045\" class=\"briti-icerikten-sonra_2\" style=\"margin-top: 25px;margin-bottom: 25px;\"><a href=\"https:\/\/wa.me\/message\/NDZLLIOQT4H3O1\" aria-label=\"bytv reklam banner\"><img loading=\"lazy\" decoding=\"async\" src=\"https:\/\/by-tv.co.uk\/wp-content\/uploads\/2025\/12\/bytv-reklam-banner.jpg\" alt=\"\"  width=\"2376\" height=\"1008\"   \/><\/a><\/div>","protected":false},"excerpt":{"rendered":"<p>\u015eans\u00f6lye Jeremy Hunt, Nisan 2028&#8217;e kadar ki\u015fisel kazan\u00e7 gelir vergisini 12.570 pound olarak sabitlediklerini a\u00e7\u0131klad\u0131. 12.570 pounddan daha fazla kazanan herkes vergi \u00f6deyecek. E\u015fiklerin dondurulmas\u0131, insanlar\u0131n maa\u015flar\u0131 artsa bile vergi s\u0131n\u0131rlar\u0131n\u0131n ayn\u0131 kalmas\u0131 anlam\u0131na gelir. \u00dccretler artt\u0131k\u00e7a, insanlar kazan\u00e7lar\u0131n\u0131n daha b\u00fcy\u00fck bir k\u0131sm\u0131 i\u00e7in vergi \u00f6derler ve daha fazla insan daha y\u00fcksek vergi aral\u0131\u011f\u0131na girer. Buna bazen mali s\u00fcr\u00fckleme denir. H\u00fck\u00fcmetin ekonomik planlar\u0131n\u0131 ba\u011f\u0131ms\u0131z olarak de\u011ferlendiren B\u00fct\u00e7e Sorumlulu\u011fu Ofisi, 2028&#8217;e kadar dondurulan e\u015fiklerin 3,2 milyon yeni vergi m\u00fckellefi daha yarataca\u011f\u0131n\u0131 ve 2,6 milyon daha fazla insan\u0131n daha y\u00fcksek oranda vergi \u00f6demesi anlam\u0131na gelece\u011fini tahmin ediyor. Jeremy Hunt ayr\u0131ca, en y\u00fcksek [&hellip;]<\/p>\n","protected":false},"author":1,"featured_media":0,"comment_status":"open","ping_status":"open","sticky":false,"template":"","format":"standard","meta":{"ngg_post_thumbnail":0,"footnotes":""},"categories":[1],"tags":[1562,149,299,4679],"class_list":["post-17836","post","type-post","status-publish","format-standard","hentry","category-genel","tag-galler","tag-ingiltere","tag-kuzey-irlanda","tag-vergi-esikleri"],"_links":{"self":[{"href":"https:\/\/by-tv.co.uk\/en\/wp-json\/wp\/v2\/posts\/17836","targetHints":{"allow":["GET"]}}],"collection":[{"href":"https:\/\/by-tv.co.uk\/en\/wp-json\/wp\/v2\/posts"}],"about":[{"href":"https:\/\/by-tv.co.uk\/en\/wp-json\/wp\/v2\/types\/post"}],"author":[{"embeddable":true,"href":"https:\/\/by-tv.co.uk\/en\/wp-json\/wp\/v2\/users\/1"}],"replies":[{"embeddable":true,"href":"https:\/\/by-tv.co.uk\/en\/wp-json\/wp\/v2\/comments?post=17836"}],"version-history":[{"count":0,"href":"https:\/\/by-tv.co.uk\/en\/wp-json\/wp\/v2\/posts\/17836\/revisions"}],"wp:attachment":[{"href":"https:\/\/by-tv.co.uk\/en\/wp-json\/wp\/v2\/media?parent=17836"}],"wp:term":[{"taxonomy":"category","embeddable":true,"href":"https:\/\/by-tv.co.uk\/en\/wp-json\/wp\/v2\/categories?post=17836"},{"taxonomy":"post_tag","embeddable":true,"href":"https:\/\/by-tv.co.uk\/en\/wp-json\/wp\/v2\/tags?post=17836"}],"curies":[{"name":"wp","href":"https:\/\/api.w.org\/{rel}","templated":true}]}}