{"id":17827,"date":"2022-11-17T14:47:08","date_gmt":"2022-11-17T14:47:08","guid":{"rendered":"https:\/\/by-tv.co.uk\/?p=17827"},"modified":"2022-11-17T15:00:23","modified_gmt":"2022-11-17T15:00:23","slug":"ingilterenin-2023-butcesinde-yeni-vergiler-ve-harcama-kesintileri-cikti-enerji-faturalari-nisan-ayindan-itibaren-yilda-3-000-a-yukselecek","status":"publish","type":"post","link":"https:\/\/by-tv.co.uk\/en\/ingilterenin-2023-butcesinde-yeni-vergiler-ve-harcama-kesintileri-cikti-enerji-faturalari-nisan-ayindan-itibaren-yilda-3-000-a-yukselecek\/","title":{"rendered":"\u0130ngiltere&#8217;nin 2023 b\u00fct\u00e7esinde yeni vergiler ve harcama kesintileri \u00e7\u0131kt\u0131. Enerji faturalar\u0131 Nisan ay\u0131ndan itibaren y\u0131lda 3.000 \u00a3 &#8216;a y\u00fckselecek"},"content":{"rendered":"<p><strong>\u0130ngiltere Maliye Bakan\u0131 Jeremy Hunt<\/strong>, kamu finansman a\u00e7\u0131\u011f\u0131n\u0131n kapat\u0131lmas\u0131 \u00e7abalar\u0131 \u00e7er\u00e7evesinde vergi art\u0131r\u0131mlar\u0131 ve harcama k\u0131s\u0131nt\u0131lar\u0131ndan olu\u015fan 55 milyar sterlin&nbsp;b\u00fcy\u00fckl\u00fc\u011f\u00fcnde paket a\u00e7\u0131klad\u0131.<\/p>\n<p>Jeremy Hunt, \u0130ngiltere&#8217;nin durgunluk i\u00e7inde oldu\u011funu kabul etti, ancak plan\u0131n\u0131n ekonomiyi yeniden in\u015fa etmeye ve borcu azaltmaya yard\u0131mc\u0131 olaca\u011f\u0131n\u0131 s\u00f6yledi.<\/p>\n<h4>25 milyar sterlin vergiden, 30 milyar sterlin harcamalardan<\/h4>\n<p>Hunt yapt\u0131\u011f\u0131 a\u00e7\u0131klamada 55 milyar sterlin b\u00fcy\u00fckl\u00fc\u011f\u00fcnde paketin 25 milyar sterlinlik b\u00f6l\u00fcm\u00fcn\u00fcn vergi art\u0131r\u0131mlar\u0131ndan, 30 milyar sterlinin de harcama kesintilerinde gelece\u011fini vurgulad\u0131.<\/p><div id=\"briti-3232222370\" class=\"briti-icerik\" style=\"margin-top: 5px;margin-bottom: 5px;\"><a href=\"https:\/\/piaryum.com\/services\/\" aria-label=\"piaryum banner\"><img loading=\"lazy\" decoding=\"async\" src=\"https:\/\/by-tv.co.uk\/wp-content\/uploads\/2025\/12\/Gemini_Generated_Image_g5yqr1g5yqr1g5yq.jpg\" alt=\"\"  width=\"2064\" height=\"1152\"   \/><\/a><\/div>\n<div id=\"attachment_17828\" style=\"width: 810px\" class=\"wp-caption alignnone\"><img loading=\"lazy\" decoding=\"async\" aria-describedby=\"caption-attachment-17828\" class=\"size-full wp-image-17828\" src=\"https:\/\/by-tv.co.uk\/wp-content\/uploads\/2022\/11\/52427334811_f97133b5db_c.jpg\" alt=\"\" width=\"800\" height=\"556\" title=\"\"><p id=\"caption-attachment-17828\" class=\"wp-caption-text\">Jeremy Hunt<\/p><\/div>\n<h4>OBR: Durgunluk i\u00e7indeyiz<\/h4>\n<p>B\u00fct\u00e7e Sorumlulu\u011fu Ofisi (OBR), \u0130ngiltere&#8217;nin durgunluk&nbsp;i\u00e7inde oldu\u011funa karar verdi, bu da ekonominin \u00fcst \u00fcste iki \u00e7eyrek boyunca yava\u015flad\u0131\u011f\u0131 anlam\u0131na geliyor.<\/p>\n<p>OBR bu y\u0131l i\u00e7in genel olarak %4,2&#8217;lik bir b\u00fcy\u00fcme, &nbsp;ancak ekonominin b\u00fcy\u00fckl\u00fc\u011f\u00fcn\u00fcn 2023&#8217;te %1,4 oran\u0131nda k\u00fc\u00e7\u00fclece\u011fini \u00f6ng\u00f6r\u00fcyor.<\/p>\n<p>\u0130ngiltere&#8217;nin enflasyon oran\u0131n\u0131n bu y\u0131l % 9.1 ve gelecek y\u0131 l% 7.4 olaca\u011f\u0131 tahmin ediliyor.<\/p>\n<p>H\u00fck\u00fcmet, bor\u00e7 ve harcama hedeflerine ula\u015fmak&nbsp;i\u00e7in mevcut \u00fc\u00e7 y\u0131l yerine kendisine be\u015f y\u0131l verecek.<\/p>\n<h4>\u0130\u015fte \u0130ngiltere&#8217;nin 2023 b\u00fct\u00e7esinin ayr\u0131nt\u0131lar\u0131<\/h4>\n<p><strong>Y\u00fcksek gelir vergisi \u00f6deme e\u015fi\u011fi d\u00fc\u015f\u00fcyor<\/strong><\/p>\n<ul>\n<li>A\u00e7\u0131klamaya g\u00f6re gelir vergisinde y\u00fczde 45 olan en y\u00fcksek dilime girme e\u015fi\u011fi 150 bin sterlinden 125 bin 140 sterline indirilecek. 150 bin sterlin ve \u00fczerinde kazananlar her y\u0131l 1200 sterlin daha fazla vergi \u00f6deyecekler.<\/li>\n<li>Hunt&#8217;\u0131n a\u00e7\u0131klamas\u0131na g\u00f6re sermaye kazanc\u0131 vergisinden muafiyet sal\u0131nan temett\u00fc geliri miktar\u0131 da azalt\u0131lacak. Hali haz\u0131rda 2000 sterlin olan vergiden muaf temett\u00fc miktar\u0131 gelecek y\u0131l 1000 sterline ve Nisan 2024&#8217;te 500 sterline inecek. Sermaye kazanc\u0131 vergisinden muaf y\u0131ll\u0131k kazan\u00e7 tutar\u0131 gelecek y\u0131l 12 bin 300 sterlinden 6 bin sterline ve Nisan 2024&#8217;de 3 bin&nbsp; sterline \u00e7ekilecek.<\/li>\n<\/ul>\n<p><strong>Enerji destekleri Nisan&#8217;da bitiyor. Faturalar 3000 sterline \u00e7\u0131kacak<\/strong><\/p>\n<ul>\n<li>Enerji \u015firketlerinin a\u015f\u0131r\u0131 karlar\u0131ndan al\u0131nan vergi 2028&#8217;e kadar uzat\u0131l\u0131rken, 1 Ocak&#8217;tan Mart 2028&#8217;e kadar vergi oran\u0131 y\u00fczde 25&#8217;ten y\u00fczde 35&#8217;e y\u00fckseltilecek. Elektrik \u00fcreticilerinden ge\u00e7ici olarak y\u00fczde 45 vergi al\u0131nacak. Bunlar Hazine&#8217;nin vergi gelirlerini gelecek y\u0131l 14 milyar sterlin art\u0131racak.<\/li>\n<li>Enerji faturalar\u0131yla ilgili yard\u0131mlar azalt\u0131lacak ve tipik faturalar y\u0131lda 2.500 \u00a3 &#8216;dan Nisan ay\u0131ndan itibaren 3.000 \u00a3 &#8216;a y\u00fckselecek.<\/li>\n<li>\n<p><div id=\"attachment_14636\" style=\"width: 1610px\" class=\"wp-caption alignnone\"><img loading=\"lazy\" decoding=\"async\" aria-describedby=\"caption-attachment-14636\" class=\"size-full wp-image-14636\" src=\"https:\/\/by-tv.co.uk\/wp-content\/uploads\/2022\/03\/WhatsApp-Image-2022-03-13-at-14.17.06.jpeg\" alt=\"\" width=\"1600\" height=\"1066\" title=\"\"><p id=\"caption-attachment-14636\" class=\"wp-caption-text\">\u0130ngiltere&#8217;de artan enerji faturalar\u0131 i\u00e7in ek destek talebi art\u0131yor<\/p><\/div><\/li>\n<\/ul>\n<p><strong>Asgari \u00fccret saatlik 10.42 sterline \u00e7\u0131kacak<\/strong><\/p>\n<ul>\n<li>Maliye Bakan\u0131 Hunt a\u00e7\u0131klamas\u0131nda gelecek 2 y\u0131l i\u00e7in Ulusal Sa\u011fl\u0131k Hizmetleri (NHS) b\u00fct\u00e7esinin 3,3 milyar sterlin art\u0131r\u0131laca\u011f\u0131n\u0131 belirtirken, sosyal hizmetler i\u00e7in gelecek y\u0131l 2,8 milyar sterlin ve sonraki y\u0131l 4,7 milyar sterlin finansman art\u0131\u015f\u0131 sa\u011flanaca\u011f\u0131n\u0131 da vurgulad\u0131.<\/li>\n<li>Ulusal Ge\u00e7im \u00dccreti, 23 ya\u015f \u00fcst\u00fc i\u00e7in saatte 9,50 sterlinden gelecek y\u0131l\u0131n nisan ay\u0131ndan itibaren 10,42 sterline \u00e7\u0131kar\u0131lacak.<\/li>\n<li>Evrensel Kredi de dahil olmak \u00fczere emekli maa\u015flar\u0131 enflasyona paralel olarak artacak (%10,1)<\/li>\n<li>Sosyal bak\u0131m sekt\u00f6r\u00fcndeki kira art\u0131\u015flar\u0131 \u00f6n\u00fcm\u00fczdeki mali y\u0131lda % 7 ile s\u0131n\u0131rland\u0131r\u0131lacak.<\/li>\n<li><img loading=\"lazy\" decoding=\"async\" class=\"alignnone size-full wp-image-17197\" src=\"https:\/\/by-tv.co.uk\/wp-content\/uploads\/2022\/10\/IMG_4912.jpeg\" alt=\"\" width=\"2365\" height=\"1330\" title=\"\"><\/li>\n<\/ul>\n<p><strong>Savunma harcamalar\u0131 milli gelirin % 2&#8217;sinde tutulacak<\/strong><\/p>\n<ul>\n<li>Savunma harcamalar\u0131 milli gelirin %2&#8217;sinde tutulacak. NATO&#8217;nun hedefi<\/li>\n<li>Yurtd\u0131\u015f\u0131 yard\u0131m harcamalar\u0131 \u00f6n\u00fcm\u00fczdeki be\u015f y\u0131l boyunca %0,5&#8217;te tutulacak ve resmi hedef olan %0,7&#8217;nin alt\u0131nda kalacak.<\/li>\n<li>Okullar gelecek y\u0131l ve sonraki y\u0131l fazladan 2,3 milyar sterlin alacak.<\/li>\n<\/ul>\n<p><strong>Elektrikli otomobil s\u00fcr\u00fcc\u00fcleri i\u00e7in bir &#8216;Tesla vergisi&#8217;<\/strong><\/p>\n<ul>\n<li>\u015eans\u00f6lye, elektrikli ara\u00e7lar\u0131n Nisan 2025&#8217;ten itibaren Ara\u00e7 \u00d6zel T\u00fcketim Vergisi&#8217;nden muaf tutulmayaca\u011f\u0131n\u0131 a\u00e7\u0131klad\u0131.<\/li>\n<li>\u015eu anda ara\u00e7 t\u00fcr\u00fcne ba\u011fl\u0131 olarak farkl\u0131 oranlarda vergiler var ancak elektrikli ara\u00e7lar muaf.<\/li>\n<\/ul>\n<div id=\"briti-4026468759\" class=\"briti-icerikten-sonra_2\" style=\"margin-top: 25px;margin-bottom: 25px;\"><a href=\"https:\/\/wa.me\/message\/NDZLLIOQT4H3O1\" aria-label=\"bytv reklam banner\"><img loading=\"lazy\" decoding=\"async\" src=\"https:\/\/by-tv.co.uk\/wp-content\/uploads\/2025\/12\/bytv-reklam-banner.jpg\" alt=\"\"  width=\"2376\" height=\"1008\"   \/><\/a><\/div>","protected":false},"excerpt":{"rendered":"<p>\u0130ngiltere Maliye Bakan\u0131 Jeremy Hunt, kamu finansman a\u00e7\u0131\u011f\u0131n\u0131n kapat\u0131lmas\u0131 \u00e7abalar\u0131 \u00e7er\u00e7evesinde vergi art\u0131r\u0131mlar\u0131 ve harcama k\u0131s\u0131nt\u0131lar\u0131ndan olu\u015fan 55 milyar sterlin&nbsp;b\u00fcy\u00fckl\u00fc\u011f\u00fcnde paket a\u00e7\u0131klad\u0131. Jeremy Hunt, \u0130ngiltere&#8217;nin durgunluk i\u00e7inde oldu\u011funu kabul etti, ancak plan\u0131n\u0131n ekonomiyi yeniden in\u015fa etmeye ve borcu azaltmaya yard\u0131mc\u0131 olaca\u011f\u0131n\u0131 s\u00f6yledi. 25 milyar sterlin vergiden, 30 milyar sterlin harcamalardan Hunt yapt\u0131\u011f\u0131 a\u00e7\u0131klamada 55 milyar sterlin b\u00fcy\u00fckl\u00fc\u011f\u00fcnde paketin 25 milyar sterlinlik b\u00f6l\u00fcm\u00fcn\u00fcn vergi art\u0131r\u0131mlar\u0131ndan, 30 milyar sterlinin de harcama kesintilerinde gelece\u011fini vurgulad\u0131. OBR: Durgunluk i\u00e7indeyiz B\u00fct\u00e7e Sorumlulu\u011fu Ofisi (OBR), \u0130ngiltere&#8217;nin durgunluk&nbsp;i\u00e7inde oldu\u011funa karar verdi, bu da ekonominin \u00fcst \u00fcste iki \u00e7eyrek boyunca yava\u015flad\u0131\u011f\u0131 anlam\u0131na geliyor. OBR bu y\u0131l i\u00e7in genel [&hellip;]<\/p>\n","protected":false},"author":1,"featured_media":15904,"comment_status":"open","ping_status":"open","sticky":false,"template":"","format":"standard","meta":{"ngg_post_thumbnail":0,"footnotes":""},"categories":[15],"tags":[],"class_list":["post-17827","post","type-post","status-publish","format-standard","has-post-thumbnail","hentry","category-ingiltere"],"_links":{"self":[{"href":"https:\/\/by-tv.co.uk\/en\/wp-json\/wp\/v2\/posts\/17827","targetHints":{"allow":["GET"]}}],"collection":[{"href":"https:\/\/by-tv.co.uk\/en\/wp-json\/wp\/v2\/posts"}],"about":[{"href":"https:\/\/by-tv.co.uk\/en\/wp-json\/wp\/v2\/types\/post"}],"author":[{"embeddable":true,"href":"https:\/\/by-tv.co.uk\/en\/wp-json\/wp\/v2\/users\/1"}],"replies":[{"embeddable":true,"href":"https:\/\/by-tv.co.uk\/en\/wp-json\/wp\/v2\/comments?post=17827"}],"version-history":[{"count":0,"href":"https:\/\/by-tv.co.uk\/en\/wp-json\/wp\/v2\/posts\/17827\/revisions"}],"wp:featuredmedia":[{"embeddable":true,"href":"https:\/\/by-tv.co.uk\/en\/wp-json\/wp\/v2\/media\/15904"}],"wp:attachment":[{"href":"https:\/\/by-tv.co.uk\/en\/wp-json\/wp\/v2\/media?parent=17827"}],"wp:term":[{"taxonomy":"category","embeddable":true,"href":"https:\/\/by-tv.co.uk\/en\/wp-json\/wp\/v2\/categories?post=17827"},{"taxonomy":"post_tag","embeddable":true,"href":"https:\/\/by-tv.co.uk\/en\/wp-json\/wp\/v2\/tags?post=17827"}],"curies":[{"name":"wp","href":"https:\/\/api.w.org\/{rel}","templated":true}]}}