{"id":17734,"date":"2022-11-09T10:39:08","date_gmt":"2022-11-09T10:39:08","guid":{"rendered":"https:\/\/by-tv.co.uk\/?p=17734"},"modified":"2022-11-09T10:45:15","modified_gmt":"2022-11-09T10:45:15","slug":"turkiyenin-onemli-turizm-kuruluslari-wtm-londonda","status":"publish","type":"post","link":"https:\/\/by-tv.co.uk\/en\/turkiyenin-onemli-turizm-kuruluslari-wtm-londonda\/","title":{"rendered":"T\u00fcrkiye&#8217;nin \u00f6nemli turizm kurulu\u015flar\u0131 WTM London&#8217;da"},"content":{"rendered":"<p>Turizm sekt\u00f6r\u00fcn\u00fcn en \u00f6nemli bulu\u015fma noktalar\u0131ndan biri olarak kabul edilen WTM&nbsp; Uluslararas\u0131&nbsp; Turizm Fuar\u0131 (World Travel Market) Londra\u2019da devam ediyor. Bu seneki WTM London pandemi sonras\u0131 yap\u0131lan en yo\u011fun fuarlardan biri oldu.<\/p>\n<p>\u0130ngiltere\u2019nin ba\u015fkenti Londra\u2019da d\u00fczenlenen WTM 2022 (D\u00fcnya Seyahat Pazar\u0131) Uluslararas\u0131 Turizm Fuar\u0131\u2019na d\u00fcnyan\u0131n \u00f6nemli turizm merkezleri kat\u0131l\u0131yor. 7 Kas\u0131m\u2019da ba\u015flayan fuar bug\u00fcn de devam ediyor.<\/p>\n<p>T\u00fcrkiye&#8217;nin Londra K\u00fclt\u00fcr ve Tan\u0131t\u0131m M\u00fc\u015faviri Arzu Y\u0131lmaz fuar hakk\u0131nda bilgiler payla\u015ft\u0131. Y\u0131lmaz, T\u00fcrkiye Turizm Geli\u015ftirme Ajans\u0131 arac\u0131l\u0131\u011f\u0131yla 600 metrekarelik bir standla T\u00fcrkiye&#8217;nin temsil edildi\u011fini anlatt\u0131.&nbsp; Bu alanda \u0130l m\u00fcd\u00fcrl\u00fckleri, birlikler ve \u00f6zel firmalardan&nbsp; olu\u015fan 57 kurulu\u015f Londra&#8217;da tan\u0131t\u0131mlar\u0131 \u00fcstleniyor.<\/p><div id=\"briti-4164028013\" class=\"briti-icerik\" style=\"margin-top: 5px;margin-bottom: 5px;\"><a href=\"https:\/\/piaryum.com\/services\/\" aria-label=\"piaryum banner\"><img loading=\"lazy\" decoding=\"async\" src=\"https:\/\/by-tv.co.uk\/wp-content\/uploads\/2025\/12\/Gemini_Generated_Image_g5yqr1g5yqr1g5yq.jpg\" alt=\"\"  width=\"2064\" height=\"1152\"   \/><\/a><\/div>\n<h4>Fuarda T\u00fcrkiye\u2019den de altm\u0131\u015fa yak\u0131n kurulu\u015f kat\u0131l\u0131yor.<\/h4>\n<blockquote class=\"twitter-tweet\">\n<p dir=\"ltr\" lang=\"tr\">\u26f5\ufe0f\ud83d\udee5\ufe0f\u2600\ufe0f\u0130ngiltere\u2019nin ba\u015fkenti Londra\u2019da d\u00fczenlenen <a href=\"https:\/\/twitter.com\/hashtag\/WTM2022?src=hash&amp;ref_src=twsrc%5Etfw\" target=\"_blank\" rel=\"noopener\">#WTM2022<\/a> Uluslararas\u0131 Turizm Fuar\u0131\u2019na T\u00fcrkiye&#8217;den 60&#8217;a yak\u0131n kurulu\u015f kat\u0131l\u0131yor.<\/p>\n<p>\ud83d\udcacT\u00fcrkiye&#8217;nin Londra K\u00fclt\u00fcr ve Tan\u0131t\u0131m M\u00fc\u015faviri Arzu Y\u0131lmaz fuar hakk\u0131nda bilgiler payla\u015ft\u0131. <a href=\"https:\/\/twitter.com\/hashtag\/wtmlondon?src=hash&amp;ref_src=twsrc%5Etfw\" target=\"_blank\" rel=\"noopener\">#wtmlondon<\/a> <a href=\"https:\/\/twitter.com\/hashtag\/wtmlondon2022?src=hash&amp;ref_src=twsrc%5Etfw\" target=\"_blank\" rel=\"noopener\">#wtmlondon2022<\/a> <a href=\"https:\/\/t.co\/FErx7h9JTm\">https:\/\/t.co\/FErx7h9JTm<\/a> <a href=\"https:\/\/t.co\/eIwqOUMKde\">pic.twitter.com\/eIwqOUMKde<\/a><\/p>\n<p>\u2014 British Ya\u015fam TV \ud83c\uddec\ud83c\udde7\ud83c\uddf9\ud83c\uddf7 (@BritishYasamTv) <a href=\"https:\/\/twitter.com\/BritishYasamTv\/status\/1590294314956906496?ref_src=twsrc%5Etfw\" target=\"_blank\" rel=\"noopener\">November 9, 2022<\/a><\/p><\/blockquote>\n<p><script async=\"\" src=\"https:\/\/platform.twitter.com\/widgets.js\" charset=\"utf-8\"><\/script><\/p>\n<p>T\u00fcrkiye\u2019nin tan\u0131t\u0131m\u0131n\u0131n yap\u0131ld\u0131\u011f\u0131 stantlar\u0131 ziyaret etti. K\u00fclt\u00fcr ve Turizm Bakan\u0131 Mehmet Nuri Ersoy ve Antalya B\u00fcy\u00fck\u015fehir Belediye Ba\u015fkan\u0131 Muhittin B\u00f6cek de fuar\u0131 ziyaret edenler aras\u0131nda yer ald\u0131.<\/p>\n<p>Bakan Ersoy, \u0130ngiltere\u2019den T\u00fcrkiye\u2019ye gelen ziyaret\u00e7i say\u0131s\u0131na ili\u015fkin, \u201cBu sene i\u00e7in biz \u00e7ok iddial\u0131 bir hedef koymu\u015ftuk. 3,5 milyon gibi bir iddiam\u0131z vard\u0131. \u0130n\u015fallah y\u0131l sonunda, 2022 sonunda bu 3,5 milyon hedefini yakalam\u0131\u015f olaca\u011f\u0131z.\u201d dedi.<\/p>\n<p>Ersoy, fuarda bas\u0131n mensuplar\u0131na yapt\u0131\u011f\u0131 a\u00e7\u0131klamada, Kovid-19 salg\u0131n\u0131 \u00f6ncesinde, \u0130ngiltere\u2019den T\u00fcrkiye\u2019ye gelen ziyaret\u00e7i say\u0131s\u0131nda en fazla rakama 2019 y\u0131l\u0131nda ula\u015f\u0131ld\u0131\u011f\u0131n\u0131 ve T\u00fcrkiye\u2019nin \u0130ngiltere pazar\u0131ndan 2,5 milyon ziyaret\u00e7i ald\u0131\u011f\u0131n\u0131 belirtti.<\/p>\n<p>Fuar\u0131 180 \u00fclkeden 5 bin standl\u0131 kat\u0131l\u0131mc\u0131 ve 50 binin \u00fczerinde turizm profesyonelinin ziyaret etmesi bekleniyor. Turizm sekt\u00f6r\u00fc a\u00e7\u0131s\u0131ndan b\u00fcy\u00fck \u00f6nem ta\u015f\u0131yan WTM Uluslararas\u0131 Turizm Fuar\u0131, gelecek y\u0131la y\u00f6nelik i\u015f beklentilerinin de\u011ferlendirildi\u011fi ve sekt\u00f6r\u00fcn gelecek d\u00f6nem vizyonlar\u0131n\u0131 belirleyen konferanslara ev sahipli\u011fi yapan prestijli bir etkinlik olarak kabul g\u00f6r\u00fcyor. Fuara ili\u015fkin bir de\u011ferlendirme yapan T\u00dcROB Ba\u015fkan Yard\u0131mc\u0131s\u0131 M\u00fcberra Eresin, fuar s\u0131ras\u0131nda ger\u00e7ekle\u015ftirilecek temas ve g\u00f6zlemler ile 2017 y\u0131l\u0131na ili\u015fkin do\u011fru \u00f6ng\u00f6r\u00fc, planlama, ileti\u015fim ve #pazarlama stratejilerini geli\u015ftireceklerini belirtti.<\/p>\n<div id=\"briti-757533861\" class=\"briti-icerikten-sonra_2\" style=\"margin-top: 25px;margin-bottom: 25px;\"><a href=\"https:\/\/wa.me\/message\/NDZLLIOQT4H3O1\" aria-label=\"bytv reklam banner\"><img loading=\"lazy\" decoding=\"async\" src=\"https:\/\/by-tv.co.uk\/wp-content\/uploads\/2025\/12\/bytv-reklam-banner.jpg\" alt=\"\"  width=\"2376\" height=\"1008\"   \/><\/a><\/div>","protected":false},"excerpt":{"rendered":"<p>Turizm sekt\u00f6r\u00fcn\u00fcn en \u00f6nemli bulu\u015fma noktalar\u0131ndan biri olarak kabul edilen WTM&nbsp; Uluslararas\u0131&nbsp; Turizm Fuar\u0131 (World Travel Market) Londra\u2019da devam ediyor. Bu seneki WTM London pandemi sonras\u0131 yap\u0131lan en yo\u011fun fuarlardan biri oldu. \u0130ngiltere\u2019nin ba\u015fkenti Londra\u2019da d\u00fczenlenen WTM 2022 (D\u00fcnya Seyahat Pazar\u0131) Uluslararas\u0131 Turizm Fuar\u0131\u2019na d\u00fcnyan\u0131n \u00f6nemli turizm merkezleri kat\u0131l\u0131yor. 7 Kas\u0131m\u2019da ba\u015flayan fuar bug\u00fcn de devam ediyor. T\u00fcrkiye&#8217;nin Londra K\u00fclt\u00fcr ve Tan\u0131t\u0131m M\u00fc\u015faviri Arzu Y\u0131lmaz fuar hakk\u0131nda bilgiler payla\u015ft\u0131. Y\u0131lmaz, T\u00fcrkiye Turizm Geli\u015ftirme Ajans\u0131 arac\u0131l\u0131\u011f\u0131yla 600 metrekarelik bir standla T\u00fcrkiye&#8217;nin temsil edildi\u011fini anlatt\u0131.&nbsp; Bu alanda \u0130l m\u00fcd\u00fcrl\u00fckleri, birlikler ve \u00f6zel firmalardan&nbsp; olu\u015fan 57 kurulu\u015f Londra&#8217;da tan\u0131t\u0131mlar\u0131 \u00fcstleniyor. Fuarda T\u00fcrkiye\u2019den de [&hellip;]<\/p>\n","protected":false},"author":1,"featured_media":0,"comment_status":"open","ping_status":"open","sticky":false,"template":"","format":"standard","meta":{"ngg_post_thumbnail":0,"footnotes":""},"categories":[15],"tags":[],"class_list":["post-17734","post","type-post","status-publish","format-standard","hentry","category-ingiltere"],"_links":{"self":[{"href":"https:\/\/by-tv.co.uk\/en\/wp-json\/wp\/v2\/posts\/17734","targetHints":{"allow":["GET"]}}],"collection":[{"href":"https:\/\/by-tv.co.uk\/en\/wp-json\/wp\/v2\/posts"}],"about":[{"href":"https:\/\/by-tv.co.uk\/en\/wp-json\/wp\/v2\/types\/post"}],"author":[{"embeddable":true,"href":"https:\/\/by-tv.co.uk\/en\/wp-json\/wp\/v2\/users\/1"}],"replies":[{"embeddable":true,"href":"https:\/\/by-tv.co.uk\/en\/wp-json\/wp\/v2\/comments?post=17734"}],"version-history":[{"count":0,"href":"https:\/\/by-tv.co.uk\/en\/wp-json\/wp\/v2\/posts\/17734\/revisions"}],"wp:attachment":[{"href":"https:\/\/by-tv.co.uk\/en\/wp-json\/wp\/v2\/media?parent=17734"}],"wp:term":[{"taxonomy":"category","embeddable":true,"href":"https:\/\/by-tv.co.uk\/en\/wp-json\/wp\/v2\/categories?post=17734"},{"taxonomy":"post_tag","embeddable":true,"href":"https:\/\/by-tv.co.uk\/en\/wp-json\/wp\/v2\/tags?post=17734"}],"curies":[{"name":"wp","href":"https:\/\/api.w.org\/{rel}","templated":true}]}}