{"id":17477,"date":"2022-10-23T11:24:11","date_gmt":"2022-10-23T10:24:11","guid":{"rendered":"https:\/\/by-tv.co.uk\/?p=17477"},"modified":"2022-10-23T11:50:10","modified_gmt":"2022-10-23T10:50:10","slug":"eski-maliye-bakani-rishi-sunak-muhafazakar-partinin-lideri-ve-basbakani-olmak-icin-adayligini-acikladi","status":"publish","type":"post","link":"https:\/\/by-tv.co.uk\/en\/eski-maliye-bakani-rishi-sunak-muhafazakar-partinin-lideri-ve-basbakani-olmak-icin-adayligini-acikladi\/","title":{"rendered":"Eski Maliye Bakan\u0131 Rishi Sunak, Muhafazakar Parti&#8217;nin lideri ve ba\u015fbakan\u0131 olmak i\u00e7in adayl\u0131\u011f\u0131n\u0131 a\u00e7\u0131klad\u0131"},"content":{"rendered":"<p>Eski \u015eans\u00f6lye Rishi Sunak, Muhafazakar Parti&#8217;nin lideri ve ba\u015fbakan olmak i\u00e7in aday oldu\u011funu do\u011frulad\u0131.<\/p>\n<p>Boris Johnson&#8217;\u0131n ba\u015fbakanl\u0131\u011f\u0131 d\u00f6neminde maliye bakan\u0131 olan ve istifas\u0131yla Johnson&#8217;\u0131n da istifas\u0131na giden s\u00fcreci ba\u015flatan Rishi Sunak, Per\u015fembe g\u00fcn\u00fc istifa edece\u011fini a\u00e7\u0131klayan Ba\u015fbakan Liz Truss&#8217;\u0131n koltu\u011fu i\u00e7in ba\u015fbakanl\u0131\u011fa aday oldu\u011funu resmen a\u00e7\u0131klad\u0131:<\/p>\n<p>&#8220;Birle\u015fik Krall\u0131k b\u00fcy\u00fck bir \u00fclke ancak derin bir ekonomik krizle kar\u015f\u0131 kar\u015f\u0131yay\u0131z. Bu sebeple Muhafazakar Parti&#8217;nin lideri ve \u00fclkenin bir sonraki ba\u015fbakan\u0131 olmak \u00fczere adayl\u0131\u011f\u0131m\u0131 koyuyorum.&#8221;<\/p><div id=\"briti-3168495670\" class=\"briti-icerik\" style=\"margin-top: 5px;margin-bottom: 5px;\"><a href=\"https:\/\/piaryum.com\/services\/\" aria-label=\"piaryum banner\"><img loading=\"lazy\" decoding=\"async\" src=\"https:\/\/by-tv.co.uk\/wp-content\/uploads\/2025\/12\/Gemini_Generated_Image_g5yqr1g5yqr1g5yq.jpg\" alt=\"\"  width=\"2064\" height=\"1152\"   \/><\/a><\/div>\n<blockquote class=\"twitter-tweet\">\n<p dir=\"ltr\" lang=\"en\">The United Kingdom is a great country but we face a profound economic crisis.<\/p>\n<p>That\u2019s why I am standing to be Leader of the Conservative Party and your next Prime Minister.<\/p>\n<p>I want to fix our economy, unite our Party and deliver for our country. <a href=\"https:\/\/t.co\/BppG9CytAK\">pic.twitter.com\/BppG9CytAK<\/a><\/p>\n<p>\u2014 Rishi Sunak (@RishiSunak) <a href=\"https:\/\/twitter.com\/RishiSunak\/status\/1584114970723512321?ref_src=twsrc%5Etfw\" target=\"_blank\" rel=\"noopener\">October 23, 2022<\/a><\/p><\/blockquote>\n<p><script async=\"\" src=\"https:\/\/platform.twitter.com\/widgets.js\" charset=\"utf-8\"><\/script><br \/>\nBu sefer parti lideri ve \u00fclkenin ba\u015fbakan\u0131 olmak isteyen adaylar\u0131n yar\u0131\u015fa girmesi i\u00e7in 100 milletvekilinin deste\u011fini almas\u0131 \u015fart\u0131 ko\u015fuldu. BBC&#8217;nin hangi milletvekilinin hangi ismi destekledi\u011fi ile ilgili listesinde \u015fu anda Sunak i\u00e7in 133, Johnson i\u00e7in 55 ve Penny Mordaunt i\u00e7in 23 milletvekili&nbsp; deste\u011fini a\u00e7\u0131klad\u0131.&nbsp;&nbsp;<\/p>\n<p>Adaylardan Penny Mordaunt, Laura Kuenssberg ile Pazar g\u00fcn\u00fc yapt\u0131\u011f\u0131 a\u00e7\u0131klamada, Liz Truss&#8217;un mini b\u00fct\u00e7esinden pi\u015fman oldu\u011funu ve Jeremy Hunt&#8217;\u0131 \u015fans\u00f6lye olarak tutaca\u011f\u0131n\u0131 s\u00f6yledi.<\/p>\n<p>\u00d6te yandan \u0130\u00e7i\u015fleri Bakan\u0131 Grant Shapps &#8220;Bu zorlu zamanlarda istikrar\u0131 sa\u011flayabilecek ve ekonomik yeterlili\u011fini kan\u0131tlanm\u0131\u015f&nbsp; birine ihtiyac\u0131m\u0131z var ve<br \/>\no ki\u015fi Rishi Sunak&#8217;t\u0131r. Bu y\u00fczden Muhafazakar liderlik yar\u0131\u015fmas\u0131nda onu destekliyorum.&#8221; dedi.<\/p>\n<p>Eski i\u00e7i\u015fleri bakan\u0131 Priti Patel ve Nadhim Zahawi Boris Johnson&#8217;\u0131 destekliyor. Boris Johnson&#8217;\u0131n eski yard\u0131mc\u0131s\u0131 Dominic Raab, d\u00fcn Rishi Sunak&#8217;a destek s\u00f6z\u00fc verdi ve Partygate soru\u015fturmas\u0131 devam ederken Johnson&#8217;\u0131 ba\u015fbakan olarak destekleyemeyece\u011fini s\u00f6yledi. Sunak&#8217;a, Sajid Javid, Steve Baker ve Kemi Badenoch gibi &#8220;b\u00fcy\u00fck isimler&#8221; de dahil olmak \u00fczere Johnson&#8217;dan iki kat daha fazla destek veren insan say\u0131s\u0131na sahip oldu\u011funu s\u00f6yledi.<\/p>\n<div id=\"briti-4265530351\" class=\"briti-icerikten-sonra_2\" style=\"margin-top: 25px;margin-bottom: 25px;\"><a href=\"https:\/\/wa.me\/message\/NDZLLIOQT4H3O1\" aria-label=\"bytv reklam banner\"><img loading=\"lazy\" decoding=\"async\" src=\"https:\/\/by-tv.co.uk\/wp-content\/uploads\/2025\/12\/bytv-reklam-banner.jpg\" alt=\"\"  width=\"2376\" height=\"1008\"   \/><\/a><\/div>","protected":false},"excerpt":{"rendered":"<p>Eski \u015eans\u00f6lye Rishi Sunak, Muhafazakar Parti&#8217;nin lideri ve ba\u015fbakan olmak i\u00e7in aday oldu\u011funu do\u011frulad\u0131. Boris Johnson&#8217;\u0131n ba\u015fbakanl\u0131\u011f\u0131 d\u00f6neminde maliye bakan\u0131 olan ve istifas\u0131yla Johnson&#8217;\u0131n da istifas\u0131na giden s\u00fcreci ba\u015flatan Rishi Sunak, Per\u015fembe g\u00fcn\u00fc istifa edece\u011fini a\u00e7\u0131klayan Ba\u015fbakan Liz Truss&#8217;\u0131n koltu\u011fu i\u00e7in ba\u015fbakanl\u0131\u011fa aday oldu\u011funu resmen a\u00e7\u0131klad\u0131: &#8220;Birle\u015fik Krall\u0131k b\u00fcy\u00fck bir \u00fclke ancak derin bir ekonomik krizle kar\u015f\u0131 kar\u015f\u0131yay\u0131z. Bu sebeple Muhafazakar Parti&#8217;nin lideri ve \u00fclkenin bir sonraki ba\u015fbakan\u0131 olmak \u00fczere adayl\u0131\u011f\u0131m\u0131 koyuyorum.&#8221; The United Kingdom is a great country but we face a profound economic crisis. That\u2019s why I am standing to be Leader of the Conservative Party and your [&hellip;]<\/p>\n","protected":false},"author":1,"featured_media":0,"comment_status":"open","ping_status":"open","sticky":false,"template":"","format":"standard","meta":{"ngg_post_thumbnail":0,"footnotes":""},"categories":[15],"tags":[],"class_list":["post-17477","post","type-post","status-publish","format-standard","hentry","category-ingiltere"],"_links":{"self":[{"href":"https:\/\/by-tv.co.uk\/en\/wp-json\/wp\/v2\/posts\/17477","targetHints":{"allow":["GET"]}}],"collection":[{"href":"https:\/\/by-tv.co.uk\/en\/wp-json\/wp\/v2\/posts"}],"about":[{"href":"https:\/\/by-tv.co.uk\/en\/wp-json\/wp\/v2\/types\/post"}],"author":[{"embeddable":true,"href":"https:\/\/by-tv.co.uk\/en\/wp-json\/wp\/v2\/users\/1"}],"replies":[{"embeddable":true,"href":"https:\/\/by-tv.co.uk\/en\/wp-json\/wp\/v2\/comments?post=17477"}],"version-history":[{"count":0,"href":"https:\/\/by-tv.co.uk\/en\/wp-json\/wp\/v2\/posts\/17477\/revisions"}],"wp:attachment":[{"href":"https:\/\/by-tv.co.uk\/en\/wp-json\/wp\/v2\/media?parent=17477"}],"wp:term":[{"taxonomy":"category","embeddable":true,"href":"https:\/\/by-tv.co.uk\/en\/wp-json\/wp\/v2\/categories?post=17477"},{"taxonomy":"post_tag","embeddable":true,"href":"https:\/\/by-tv.co.uk\/en\/wp-json\/wp\/v2\/tags?post=17477"}],"curies":[{"name":"wp","href":"https:\/\/api.w.org\/{rel}","templated":true}]}}