{"id":17213,"date":"2022-10-03T19:18:05","date_gmt":"2022-10-03T18:18:05","guid":{"rendered":"https:\/\/by-tv.co.uk\/?p=17213"},"modified":"2022-10-03T19:18:05","modified_gmt":"2022-10-03T18:18:05","slug":"ingiltere-icisleri-bakani-suella-braverman-ingiltereye-gocu-azaltma-planina-sadik-kalmayi-hedeflediklerini-acikladi","status":"publish","type":"post","link":"https:\/\/by-tv.co.uk\/en\/ingiltere-icisleri-bakani-suella-braverman-ingiltereye-gocu-azaltma-planina-sadik-kalmayi-hedeflediklerini-acikladi\/","title":{"rendered":"\u0130ngiltere \u0130\u00e7i\u015fleri Bakan\u0131 Suella Braverman \u0130ngiltere&#8217;ye g\u00f6\u00e7\u00fc azaltma plan\u0131na sad\u0131k kalmay\u0131 hedeflediklerini a\u00e7\u0131klad\u0131"},"content":{"rendered":"<p>\u0130ngiltere\u2019nin yeni \u0130\u00e7i\u015fleri Bakan\u0131 Suella Braverman, \u0130ngiltere\u2019nin \u00e7ok say\u0131da d\u00fc\u015f\u00fck vas\u0131fl\u0131 g\u00f6\u00e7men i\u015f\u00e7i ve uluslararas\u0131 \u00f6\u011frenciye sahip oldu\u011funu belirterek, bu ki\u015filerin \u00e7o\u011funun \u00fclkeye geldiklerin yanlar\u0131nda \u201cba\u011f\u0131ml\u0131\u201d ki\u015filer getirdi\u011fini \u00f6ne s\u00fcrd\u00fc.<\/p>\n<p>The Sun\u2019a konu\u015fan Liz Truss h\u00fck\u00fcmetinin \u0130\u00e7i\u015fleri Bakan\u0131 Braverman, iktidardaki Muhafazakar Parti\u2019nin 2019 y\u0131l\u0131ndaki se\u00e7im vaatleri aras\u0131nda bulunan, \u0130ngiltere&#8217;ye g\u00f6\u00e7\u00fc azaltma plan\u0131na sad\u0131k kalmay\u0131 hedeflediklerini a\u00e7\u0131klad\u0131.<\/p>\n<h4>Kabinede g\u00f6\u00e7men politikas\u0131 konusunda kafalar kar\u0131\u015f\u0131k<\/h4>\n<p>Truss h\u00fck\u00fcmetinin Maliye Bakan\u0131 Kwasi Kwarteng ge\u00e7en hafta yapt\u0131\u011f\u0131 a\u00e7\u0131klamada, Braverman\u2019\u0131n tersine g\u00f6\u00e7 politikas\u0131n\u0131 esnetmek i\u00e7in tekrar g\u00f6zden ge\u00e7irilmesi gerekti\u011fini s\u00f6ylemi\u015fti. Kwarteng, Brexit\u2019in ard\u0131ndan \u00f6zellikle d\u00fc\u015f\u00fck \u00fccretli i\u015fler i\u00e7in k\u0131s\u0131tlamalar\u0131n \u00e7ok fazla oldu\u011fu y\u00f6n\u00fcnde \u015fikayetler ald\u0131klar\u0131n\u0131 ve h\u00fck\u00fcmetin ekonomik b\u00fcy\u00fcme plan\u0131n\u0131n bir par\u00e7as\u0131 olarak g\u00f6\u00e7 k\u0131s\u0131tlamalar\u0131n\u0131 esnetebilece\u011fini belirtmi\u015fti.<\/p><div id=\"briti-2033012566\" class=\"briti-icerik\" style=\"margin-top: 5px;margin-bottom: 5px;\"><a href=\"https:\/\/piaryum.com\/services\/\" aria-label=\"piaryum banner\"><img loading=\"lazy\" decoding=\"async\" src=\"https:\/\/by-tv.co.uk\/wp-content\/uploads\/2025\/12\/Gemini_Generated_Image_g5yqr1g5yqr1g5yq.jpg\" alt=\"\"  width=\"2064\" height=\"1152\"   \/><\/a><\/div>\n<p>Ancak \u0130\u00e7i\u015fleri Bakan\u0131 Braverman, \u00fclkeye g\u00f6\u00e7\u00fc azaltman\u0131n Liz Truss\u2019\u0131n t\u00fcm bakanlarla payla\u015ft\u0131\u011f\u0131 bir hedef oldu\u011funu s\u00f6yledi. Braverman, \u201cElimizde bu \u00fclkeye \u00e7ok fazla d\u00fc\u015f\u00fck vas\u0131fl\u0131 i\u015f\u00e7i geliyor. Ayr\u0131ca bu \u00fclkeye gelen \u00e7ok say\u0131da \u00f6\u011frencimiz var ve ger\u00e7ekten \u00e7ok say\u0131da ba\u011f\u0131ml\u0131m\u0131z var\u201d g\u00f6r\u00fc\u015f\u00fcn\u00fc dile getirdi.<\/p>\n<p>G\u00f6\u00e7menlerin \u0130ngiltere\u2019ye geldikten sonra ya \u00e7al\u0131\u015fmad\u0131klar\u0131n\u0131 ya da d\u00fc\u015f\u00fck vas\u0131fl\u0131 i\u015flerde \u00e7al\u0131\u015ft\u0131klar\u0131ndan \u015fikayet eden Braverman, \u201cEkonomimizi b\u00fcy\u00fctmeye katk\u0131da bulunmuyorlar\u201d diyerek g\u00f6r\u00fc\u015f\u00fcn\u00fc belirtti.<\/p>\n<p>Braverman ayr\u0131ca g\u00f6\u00e7menlerin s\u0131n\u0131r d\u0131\u015f\u0131 edildikten sonra itiraz etme haklar\u0131n\u0131 engelleyici bir tasar\u0131 \u00fczerinde \u00e7al\u0131\u015f\u0131ld\u0131\u011f\u0131n\u0131 s\u00f6zlerine ekledi. Braverman\u2019\u0131n kendisi de Hindistan k\u00f6kenli bir aileden geliyor. 1960\u2019larda Hindistan\u2019dan Kenya ve Mauritius\u2019a, oralardan da \u0130ngiltere\u2019ye g\u00f6\u00e7 eden Braverman ailesinin k\u0131zlar\u0131 Suella, \u0130ngiltere\u2019de do\u011fdu.<\/p>\n<p>\u0130ngiltere\u2019nin Avrupa Birli\u011fi\u2019nden ayr\u0131lmas\u0131n\u0131n ard\u0131ndan, \u00fclkedeki AB \u00fclkelerinden i\u015f\u00e7ilerin say\u0131s\u0131nda ciddi bir d\u00fc\u015f\u00fc\u015f ya\u015fand\u0131. Ancak \u0130ngiltere \u00e7\u00f6z\u00fcm\u00fc, AB d\u0131\u015f\u0131 \u00fclkelerden, \u00f6zellikle Hindistan\u2019dan gelen i\u015f\u00e7ilerle kapatmaya \u00e7al\u0131\u015ft\u0131.<\/p>\n<p>\u0130ngiltere Ulusal \u0130statistik Ofisi\u2019nin verilerine g\u00f6re, Haziran 2020\u2019den Haziran 2021\u2019e kadar olan d\u00f6nemde \u00fclkeye g\u00f6\u00e7 \u00f6den ki\u015fi say\u0131s\u0131 239 bin oldu. (SOL)<\/p>\n<p>&nbsp;<\/p>\n<p>&nbsp;<\/p>\n<div id=\"briti-2894196326\" class=\"briti-icerikten-sonra_2\" style=\"margin-top: 25px;margin-bottom: 25px;\"><a href=\"https:\/\/wa.me\/message\/NDZLLIOQT4H3O1\" aria-label=\"bytv reklam banner\"><img loading=\"lazy\" decoding=\"async\" src=\"https:\/\/by-tv.co.uk\/wp-content\/uploads\/2025\/12\/bytv-reklam-banner.jpg\" alt=\"\"  width=\"2376\" height=\"1008\"   \/><\/a><\/div>","protected":false},"excerpt":{"rendered":"<p>\u0130ngiltere\u2019nin yeni \u0130\u00e7i\u015fleri Bakan\u0131 Suella Braverman, \u0130ngiltere\u2019nin \u00e7ok say\u0131da d\u00fc\u015f\u00fck vas\u0131fl\u0131 g\u00f6\u00e7men i\u015f\u00e7i ve uluslararas\u0131 \u00f6\u011frenciye sahip oldu\u011funu belirterek, bu ki\u015filerin \u00e7o\u011funun \u00fclkeye geldiklerin yanlar\u0131nda \u201cba\u011f\u0131ml\u0131\u201d ki\u015filer getirdi\u011fini \u00f6ne s\u00fcrd\u00fc. The Sun\u2019a konu\u015fan Liz Truss h\u00fck\u00fcmetinin \u0130\u00e7i\u015fleri Bakan\u0131 Braverman, iktidardaki Muhafazakar Parti\u2019nin 2019 y\u0131l\u0131ndaki se\u00e7im vaatleri aras\u0131nda bulunan, \u0130ngiltere&#8217;ye g\u00f6\u00e7\u00fc azaltma plan\u0131na sad\u0131k kalmay\u0131 hedeflediklerini a\u00e7\u0131klad\u0131. Kabinede g\u00f6\u00e7men politikas\u0131 konusunda kafalar kar\u0131\u015f\u0131k Truss h\u00fck\u00fcmetinin Maliye Bakan\u0131 Kwasi Kwarteng ge\u00e7en hafta yapt\u0131\u011f\u0131 a\u00e7\u0131klamada, Braverman\u2019\u0131n tersine g\u00f6\u00e7 politikas\u0131n\u0131 esnetmek i\u00e7in tekrar g\u00f6zden ge\u00e7irilmesi gerekti\u011fini s\u00f6ylemi\u015fti. Kwarteng, Brexit\u2019in ard\u0131ndan \u00f6zellikle d\u00fc\u015f\u00fck \u00fccretli i\u015fler i\u00e7in k\u0131s\u0131tlamalar\u0131n \u00e7ok fazla oldu\u011fu y\u00f6n\u00fcnde \u015fikayetler ald\u0131klar\u0131n\u0131 ve h\u00fck\u00fcmetin [&hellip;]<\/p>\n","protected":false},"author":1,"featured_media":0,"comment_status":"open","ping_status":"open","sticky":false,"template":"","format":"standard","meta":{"ngg_post_thumbnail":0,"footnotes":""},"categories":[1],"tags":[4607,149,4606],"class_list":["post-17213","post","type-post","status-publish","format-standard","hentry","category-genel","tag-gocu-azaltma-plani","tag-ingiltere","tag-ingiltereye-goc"],"_links":{"self":[{"href":"https:\/\/by-tv.co.uk\/en\/wp-json\/wp\/v2\/posts\/17213","targetHints":{"allow":["GET"]}}],"collection":[{"href":"https:\/\/by-tv.co.uk\/en\/wp-json\/wp\/v2\/posts"}],"about":[{"href":"https:\/\/by-tv.co.uk\/en\/wp-json\/wp\/v2\/types\/post"}],"author":[{"embeddable":true,"href":"https:\/\/by-tv.co.uk\/en\/wp-json\/wp\/v2\/users\/1"}],"replies":[{"embeddable":true,"href":"https:\/\/by-tv.co.uk\/en\/wp-json\/wp\/v2\/comments?post=17213"}],"version-history":[{"count":0,"href":"https:\/\/by-tv.co.uk\/en\/wp-json\/wp\/v2\/posts\/17213\/revisions"}],"wp:attachment":[{"href":"https:\/\/by-tv.co.uk\/en\/wp-json\/wp\/v2\/media?parent=17213"}],"wp:term":[{"taxonomy":"category","embeddable":true,"href":"https:\/\/by-tv.co.uk\/en\/wp-json\/wp\/v2\/categories?post=17213"},{"taxonomy":"post_tag","embeddable":true,"href":"https:\/\/by-tv.co.uk\/en\/wp-json\/wp\/v2\/tags?post=17213"}],"curies":[{"name":"wp","href":"https:\/\/api.w.org\/{rel}","templated":true}]}}