{"id":17203,"date":"2022-10-02T00:51:29","date_gmt":"2022-10-01T23:51:29","guid":{"rendered":"https:\/\/by-tv.co.uk\/?p=17203"},"modified":"2022-10-02T00:51:29","modified_gmt":"2022-10-01T23:51:29","slug":"ingilterede-yasam-maliyetleri-ve-yetersiz-ucret-artislari-bircok-kentte-protesto-edildi","status":"publish","type":"post","link":"https:\/\/by-tv.co.uk\/en\/ingilterede-yasam-maliyetleri-ve-yetersiz-ucret-artislari-bircok-kentte-protesto-edildi\/","title":{"rendered":"\u0130ngiltere&#8217;de ya\u015fam maliyetleri ve yetersiz \u00fccret art\u0131\u015flar\u0131 bir\u00e7ok kentte protesto edildi"},"content":{"rendered":"<p>\u0130ngiltere\u2019de art\u0131\u015f g\u00f6steren ya\u015fam giderleri, gaz ve elektrik fiyatlar\u0131 ve yetersiz \u00fccret art\u0131\u015flar\u0131 ba\u015fkent Londra olmak \u00fczere bir \u00e7ok yerde protesto edildi.<\/p>\n<p>Artan ya\u015fam maliyetine yan\u0131t olarak kurulan bir kampanya grubu Enough is Enough, \u0130ngiltere&#8217;deki farkl\u0131 \u015fehirlerde etkinlikler d\u00fczenledi.<\/p>\n<p>Binlerce ki\u015fi Londra\u2019daki King\u2019s Cross \u0130stasyonu\u2019nun \u00f6n\u00fcnde bir araya gelip h\u00fck\u00fcmeti protesto etti.<\/p><div id=\"briti-1027196124\" class=\"briti-icerik\" style=\"margin-top: 5px;margin-bottom: 5px;\"><a href=\"https:\/\/piaryum.com\/services\/\" aria-label=\"piaryum banner\"><img loading=\"lazy\" decoding=\"async\" src=\"https:\/\/by-tv.co.uk\/wp-content\/uploads\/2025\/12\/Gemini_Generated_Image_g5yqr1g5yqr1g5yq.jpg\" alt=\"\"  width=\"2064\" height=\"1152\"   \/><\/a><\/div>\n<p>Fiyat art\u0131\u015flar\u0131n\u0131n ve \u00fccretlerdeki yetersizli\u011fin sebebi olarak g\u00f6rd\u00fckleri iktidardaki Muhafazakar Parti\u2019ye istifa \u00e7a\u011fr\u0131s\u0131nda bulunan g\u00f6stericiler ellerinde \u201cFaturalar\u0131 \u00f6demeyin\u201d, \u201cYeter art\u0131k\u201d ve \u201cgrevleri destekleyin\u201d yaz\u0131l\u0131 pankart ta\u015f\u0131d\u0131lar<\/p>\n<p>G\u00f6stericiler burada yap\u0131lan konu\u015fmalar\u0131n ard\u0131ndan Parlamento Meydan\u0131\u2019na do\u011fru y\u00fcr\u00fcy\u00fc\u015fe ge\u00e7ti.<\/p>\n<p>\u00d6te yandan \u201cDon\u2019t Pay\u201d adl\u0131 giri\u015fim buradan vatanda\u015flara elektrik ve gaz fiyatlar\u0131ndaki art\u0131\u015f\u0131 protesto etmek i\u00e7in \u201cfaturalar\u0131n\u0131z\u0131 \u00f6demeyin\u201d \u00e7a\u011fr\u0131s\u0131nda da bulundu.<\/p>\n<p>Y\u00fcr\u00fcy\u00fc\u015f\u00fcn yap\u0131ld\u0131\u011f\u0131 ba\u015fkent Londra\u2019n\u0131n merkezinde trafi\u011fin aksamas\u0131na da neden oldu. Londra&#8217;daki Westminster, Waterloo, Lambeth ve Vauxhall k\u00f6pr\u00fcleri g\u00f6stericiler taraf\u0131ndan ge\u00e7ici olarak trafi\u011fe kapat\u0131ld\u0131. Metropolitan Polisi ak\u015fam saatlerinde k\u00f6pr\u00fclerin tekrar trafi\u011fe a\u00e7\u0131ld\u0131\u011f\u0131n\u0131 duyurdu.<\/p>\n<p>Extinction Rebellion (XR), Just Stop Oil ve Devrimci Kom\u00fcnist Grup (RCG) \u00fcyeleri de Cumartesi g\u00fcn\u00fc Londra&#8217;da y\u00fcr\u00fcyenler aras\u0131ndayd\u0131.<\/p>\n<p>Posta ve demiryolu grevleriyle de ayn\u0131 zamana denk gelen g\u00f6sterilere binlerce ki\u015fi kat\u0131ld\u0131. Vatanda\u015flar Birmingham, Glasgow ve Belfast gibi \u015fehirlerdeki mitinglere de kat\u0131ld\u0131.<\/p>\n<p>Yar\u0131n Muhafazakar Parti konferans\u0131n\u0131n yap\u0131laca\u011f\u0131 Birmingham&#8217;da da insanlar, gaz ve elektrik maliyetlerindeki art\u0131\u015fa tepki olarak sahte enerji faturalar\u0131n\u0131 yakt\u0131lar.<\/p>\n<p>#uk #ingiltere #protesto #dontpayuk<\/p>\n<p>&nbsp;<\/p>\n<div id=\"briti-307140004\" class=\"briti-icerikten-sonra_2\" style=\"margin-top: 25px;margin-bottom: 25px;\"><a href=\"https:\/\/wa.me\/message\/NDZLLIOQT4H3O1\" aria-label=\"bytv reklam banner\"><img loading=\"lazy\" decoding=\"async\" src=\"https:\/\/by-tv.co.uk\/wp-content\/uploads\/2025\/12\/bytv-reklam-banner.jpg\" alt=\"\"  width=\"2376\" height=\"1008\"   \/><\/a><\/div>","protected":false},"excerpt":{"rendered":"<p>\u0130ngiltere\u2019de art\u0131\u015f g\u00f6steren ya\u015fam giderleri, gaz ve elektrik fiyatlar\u0131 ve yetersiz \u00fccret art\u0131\u015flar\u0131 ba\u015fkent Londra olmak \u00fczere bir \u00e7ok yerde protesto edildi. Artan ya\u015fam maliyetine yan\u0131t olarak kurulan bir kampanya grubu Enough is Enough, \u0130ngiltere&#8217;deki farkl\u0131 \u015fehirlerde etkinlikler d\u00fczenledi. Binlerce ki\u015fi Londra\u2019daki King\u2019s Cross \u0130stasyonu\u2019nun \u00f6n\u00fcnde bir araya gelip h\u00fck\u00fcmeti protesto etti. Fiyat art\u0131\u015flar\u0131n\u0131n ve \u00fccretlerdeki yetersizli\u011fin sebebi olarak g\u00f6rd\u00fckleri iktidardaki Muhafazakar Parti\u2019ye istifa \u00e7a\u011fr\u0131s\u0131nda bulunan g\u00f6stericiler ellerinde \u201cFaturalar\u0131 \u00f6demeyin\u201d, \u201cYeter art\u0131k\u201d ve \u201cgrevleri destekleyin\u201d yaz\u0131l\u0131 pankart ta\u015f\u0131d\u0131lar G\u00f6stericiler burada yap\u0131lan konu\u015fmalar\u0131n ard\u0131ndan Parlamento Meydan\u0131\u2019na do\u011fru y\u00fcr\u00fcy\u00fc\u015fe ge\u00e7ti. \u00d6te yandan \u201cDon\u2019t Pay\u201d adl\u0131 giri\u015fim buradan vatanda\u015flara elektrik ve gaz fiyatlar\u0131ndaki [&hellip;]<\/p>\n","protected":false},"author":1,"featured_media":0,"comment_status":"open","ping_status":"open","sticky":false,"template":"","format":"standard","meta":{"ngg_post_thumbnail":0,"footnotes":""},"categories":[1],"tags":[149,4223],"class_list":["post-17203","post","type-post","status-publish","format-standard","hentry","category-genel","tag-ingiltere","tag-londra-protesto"],"_links":{"self":[{"href":"https:\/\/by-tv.co.uk\/en\/wp-json\/wp\/v2\/posts\/17203","targetHints":{"allow":["GET"]}}],"collection":[{"href":"https:\/\/by-tv.co.uk\/en\/wp-json\/wp\/v2\/posts"}],"about":[{"href":"https:\/\/by-tv.co.uk\/en\/wp-json\/wp\/v2\/types\/post"}],"author":[{"embeddable":true,"href":"https:\/\/by-tv.co.uk\/en\/wp-json\/wp\/v2\/users\/1"}],"replies":[{"embeddable":true,"href":"https:\/\/by-tv.co.uk\/en\/wp-json\/wp\/v2\/comments?post=17203"}],"version-history":[{"count":0,"href":"https:\/\/by-tv.co.uk\/en\/wp-json\/wp\/v2\/posts\/17203\/revisions"}],"wp:attachment":[{"href":"https:\/\/by-tv.co.uk\/en\/wp-json\/wp\/v2\/media?parent=17203"}],"wp:term":[{"taxonomy":"category","embeddable":true,"href":"https:\/\/by-tv.co.uk\/en\/wp-json\/wp\/v2\/categories?post=17203"},{"taxonomy":"post_tag","embeddable":true,"href":"https:\/\/by-tv.co.uk\/en\/wp-json\/wp\/v2\/tags?post=17203"}],"curies":[{"name":"wp","href":"https:\/\/api.w.org\/{rel}","templated":true}]}}