{"id":17183,"date":"2022-10-01T13:40:04","date_gmt":"2022-10-01T12:40:04","guid":{"rendered":"https:\/\/by-tv.co.uk\/?p=17183"},"modified":"2022-10-01T14:15:54","modified_gmt":"2022-10-01T13:15:54","slug":"son-on-yillarin-en-buyuk-demiryolu-grevi-ingilteredeki-seferlerin-cogu-durdu","status":"publish","type":"post","link":"https:\/\/by-tv.co.uk\/en\/son-on-yillarin-en-buyuk-demiryolu-grevi-ingilteredeki-seferlerin-cogu-durdu\/","title":{"rendered":"Son on y\u0131llar\u0131n en b\u00fcy\u00fck demiryolu grevi: \u0130ngiltere&#8217;deki seferlerin \u00e7o\u011fu durdu"},"content":{"rendered":"<p>Britanya&#8217;da bug\u00fcn 50 binden fazla i\u015f\u00e7inin kat\u0131ld\u0131\u011f\u0131 demiryolu grevi ula\u015f\u0131m\u0131 fel\u00e7 etti. Bug\u00fcn yap\u0131lan grev&nbsp; bu y\u0131l \u015fimdiye kadar yap\u0131lan en b\u00fcy\u00fck grev olarak kay\u0131tlara ge\u00e7ti.<\/p>\n<p>RMT, Aslef, Unite ve TSSA\u2019n\u0131n dahil oldu\u011fu 4 sendikan\u0131n \u00fcyeleri, \u00fccret ve i\u015f ko\u015fullar\u0131 konusunda uzun s\u00fcredir devam eden bir anla\u015fmazl\u0131k nedeniyle bir kez daha 24 saatlik bir i\u015f b\u0131rakma eylemi ba\u015flatt\u0131.<\/p>\n<p>Bu grev nedeniyle, normal tren hizmetlerinin sadece % 11&#8217;inin yap\u0131yor ve \u0130ngiltere&#8217;nin \u00f6nemli bir b\u00f6l\u00fcm\u00fcnde hi\u00e7 hizmet verilemeyece\u011fi anlam\u0131na geliyor.<\/p><div id=\"briti-1355008787\" class=\"briti-icerik\" style=\"margin-top: 5px;margin-bottom: 5px;\"><a href=\"https:\/\/piaryum.com\/services\/\" aria-label=\"piaryum banner\"><img loading=\"lazy\" decoding=\"async\" src=\"https:\/\/by-tv.co.uk\/wp-content\/uploads\/2025\/12\/Gemini_Generated_Image_g5yqr1g5yqr1g5yq.jpg\" alt=\"\"  width=\"2064\" height=\"1152\"   \/><\/a><\/div>\n<div id=\"attachment_17188\" style=\"width: 1210px\" class=\"wp-caption alignleft\"><img loading=\"lazy\" decoding=\"async\" aria-describedby=\"caption-attachment-17188\" class=\"size-full wp-image-17188\" src=\"https:\/\/by-tv.co.uk\/wp-content\/uploads\/2022\/10\/rmt.jpeg\" alt=\"\" width=\"1200\" height=\"1600\" title=\"\"><p id=\"caption-attachment-17188\" class=\"wp-caption-text\">Son on y\u0131llar\u0131n en b\u00fcy\u00fck demiryolu grevi, \u0130ngiltere&#8217;deki seferlerin \u00e7o\u011fu durdu<\/p><\/div>\n<p>Sendikalar, anla\u015fmazl\u0131klar\u0131n \u00e7\u00f6z\u00fcm\u00fcnde \u00e7ok az ilerleme kaydedildi\u011fini s\u00f6yl\u00fcyor, ancak demiryolu patronlar\u0131 \u00fccretlerin modernizasyonla ba\u011flant\u0131l\u0131 olmas\u0131n\u0131 istiyor.<\/p>\n<p>RMT, Aslef, Unite ve TSSA gibi <a href=\"https:\/\/by-tv.co.uk\/en\/?s=grev\">demiryolu<\/a> sendikalar\u0131 ilk kez ayn\u0131 g\u00fcn i\u015f b\u0131rakt\u0131. Bu nedenle hizmetler \u00f6nceki grev g\u00fcnlerine g\u00f6re daha fazla kesintiye u\u011frayacak.<\/p>\n<p>Demiryolu a\u011f\u0131n\u0131n b\u00fcy\u00fck b\u00f6l\u00fcm\u00fcnde, 10 seferden yaln\u0131zca birinin yap\u0131lmas\u0131, trenlerin ge\u00e7 kalkmas\u0131 ve normalden daha erken bitmesiyle vatanda\u015flar\u0131 zorluyor.<\/p>\n<blockquote class=\"twitter-tweet\">\n<p dir=\"ltr\" lang=\"en\">Joined on the Stoke\/Hanley picket line by our <a href=\"https:\/\/twitter.com\/RMTunion?ref_src=twsrc%5Etfw\" target=\"_blank\" rel=\"noopener\">@RMTunion<\/a> comrades \ud83d\udc4a <a href=\"https:\/\/twitter.com\/hashtag\/StandByYourPost?src=hash&amp;ref_src=twsrc%5Etfw\" target=\"_blank\" rel=\"noopener\">#StandByYourPost<\/a> <a href=\"https:\/\/t.co\/GWFy8lAyXe\">pic.twitter.com\/GWFy8lAyXe<\/a><\/p>\n<p>\u2014 The CWU (@CWUnews) <a href=\"https:\/\/twitter.com\/CWUnews\/status\/1576176153680699392?ref_src=twsrc%5Etfw\" target=\"_blank\" rel=\"noopener\">October 1, 2022<\/a><\/p><\/blockquote>\n<p><script async=\"\" src=\"https:\/\/platform.twitter.com\/widgets.js\" charset=\"utf-8\"><\/script><br \/>\nBBC\u2019nin haberine g\u00f6re, Londra ile Edinburgh, Brighton ve Newcastle gibi b\u00fcy\u00fck \u015fehirler aras\u0131nda tren seferleri olmayacak.<br \/>\nNorthern, Avanti West Coast and Southeastern gibi baz\u0131 tren i\u015fletme kurulu\u015flar\u0131 t\u00fcm g\u00fcn boyunca trenleri hareket ettirmeyecek.<\/p>\n<p>\u0130sko\u00e7ya&#8217;da ScotRail, 07:30 ile 18:30 saatleri aras\u0131nda seferlerin yaln\u0131zca % 20\u2019sini yapacak.<\/p>\n<p>Yar\u0131n d\u00fczenlenecek (2 Ekim)Londra Maratonu i\u00e7in ba\u015fkente seyahat etmeyi planlayan bir\u00e7ok ki\u015fi, planlar\u0131n\u0131 yeniden d\u00fc\u015f\u00fcnmek zorunda kal\u0131yor. Pazar g\u00fcnk\u00fc seferlerin \u00e7o\u011fu, Cumartesi g\u00fcnk\u00fc aksakl\u0131\u011f\u0131n ard\u0131ndan normalden daha ge\u00e7 ba\u015flayacak, ancak Londra Maratonu d\u00fczenleyicileri, Southeastern trenlerinin yolcular\u0131 zaman\u0131nda maraton ba\u015flang\u0131\u00e7 yerine g\u00f6t\u00fcrece\u011fini s\u00f6yledi.<\/p>\n<p>Grev, Pazar g\u00fcn\u00fc ba\u015flayacak olan Muhafazakar Parti konferans\u0131na gidip gelen delegelerin yan\u0131 s\u0131ra futbol ma\u00e7lar\u0131na ve di\u011fer etkinliklere giden binlerce insan\u0131 da etkileyecek.<\/p>\n<p>\u00d6te yandan Britanya\u2019da ya\u015fayanlar\u0131 5 ve 8 Ekim\u2019de de yeni demiryolu grevleri bekliyor. Yazdan beri devam eden grevler nedeniyle vatanda\u015flar zor durumda kal\u0131yor.<\/p>\n<div id=\"briti-1950382530\" class=\"briti-icerikten-sonra_2\" style=\"margin-top: 25px;margin-bottom: 25px;\"><a href=\"https:\/\/wa.me\/message\/NDZLLIOQT4H3O1\" aria-label=\"bytv reklam banner\"><img loading=\"lazy\" decoding=\"async\" src=\"https:\/\/by-tv.co.uk\/wp-content\/uploads\/2025\/12\/bytv-reklam-banner.jpg\" alt=\"\"  width=\"2376\" height=\"1008\"   \/><\/a><\/div>","protected":false},"excerpt":{"rendered":"<p>Britanya&#8217;da bug\u00fcn 50 binden fazla i\u015f\u00e7inin kat\u0131ld\u0131\u011f\u0131 demiryolu grevi ula\u015f\u0131m\u0131 fel\u00e7 etti. Bug\u00fcn yap\u0131lan grev&nbsp; bu y\u0131l \u015fimdiye kadar yap\u0131lan en b\u00fcy\u00fck grev olarak kay\u0131tlara ge\u00e7ti. RMT, Aslef, Unite ve TSSA\u2019n\u0131n dahil oldu\u011fu 4 sendikan\u0131n \u00fcyeleri, \u00fccret ve i\u015f ko\u015fullar\u0131 konusunda uzun s\u00fcredir devam eden bir anla\u015fmazl\u0131k nedeniyle bir kez daha 24 saatlik bir i\u015f b\u0131rakma eylemi ba\u015flatt\u0131. Bu grev nedeniyle, normal tren hizmetlerinin sadece % 11&#8217;inin yap\u0131yor ve \u0130ngiltere&#8217;nin \u00f6nemli bir b\u00f6l\u00fcm\u00fcnde hi\u00e7 hizmet verilemeyece\u011fi anlam\u0131na geliyor. Sendikalar, anla\u015fmazl\u0131klar\u0131n \u00e7\u00f6z\u00fcm\u00fcnde \u00e7ok az ilerleme kaydedildi\u011fini s\u00f6yl\u00fcyor, ancak demiryolu patronlar\u0131 \u00fccretlerin modernizasyonla ba\u011flant\u0131l\u0131 olmas\u0131n\u0131 istiyor. RMT, Aslef, Unite ve TSSA gibi [&hellip;]<\/p>\n","protected":false},"author":1,"featured_media":17184,"comment_status":"open","ping_status":"open","sticky":false,"template":"","format":"standard","meta":{"ngg_post_thumbnail":0,"footnotes":""},"categories":[15],"tags":[4535,4534,4598,4599],"class_list":["post-17183","post","type-post","status-publish","format-standard","has-post-thumbnail","hentry","category-ingiltere","tag-aslef","tag-demiryolu-grevi","tag-rmt","tag-unite"],"_links":{"self":[{"href":"https:\/\/by-tv.co.uk\/en\/wp-json\/wp\/v2\/posts\/17183","targetHints":{"allow":["GET"]}}],"collection":[{"href":"https:\/\/by-tv.co.uk\/en\/wp-json\/wp\/v2\/posts"}],"about":[{"href":"https:\/\/by-tv.co.uk\/en\/wp-json\/wp\/v2\/types\/post"}],"author":[{"embeddable":true,"href":"https:\/\/by-tv.co.uk\/en\/wp-json\/wp\/v2\/users\/1"}],"replies":[{"embeddable":true,"href":"https:\/\/by-tv.co.uk\/en\/wp-json\/wp\/v2\/comments?post=17183"}],"version-history":[{"count":0,"href":"https:\/\/by-tv.co.uk\/en\/wp-json\/wp\/v2\/posts\/17183\/revisions"}],"wp:featuredmedia":[{"embeddable":true,"href":"https:\/\/by-tv.co.uk\/en\/wp-json\/wp\/v2\/media\/17184"}],"wp:attachment":[{"href":"https:\/\/by-tv.co.uk\/en\/wp-json\/wp\/v2\/media?parent=17183"}],"wp:term":[{"taxonomy":"category","embeddable":true,"href":"https:\/\/by-tv.co.uk\/en\/wp-json\/wp\/v2\/categories?post=17183"},{"taxonomy":"post_tag","embeddable":true,"href":"https:\/\/by-tv.co.uk\/en\/wp-json\/wp\/v2\/tags?post=17183"}],"curies":[{"name":"wp","href":"https:\/\/api.w.org\/{rel}","templated":true}]}}