{"id":17076,"date":"2022-09-21T22:43:51","date_gmt":"2022-09-21T21:43:51","guid":{"rendered":"https:\/\/by-tv.co.uk\/?p=17076"},"modified":"2022-09-21T22:44:52","modified_gmt":"2022-09-21T21:44:52","slug":"birlesik-krallik-basbakani-liz-truss-ile-cumhurbaskani-erdogan-new-yorkta-bir-araya-geldi","status":"publish","type":"post","link":"https:\/\/by-tv.co.uk\/en\/birlesik-krallik-basbakani-liz-truss-ile-cumhurbaskani-erdogan-new-yorkta-bir-araya-geldi\/","title":{"rendered":"Birle\u015fik Krall\u0131k Ba\u015fbakan\u0131 Liz Truss ile Cumhurba\u015fkan\u0131 Erdo\u011fan New York&#8217;ta bir araya geldi"},"content":{"rendered":"<p>Cumhurba\u015fkan\u0131 Recep Tayyip Erdo\u011fan, Birle\u015fmi\u015f Milletler (BM) 77. Genel Kurulu nedeniyle bulundu\u011fu New York\u2019ta Birle\u015fik Krall\u0131k Ba\u015fbakan\u0131 Liz Truss ile T\u00fcrkevi\u2019nde g\u00f6r\u00fc\u015ft\u00fc. G\u00f6r\u00fc\u015fme bas\u0131na kapal\u0131 ger\u00e7ekle\u015ftirildi.<\/p>\n<p>\u0130ngiltere&#8217;nin \u015fimdiki Ba\u015fbakan\u0131 Truss&#8217;\u0131n, D\u0131\u015fi\u015fleri Bakan\u0131 olarak g\u00f6rev yapt\u0131\u011f\u0131 d\u00f6nemde \u00e7ok tart\u0131\u015f\u0131lan g\u00f6\u00e7menleri Ruanda\u2019ya g\u00f6nderme plan\u0131na T\u00fcrkiye\u2019yi de katmak istedi\u011fi Temmuz ay\u0131nda \u0130ngiliz bas\u0131n\u0131nda yer alm\u0131\u015ft\u0131. The Times\u2019\u0131n haberinde Liz Truss, ba\u015fbakan olursa g\u00f6\u00e7menleri s\u0131n\u0131r d\u0131\u015f\u0131 etmek i\u00e7in haz\u0131rlanan Ruanda plan\u0131na T\u00fcrkiye gibi \u00fclkeleri de eklemeye \u00e7al\u0131\u015faca\u011f\u0131 haberle\u015ftirilmi\u015fti.<\/p>\n<p>Truss&#8217;\u0131n, ge\u00e7ici koruma stat\u00fcs\u00fcndeki yakla\u015f\u0131k d\u00f6rt milyon Suriyeli ile d\u00fcnyadaki en b\u00fcy\u00fck m\u00fclteci n\u00fcfusuna sahip olmas\u0131na ra\u011fmen T\u00fcrkiye ile m\u00fczakereleri ba\u015flatma iste\u011fi T\u00fcrkiye taraf\u0131ndan tepkiyle kar\u015f\u0131lanm\u0131\u015f ve bir a\u00e7\u0131klama yay\u0131nlanm\u0131\u015ft\u0131.<\/p><div id=\"briti-2694015134\" class=\"briti-icerik\" style=\"margin-top: 5px;margin-bottom: 5px;\"><a href=\"https:\/\/piaryum.com\/services\/\" aria-label=\"piaryum banner\"><img loading=\"lazy\" decoding=\"async\" src=\"https:\/\/by-tv.co.uk\/wp-content\/uploads\/2025\/12\/Gemini_Generated_Image_g5yqr1g5yqr1g5yq.jpg\" alt=\"\"  width=\"2064\" height=\"1152\"   \/><\/a><\/div>\n<p>D\u0131\u015fi\u015fleri Bakanl\u0131\u011f\u0131 S\u00f6zc\u00fcs\u00fc B\u00fcy\u00fckel\u00e7i <a href=\"https:\/\/by-tv.co.uk\/en\/disisleri-bakanligindan-liz-trussa-tepki-turkiye-herhangi-bir-ulkenin-siginmaci-kampi-veya-sinir-muhafizi-olmayacak\/\">Tanju Bilgi\u00e7<\/a>, Liz Truss\u2019un \u0130ngiliz bas\u0131n\u0131nda T\u00fcrkiye\u2019ye ili\u015fkin yer alan iddialar\u0131na ili\u015fkin,<strong> \u201cT\u00fcrkiye herhangi bir \u00fclkenin s\u0131\u011f\u0131nmac\u0131 kamp\u0131 veya s\u0131n\u0131r muhaf\u0131z\u0131 olmayacak, \u00fc\u00e7\u00fcnc\u00fc \u00fclkelerin uluslararas\u0131 y\u00fck\u00fcml\u00fcl\u00fcklerini hi\u00e7bir \u015fekilde devralmayacakt\u0131r\u201d<\/strong> demi\u015fti.<\/p>\n<p>\u00d6te yandan bug\u00fcn Bosna Hersek&#8217;in ba\u015fkenti Saraybosna&#8217;da d\u00fczenlenen 2. G\u00f6\u00e7 Diyalo\u011fu Konferans\u0131&#8217;na kat\u0131lan \u0130\u00e7i\u015fleri Bakan\u0131 S\u00fcleyman Soylu, T\u00fcrkiye&#8217;nin g\u00f6\u00e7e kaynakl\u0131k eden b\u00fct\u00fcn \u00fclkelerde var oldu\u011funu s\u00f6yleyerek, &#8220;Elimizden geleni yap\u0131yoruz&#8221; dedi. Bakan Soylu, &#8220;\u0130ngiltere bize teklifte bulundu. Resmen bulunam\u0131yor da bize gelen g\u00f6\u00e7menlerin bir k\u0131sm\u0131n\u0131 size g\u00f6nderelim. Biz sizin g\u00f6\u00e7men deponuz muyuz? Biz Avrupa&#8217;n\u0131n g\u00f6\u00e7men deposu muyuz? Biz insani olarak bug\u00fcne kadar her t\u00fcrl\u00fc ad\u0131m\u0131 att\u0131k&#8221; ifadelerini kulland\u0131.<\/p>\n<p>Erdo\u011fan ve Truss&#8217;\u0131n g\u00f6r\u00fc\u015fmesinde bu konunun g\u00fcndeme gelip gelmedi\u011fi bilinmiyor.<\/p>\n<div id=\"briti-619533977\" class=\"briti-icerikten-sonra_2\" style=\"margin-top: 25px;margin-bottom: 25px;\"><a href=\"https:\/\/wa.me\/message\/NDZLLIOQT4H3O1\" aria-label=\"bytv reklam banner\"><img loading=\"lazy\" decoding=\"async\" src=\"https:\/\/by-tv.co.uk\/wp-content\/uploads\/2025\/12\/bytv-reklam-banner.jpg\" alt=\"\"  width=\"2376\" height=\"1008\"   \/><\/a><\/div>","protected":false},"excerpt":{"rendered":"<p>Cumhurba\u015fkan\u0131 Recep Tayyip Erdo\u011fan, Birle\u015fmi\u015f Milletler (BM) 77. Genel Kurulu nedeniyle bulundu\u011fu New York\u2019ta Birle\u015fik Krall\u0131k Ba\u015fbakan\u0131 Liz Truss ile T\u00fcrkevi\u2019nde g\u00f6r\u00fc\u015ft\u00fc. G\u00f6r\u00fc\u015fme bas\u0131na kapal\u0131 ger\u00e7ekle\u015ftirildi. \u0130ngiltere&#8217;nin \u015fimdiki Ba\u015fbakan\u0131 Truss&#8217;\u0131n, D\u0131\u015fi\u015fleri Bakan\u0131 olarak g\u00f6rev yapt\u0131\u011f\u0131 d\u00f6nemde \u00e7ok tart\u0131\u015f\u0131lan g\u00f6\u00e7menleri Ruanda\u2019ya g\u00f6nderme plan\u0131na T\u00fcrkiye\u2019yi de katmak istedi\u011fi Temmuz ay\u0131nda \u0130ngiliz bas\u0131n\u0131nda yer alm\u0131\u015ft\u0131. The Times\u2019\u0131n haberinde Liz Truss, ba\u015fbakan olursa g\u00f6\u00e7menleri s\u0131n\u0131r d\u0131\u015f\u0131 etmek i\u00e7in haz\u0131rlanan Ruanda plan\u0131na T\u00fcrkiye gibi \u00fclkeleri de eklemeye \u00e7al\u0131\u015faca\u011f\u0131 haberle\u015ftirilmi\u015fti. Truss&#8217;\u0131n, ge\u00e7ici koruma stat\u00fcs\u00fcndeki yakla\u015f\u0131k d\u00f6rt milyon Suriyeli ile d\u00fcnyadaki en b\u00fcy\u00fck m\u00fclteci n\u00fcfusuna sahip olmas\u0131na ra\u011fmen T\u00fcrkiye ile m\u00fczakereleri ba\u015flatma iste\u011fi T\u00fcrkiye taraf\u0131ndan tepkiyle kar\u015f\u0131lanm\u0131\u015f [&hellip;]<\/p>\n","protected":false},"author":1,"featured_media":17077,"comment_status":"open","ping_status":"open","sticky":false,"template":"","format":"standard","meta":{"ngg_post_thumbnail":0,"footnotes":""},"categories":[1],"tags":[],"class_list":["post-17076","post","type-post","status-publish","format-standard","has-post-thumbnail","hentry","category-genel"],"_links":{"self":[{"href":"https:\/\/by-tv.co.uk\/en\/wp-json\/wp\/v2\/posts\/17076","targetHints":{"allow":["GET"]}}],"collection":[{"href":"https:\/\/by-tv.co.uk\/en\/wp-json\/wp\/v2\/posts"}],"about":[{"href":"https:\/\/by-tv.co.uk\/en\/wp-json\/wp\/v2\/types\/post"}],"author":[{"embeddable":true,"href":"https:\/\/by-tv.co.uk\/en\/wp-json\/wp\/v2\/users\/1"}],"replies":[{"embeddable":true,"href":"https:\/\/by-tv.co.uk\/en\/wp-json\/wp\/v2\/comments?post=17076"}],"version-history":[{"count":0,"href":"https:\/\/by-tv.co.uk\/en\/wp-json\/wp\/v2\/posts\/17076\/revisions"}],"wp:featuredmedia":[{"embeddable":true,"href":"https:\/\/by-tv.co.uk\/en\/wp-json\/wp\/v2\/media\/17077"}],"wp:attachment":[{"href":"https:\/\/by-tv.co.uk\/en\/wp-json\/wp\/v2\/media?parent=17076"}],"wp:term":[{"taxonomy":"category","embeddable":true,"href":"https:\/\/by-tv.co.uk\/en\/wp-json\/wp\/v2\/categories?post=17076"},{"taxonomy":"post_tag","embeddable":true,"href":"https:\/\/by-tv.co.uk\/en\/wp-json\/wp\/v2\/tags?post=17076"}],"curies":[{"name":"wp","href":"https:\/\/api.w.org\/{rel}","templated":true}]}}