{"id":17005,"date":"2022-09-09T20:31:10","date_gmt":"2022-09-09T19:31:10","guid":{"rendered":"https:\/\/by-tv.co.uk\/?p=17005"},"modified":"2024-09-09T02:01:42","modified_gmt":"2024-09-09T01:01:42","slug":"ingiltere-krali-3-charles-ilk-ulusa-seslenis-konusmasini-yapti","status":"publish","type":"post","link":"https:\/\/by-tv.co.uk\/en\/ingiltere-krali-3-charles-ilk-ulusa-seslenis-konusmasini-yapti\/","title":{"rendered":"\u0130ngiltere Kral\u0131 3. Charles, ilk ulusa sesleni\u015f konu\u015fmas\u0131n\u0131 yapt\u0131"},"content":{"rendered":"<p>\u0130ngiltere Kral\u0131 3. Charles ilk ulusa sesleni\u015f konu\u015fmas\u0131nda, annesi Krali\u00e7e II. Elizabeth i\u00e7in \u201cKayb\u0131n yaratt\u0131\u011f\u0131 \u00f6l\u00e7\u00fclemez \u00fcz\u00fcnt\u00fcy\u00fc payla\u015f\u0131yorum\u201d dedi.<\/p>\n<p>Kral olarak ilk kez konu\u015fan Charles, \u201cAnnemin hat\u0131ras\u0131na ve hizmete adanm\u0131\u015f hayat\u0131na sayg\u0131lar\u0131m\u0131 sunuyorum\u201d dedi.<\/p>\n<p>Charles &#8216;can\u0131m annem&#8217; ifadesini de kulland\u0131.<\/p><div id=\"briti-2598834977\" class=\"briti-icerik\" style=\"margin-top: 5px;margin-bottom: 5px;\"><a href=\"https:\/\/piaryum.com\/services\/\" aria-label=\"piaryum banner\"><img loading=\"lazy\" decoding=\"async\" src=\"https:\/\/by-tv.co.uk\/wp-content\/uploads\/2025\/12\/Gemini_Generated_Image_g5yqr1g5yqr1g5yq.jpg\" alt=\"\"  width=\"2064\" height=\"1152\"   \/><\/a><\/div>\n<p>St Paul Katedralindeki dini t\u00f6renle e\u015f zamanl\u0131 olarak yay\u0131nlanan konu\u015fmada Charles, anayasal prensiplere ba\u011fl\u0131 kalaca\u011f\u0131 s\u00f6z\u00fcn\u00fc verdi:<\/p>\n<p>\u201cKrali\u00e7e\u2019nin kendisinin de sars\u0131lmaz bir \u015fekilde ba\u011fl\u0131 oldu\u011fu gibi ben de Tanr\u0131\u2019n\u0131n bana bah\u015fetti\u011fi kalan zaman\u0131mda, ulusumuzun kalbinde yer alan anayasal prensiplere ba\u011fl\u0131 olaca\u011f\u0131m s\u00f6z\u00fcn\u00fc veriyorum\u201d<\/p>\n<p>\u201c\u0130ngiltere\u2019nin neresinde ya\u015f\u0131yor olursan\u0131z olun, kimli\u011finiz ve inan\u00e7lar\u0131n\u0131z ne olursa olsun, t\u0131pk\u0131 t\u00fcm hayat\u0131m boyunca oldu\u011fu gibi, size sad\u0131k bir \u015fekilde hizmet etme, sadakat, sayg\u0131 ve sevgi g\u00f6sterme gayreti i\u00e7inde olaca\u011f\u0131m\u201d<\/p>\n<p>Kral 3. Charles konu\u015fmas\u0131nda 17 y\u0131ll\u0131k e\u015fi Camilla\u2019n\u0131n da Konsort Krali\u00e7e olarak hizmet etmeye ba\u015flayaca\u011f\u0131n\u0131 s\u00f6yledi.<\/p>\n<p>Charles Prens William\u2019\u0131n da art\u0131k Galler Prensi unvan\u0131n\u0131 ta\u015f\u0131yaca\u011f\u0131n\u0131 kaydetti.<\/p>\n<blockquote class=\"twitter-tweet\">\n<p dir=\"ltr\" lang=\"en\">\u201cQueen Elizabeth was a life well lived; a promise with destiny kept and she is mourned most deeply in her passing. That promise of lifelong service I renew to you all today.\u201d<\/p>\n<p>His Majesty The King addresses the Nation and the Commonwealth. <a href=\"https:\/\/t.co\/xQXVW5PPQ2\">pic.twitter.com\/xQXVW5PPQ2<\/a><\/p>\n<p>\u2014 The Royal Family (@RoyalFamily) <a href=\"https:\/\/twitter.com\/RoyalFamily\/status\/1568297669382082567?ref_src=twsrc%5Etfw\" target=\"_blank\" rel=\"noopener\">September 9, 2022<\/a><\/p><\/blockquote>\n<p><script async=\"\" src=\"https:\/\/platform.twitter.com\/widgets.js\" charset=\"utf-8\"><\/script><\/p>\n<div id=\"briti-125905500\" class=\"briti-icerikten-sonra_2\" style=\"margin-top: 25px;margin-bottom: 25px;\"><a href=\"https:\/\/wa.me\/message\/NDZLLIOQT4H3O1\" aria-label=\"bytv reklam banner\"><img loading=\"lazy\" decoding=\"async\" src=\"https:\/\/by-tv.co.uk\/wp-content\/uploads\/2025\/12\/bytv-reklam-banner.jpg\" alt=\"\"  width=\"2376\" height=\"1008\"   \/><\/a><\/div>","protected":false},"excerpt":{"rendered":"<p>\u0130ngiltere Kral\u0131 3. Charles ilk ulusa sesleni\u015f konu\u015fmas\u0131nda, annesi Krali\u00e7e II. Elizabeth i\u00e7in \u201cKayb\u0131n yaratt\u0131\u011f\u0131 \u00f6l\u00e7\u00fclemez \u00fcz\u00fcnt\u00fcy\u00fc payla\u015f\u0131yorum\u201d dedi. Kral olarak ilk kez konu\u015fan Charles, \u201cAnnemin hat\u0131ras\u0131na ve hizmete adanm\u0131\u015f hayat\u0131na sayg\u0131lar\u0131m\u0131 sunuyorum\u201d dedi. Charles &#8216;can\u0131m annem&#8217; ifadesini de kulland\u0131. St Paul Katedralindeki dini t\u00f6renle e\u015f zamanl\u0131 olarak yay\u0131nlanan konu\u015fmada Charles, anayasal prensiplere ba\u011fl\u0131 kalaca\u011f\u0131 s\u00f6z\u00fcn\u00fc verdi: \u201cKrali\u00e7e\u2019nin kendisinin de sars\u0131lmaz bir \u015fekilde ba\u011fl\u0131 oldu\u011fu gibi ben de Tanr\u0131\u2019n\u0131n bana bah\u015fetti\u011fi kalan zaman\u0131mda, ulusumuzun kalbinde yer alan anayasal prensiplere ba\u011fl\u0131 olaca\u011f\u0131m s\u00f6z\u00fcn\u00fc veriyorum\u201d \u201c\u0130ngiltere\u2019nin neresinde ya\u015f\u0131yor olursan\u0131z olun, kimli\u011finiz ve inan\u00e7lar\u0131n\u0131z ne olursa olsun, t\u0131pk\u0131 t\u00fcm hayat\u0131m boyunca oldu\u011fu gibi, [&hellip;]<\/p>\n","protected":false},"author":1,"featured_media":0,"comment_status":"open","ping_status":"open","sticky":false,"template":"","format":"standard","meta":{"ngg_post_thumbnail":0,"footnotes":""},"categories":[1],"tags":[],"class_list":["post-17005","post","type-post","status-publish","format-standard","hentry","category-genel"],"_links":{"self":[{"href":"https:\/\/by-tv.co.uk\/en\/wp-json\/wp\/v2\/posts\/17005","targetHints":{"allow":["GET"]}}],"collection":[{"href":"https:\/\/by-tv.co.uk\/en\/wp-json\/wp\/v2\/posts"}],"about":[{"href":"https:\/\/by-tv.co.uk\/en\/wp-json\/wp\/v2\/types\/post"}],"author":[{"embeddable":true,"href":"https:\/\/by-tv.co.uk\/en\/wp-json\/wp\/v2\/users\/1"}],"replies":[{"embeddable":true,"href":"https:\/\/by-tv.co.uk\/en\/wp-json\/wp\/v2\/comments?post=17005"}],"version-history":[{"count":0,"href":"https:\/\/by-tv.co.uk\/en\/wp-json\/wp\/v2\/posts\/17005\/revisions"}],"wp:attachment":[{"href":"https:\/\/by-tv.co.uk\/en\/wp-json\/wp\/v2\/media?parent=17005"}],"wp:term":[{"taxonomy":"category","embeddable":true,"href":"https:\/\/by-tv.co.uk\/en\/wp-json\/wp\/v2\/categories?post=17005"},{"taxonomy":"post_tag","embeddable":true,"href":"https:\/\/by-tv.co.uk\/en\/wp-json\/wp\/v2\/tags?post=17005"}],"curies":[{"name":"wp","href":"https:\/\/api.w.org\/{rel}","templated":true}]}}