{"id":16807,"date":"2022-08-23T08:28:32","date_gmt":"2022-08-23T07:28:32","guid":{"rendered":"https:\/\/by-tv.co.uk\/?p=16807"},"modified":"2022-08-23T08:28:32","modified_gmt":"2022-08-23T07:28:32","slug":"prens-william-ve-duses-kate-middleton-kensington-sarayindan-windsora-tasiniyor","status":"publish","type":"post","link":"https:\/\/by-tv.co.uk\/en\/prens-william-ve-duses-kate-middleton-kensington-sarayindan-windsora-tasiniyor\/","title":{"rendered":"Prens William ve D\u00fc\u015fes Kate Middleton Kensington Saray\u0131\u2019ndan Windsor\u2019a ta\u015f\u0131n\u0131yor."},"content":{"rendered":"<p><span style=\"font-weight: 400;\">\u0130ngiltere\u2019de kraliyet ailesi b\u00fcy\u00fck de\u011fi\u015fikli\u011fe haz\u0131rlan\u0131yor. Prens William ve D\u00fc\u015fes Kate Middleton, Kensington Saray\u0131\u2019ndan, Krali\u00e7e II. Elizabeth\u2019e daha yak\u0131n olan Windsor\u2019a ta\u015f\u0131n\u0131yor.&nbsp;<\/span><\/p>\n<p><span style=\"font-weight: 400;\">Sky News\u2019un haberine g\u00f6re, Cambridge ailesinin yer de\u011fi\u015ftirmesi nedeniyle \u00e7ocuklar\u0131 George, Charlotte ve Louis, Eyl\u00fcl\u2019de Ascot yak\u0131nlar\u0131ndaki Lambrook Okulu\u2019na ba\u015flayacak. Ailenin Adelaide Cottage\u2019da ya\u015fayaca\u011f\u0131 ve Kensington Saray\u0131\u2019n\u0131 Londra\u2019daki ikametleri olarak tutaca\u011f\u0131 a\u00e7\u0131kland\u0131. \u00c7ift, Norfolk\u2019ta bulunan Anmer Hall\u2019u da bir di\u011fer evleri olarak kullanmay\u0131 s\u00fcrd\u00fcrecek.&nbsp;<\/span><\/p>\n<p><span style=\"font-weight: 400;\">620 \u00f6\u011frencinin e\u011fitim g\u00f6rd\u00fc\u011f\u00fc Lambrook Okulu\u2019nun m\u00fcd\u00fcr\u00fc Jonathan Perry, aileyle tan\u0131\u015fmay\u0131 sab\u0131rs\u0131zl\u0131kla bekledi\u011fini s\u00f6yleyerek, \u201cPrens George, Prenses Charlotte ve Prens Louis\u2019in Eyl\u00fcl\u2019de bize kat\u0131lacak olmas\u0131ndan mutluluk duyuyoruz\u201d dedi.&nbsp;<\/span><\/p><div id=\"briti-246380497\" class=\"briti-icerik\" style=\"margin-top: 5px;margin-bottom: 5px;\"><a href=\"https:\/\/piaryum.com\/services\/\" aria-label=\"piaryum banner\"><img loading=\"lazy\" decoding=\"async\" src=\"https:\/\/by-tv.co.uk\/wp-content\/uploads\/2025\/12\/Gemini_Generated_Image_g5yqr1g5yqr1g5yq.jpg\" alt=\"\"  width=\"2064\" height=\"1152\"   \/><\/a><\/div>\n<p><span style=\"font-weight: 400;\">Bir kraliyet kayna\u011f\u0131 ise ta\u015f\u0131nma s\u00fcreciyle ilgili, \u201cBu, iki ebeveynin, \u00e7ocuklar\u0131n\u0131n olabilecek en normal \u015fekilde okula ba\u015flamas\u0131n\u0131 sa\u011flamak i\u00e7in ald\u0131\u011f\u0131 bir karar\u201d ifadelerini kulland\u0131 ve ekledi, \u201cKensington Saray\u0131 mahremiyetin olmad\u0131\u011f\u0131 bir yer gibi. Onlar, George, Charlotte ve Louis\u2019e Londra\u2019dakinden biraz daha \u00f6zg\u00fcrl\u00fck vermek istediler. \u00c7ocuklar d\u00fc\u015f\u00fcn\u00fclerek al\u0131nm\u0131\u015f bir karar.\u201d&nbsp;<\/span><\/p>\n<p><span style=\"font-weight: 400;\">\u00d6te yandan, Cambridge ailesinin \u0130ngiltere\u2019de ya\u015fam maliyeti krizi s\u00fcrerken ta\u015f\u0131nacak olmas\u0131n\u0131n, kraliyet ailesinin nas\u0131l finanse edildi\u011fini sorgulayanlar\u0131n tepkisini \u00e7ekebilece\u011fi konu\u015fuluyor.&nbsp;<\/span><\/p>\n<p>&nbsp;<\/p>\n<div id=\"briti-2659115316\" class=\"briti-icerikten-sonra_2\" style=\"margin-top: 25px;margin-bottom: 25px;\"><a href=\"https:\/\/wa.me\/message\/NDZLLIOQT4H3O1\" aria-label=\"bytv reklam banner\"><img loading=\"lazy\" decoding=\"async\" src=\"https:\/\/by-tv.co.uk\/wp-content\/uploads\/2025\/12\/bytv-reklam-banner.jpg\" alt=\"\"  width=\"2376\" height=\"1008\"   \/><\/a><\/div>","protected":false},"excerpt":{"rendered":"<p>\u0130ngiltere\u2019de kraliyet ailesi b\u00fcy\u00fck de\u011fi\u015fikli\u011fe haz\u0131rlan\u0131yor. Prens William ve D\u00fc\u015fes Kate Middleton, Kensington Saray\u0131\u2019ndan, Krali\u00e7e II. Elizabeth\u2019e daha yak\u0131n olan Windsor\u2019a ta\u015f\u0131n\u0131yor.&nbsp; Sky News\u2019un haberine g\u00f6re, Cambridge ailesinin yer de\u011fi\u015ftirmesi nedeniyle \u00e7ocuklar\u0131 George, Charlotte ve Louis, Eyl\u00fcl\u2019de Ascot yak\u0131nlar\u0131ndaki Lambrook Okulu\u2019na ba\u015flayacak. Ailenin Adelaide Cottage\u2019da ya\u015fayaca\u011f\u0131 ve Kensington Saray\u0131\u2019n\u0131 Londra\u2019daki ikametleri olarak tutaca\u011f\u0131 a\u00e7\u0131kland\u0131. \u00c7ift, Norfolk\u2019ta bulunan Anmer Hall\u2019u da bir di\u011fer evleri olarak kullanmay\u0131 s\u00fcrd\u00fcrecek.&nbsp; 620 \u00f6\u011frencinin e\u011fitim g\u00f6rd\u00fc\u011f\u00fc Lambrook Okulu\u2019nun m\u00fcd\u00fcr\u00fc Jonathan Perry, aileyle tan\u0131\u015fmay\u0131 sab\u0131rs\u0131zl\u0131kla bekledi\u011fini s\u00f6yleyerek, \u201cPrens George, Prenses Charlotte ve Prens Louis\u2019in Eyl\u00fcl\u2019de bize kat\u0131lacak olmas\u0131ndan mutluluk duyuyoruz\u201d dedi.&nbsp; Bir kraliyet kayna\u011f\u0131 ise ta\u015f\u0131nma s\u00fcreciyle [&hellip;]<\/p>\n","protected":false},"author":1,"featured_media":0,"comment_status":"open","ping_status":"open","sticky":false,"template":"","format":"standard","meta":{"ngg_post_thumbnail":0,"footnotes":""},"categories":[1],"tags":[3106,1428],"class_list":["post-16807","post","type-post","status-publish","format-standard","hentry","category-genel","tag-duses-kate-middleton","tag-prens-william"],"_links":{"self":[{"href":"https:\/\/by-tv.co.uk\/en\/wp-json\/wp\/v2\/posts\/16807","targetHints":{"allow":["GET"]}}],"collection":[{"href":"https:\/\/by-tv.co.uk\/en\/wp-json\/wp\/v2\/posts"}],"about":[{"href":"https:\/\/by-tv.co.uk\/en\/wp-json\/wp\/v2\/types\/post"}],"author":[{"embeddable":true,"href":"https:\/\/by-tv.co.uk\/en\/wp-json\/wp\/v2\/users\/1"}],"replies":[{"embeddable":true,"href":"https:\/\/by-tv.co.uk\/en\/wp-json\/wp\/v2\/comments?post=16807"}],"version-history":[{"count":0,"href":"https:\/\/by-tv.co.uk\/en\/wp-json\/wp\/v2\/posts\/16807\/revisions"}],"wp:attachment":[{"href":"https:\/\/by-tv.co.uk\/en\/wp-json\/wp\/v2\/media?parent=16807"}],"wp:term":[{"taxonomy":"category","embeddable":true,"href":"https:\/\/by-tv.co.uk\/en\/wp-json\/wp\/v2\/categories?post=16807"},{"taxonomy":"post_tag","embeddable":true,"href":"https:\/\/by-tv.co.uk\/en\/wp-json\/wp\/v2\/tags?post=16807"}],"curies":[{"name":"wp","href":"https:\/\/api.w.org\/{rel}","templated":true}]}}