{"id":16410,"date":"2022-07-17T12:00:38","date_gmt":"2022-07-17T11:00:38","guid":{"rendered":"https:\/\/by-tv.co.uk\/?p=16410"},"modified":"2022-07-17T12:30:12","modified_gmt":"2022-07-17T11:30:12","slug":"boris-johnsonin-yerine-kimin-gececegini-ogrenmemiz-icin-nasil-bir-yol-var","status":"publish","type":"post","link":"https:\/\/by-tv.co.uk\/en\/boris-johnsonin-yerine-kimin-gececegini-ogrenmemiz-icin-nasil-bir-yol-var\/","title":{"rendered":"Boris Johnson&#8217;\u0131n yerine kimin ge\u00e7ece\u011fini \u00f6\u011frenmemiz i\u00e7in nas\u0131l bir yol var?"},"content":{"rendered":"<p>Boris Johnson&#8217;\u0131n yerine kimin ge\u00e7ece\u011fini \u00f6\u011frenmemiz i\u00e7in hala uzun bir yol var. Ancak Muhafazakar Parti milletvekillerinin hangi iki aday\u0131n nihai k\u0131sa listeye girece\u011fine karar vermeleri i\u00e7in son birka\u00e7 g\u00fcn kald\u0131.<\/p>\n<p><strong>18 Temmuz Pazartesi &#8211; 20:00<\/strong><br \/>\nMuhafazakar Parti milletvekillerinin oy kullanaca\u011f\u0131 \u00fc\u00e7\u00fcnc\u00fc tur oylaman\u0131n sonu\u00e7lar\u0131 a\u00e7\u0131klanacak.<\/p>\n<p><strong>19 Temmuz Sal\u0131&nbsp;<\/strong><br \/>\nD\u00f6rd\u00fcnc\u00fc tur oylaman\u0131n yan\u0131 s\u0131ra, yar\u0131\u015fa devam eden adaylar Sky News kanal\u0131na \u00e7\u0131kacak ve TV&#8217;de 3. kez tart\u0131\u015facak.<\/p><div id=\"briti-2973606018\" class=\"briti-icerik\" style=\"margin-top: 5px;margin-bottom: 5px;\"><a href=\"https:\/\/piaryum.com\/services\/\" aria-label=\"piaryum banner\"><img loading=\"lazy\" decoding=\"async\" src=\"https:\/\/by-tv.co.uk\/wp-content\/uploads\/2025\/12\/Gemini_Generated_Image_g5yqr1g5yqr1g5yq.jpg\" alt=\"\"  width=\"2064\" height=\"1152\"   \/><\/a><\/div>\n<p><strong>20 Temmuz \u00c7ar\u015famba<\/strong><br \/>\nSon oylama turu ger\u00e7ekle\u015fecek ve finale kalan son iki rakip belli olacak.<\/p>\n<p><strong>Final<\/strong><br \/>\nFinale kalan 2 aday Muhafazakar Parti \u00fcyelerinin deste\u011fini almak i\u00e7in 22 Temmuz Cuma g\u00fcn\u00fcnden itibaren \u00fclke \u00e7ap\u0131nda toplant\u0131lar, mitingler i\u00e7in harekete ge\u00e7ecek.<\/p>\n<p><strong>Mektupla oy kullanma<\/strong><br \/>\nArd\u0131ndan yakla\u015f\u0131k 160 binden fazla Muhafazakar Parti \u00fcyesi, iki isimden birini parti lideri ve devam\u0131nda ba\u015fbakan se\u00e7ilmesi i\u00e7in posta yoluyla oy kullanacak. Se\u00e7imin galibi 5 Eyl\u00fcl&#8217;de a\u00e7\u0131klanacak.<\/p>\n<h4>Muhafazakar Parti liderli\u011fi: \u0130ngiltere&#8217;nin bir sonraki ba\u015fbakan\u0131n\u0131 kim se\u00e7ecek?<\/h4>\n<p>Boris Johnson ba\u015fbakanl\u0131ktan istifa etti\u011finde genel se\u00e7im olmayacak, \u00e7\u00fcnk\u00fc Muhafazakar Parti zaten iktidarda.<\/p>\n<p>Londra Queen Mary \u00dcniversitesi ve Sussex \u00dcniversitesi Parti \u00dcyeleri Projesi ba\u015fkan\u0131 Profes\u00f6r Tim Bale&#8217;e g\u00f6re &#8221; di\u011fer b\u00fcy\u00fck partilerin \u00fcyeleri gibi, Tory&#8217;ler de n\u00fcfusun geri kalan\u0131ndan daha ya\u015fl\u0131, daha orta s\u0131n\u0131f ve daha beyaz olma e\u011filimindedir ve bir b\u00fct\u00fcn olarak se\u00e7menleri temsil etmekten uzakt\u0131rlar<\/p>\n<p>BBC taraf\u0131ndan aktar\u0131lan Bale&#8217;in Ocak 2020&#8217;deki en son ara\u015ft\u0131rmas\u0131nda \u00f6ne \u00e7\u0131kanlar:<\/p>\n<ul>\n<li>Muhafazakar Parti \u00fcyelerinin %63&#8217;\u00fc erkek, %37&#8217;si kad\u0131nd\u0131r.<\/li>\n<li>% 6&#8217;s\u0131 24 ya\u015f\u0131n alt\u0131nda,% 36&#8217;s\u0131 25-49 ya\u015flar\u0131 aras\u0131nda,% 19&#8217;u 50-64 ya\u015flar\u0131 aras\u0131nda ve% 39&#8217;u 65 ya\u015f\u0131n \u00fczerindedir.<\/li>\n<li>%24&#8217;\u00fc AB referandumunda kalmay\u0131, %76&#8217;s\u0131 ise ayr\u0131lmay\u0131 destekledi<\/li>\n<li>% 56&#8217;s\u0131 Londra&#8217;da ve \u0130ngiltere&#8217;nin g\u00fcneydo\u011fusunda, % 18&#8217;i Midlands ve Galler&#8217;de, % 20&#8217;si \u0130ngiltere&#8217;nin kuzeyinde ve % 6&#8217;s\u0131 \u0130sko\u00e7ya&#8217;da ya\u015f\u0131yor.<\/li>\n<li>% 80&#8217;i ABC1 olarak bilinen en y\u00fcksek sosyal ekonomik gruplara aittir.<\/li>\n<li>Ancak, bir sonraki Ba\u015fbakan\u0131n kim olaca\u011f\u0131 konusunda s\u00f6z sahibi olmak i\u00e7in partiye kaydolmak yetmiyor. Liderlik oylamas\u0131na kat\u0131lmak i\u00e7in en az \u00fc\u00e7 ayd\u0131r \u00fccretli bir \u00fcye olman\u0131z gerekir.<\/li>\n<li>Avam Kamaras\u0131 k\u00fct\u00fcphanesinin ara\u015ft\u0131rmas\u0131na g\u00f6re, 2017 y\u0131l\u0131nda Muhafazakar Parti \u00fcyelerinin ya\u015f ortalamas\u0131 57, \u0130\u015f\u00e7i Partisi 53, Liberal Demokrat 52 ve SNP 54 idi.<\/li>\n<\/ul>\n<p>T\u00fcm ana partilerin nispeten az say\u0131da siyah ve az\u0131nl\u0131k etnik \u00fcyesi var. Tim Bale&#8217;in ekibi taraf\u0131ndan haz\u0131rlanan 2018 tarihli bir rapora g\u00f6re, Muhafazakar \u00fcyelerin% 97&#8217;si &#8220;beyaz \u0130ngiliz&#8221; iken, \u0130\u015f\u00e7i Partisi ve Liberal Demokratlar i\u00e7in % 96&#8217;yd\u0131.<\/p>\n<p>\u0130\u015f\u00e7i Partisi, cinsiyet e\u015fitli\u011fine di\u011fer partilerden daha yak\u0131nd\u0131r ve Sir Keir Starmer&#8217;\u0131n liderli\u011fi devralmas\u0131ndan bu yana say\u0131 azalm\u0131\u015f olsa da (ge\u00e7en y\u0131l Temmuz ay\u0131 itibariyle 440.000&#8217;dir) genel olarak Muhafazakarlardan \u00e7ok daha fazla \u00fcyeye sahiptir.<\/p>\n<p>Prof. Bale&#8217;in ara\u015ft\u0131rmas\u0131na g\u00f6re, \u0130ngiltere&#8217;deki \u00e7o\u011fu partinin \u00e7o\u011fu \u00fcyesi olduk\u00e7a orta s\u0131n\u0131f, ancak Muhafazakar Parti \u00fcyeleri en orta s\u0131n\u0131f.<\/p>\n<p>\u0130\u015f\u00e7i Partisi ve Lib Dems&#8217;in aksine, Muhafazakar \u00fcyelerin yakla\u015f\u0131k% 40&#8217;\u0131 ulusal ortalamadan daha fazla kazan\u0131yor ve 20&#8217;de biri y\u0131lda 100.000 \u00a3 &#8216;dan fazla kazan\u0131yor.<\/p>\n<h4>Peki ka\u00e7 tane Tory \u00fcyesi var?<\/h4>\n<p>Muhafazakarlar, \u00fcyelik rakamlar\u0131n\u0131 rutin olarak a\u00e7\u0131klamayan tek b\u00fcy\u00fck \u0130ngiltere partisidir.<\/p>\n<p>Bir Muhafazakar Parti bas\u0131n yetkilisi BBC&#8217;ye \u015funlar\u0131 s\u00f6yledi: &#8220;Bir \u00f6nceki liderlik se\u00e7imlerinde 160.000 uygun \u00fcye vard\u0131. Bu sefer daha fazla \u00fcye olacak.&#8221;<\/p>\n<p>Avam Kamaras\u0131&#8217;n\u0131n k\u00fct\u00fcphane ara\u015ft\u0131rmas\u0131na g\u00f6re, 159.320 Muhafazakar Parti \u00fcyesinin bu yar\u0131\u015fmada oy kullanma hakk\u0131na sahip oldu\u011funu s\u00f6yleyen bu 2019 liderlik se\u00e7imi rakamlar\u0131 da mevcut.<\/p>\n<h4>Oy kullanabilir miyim?<\/h4>\n<p>Muhafazakar Parti&#8217;ye kat\u0131lmak y\u0131lda 25 sterline mal oluyor, ancak silahl\u0131 kuvvetler \u00fcyeleri ve 26 ya\u015f\u0131n alt\u0131ndakiler i\u00e7in b\u00fcy\u00fck indirimler var.<\/p>\n<p>Ancak bir sonraki ba\u015fbakan\u0131n kim olaca\u011f\u0131 konusunda s\u00f6z sahibi olmak i\u00e7in son dakikada partiye kaydolup sonu\u00e7lar\u0131 etkilemek m\u00fcmk\u00fcn de\u011fil.<\/p>\n<p>Liderlik oylamas\u0131na kat\u0131lmak i\u00e7in son \u00fc\u00e7 ay boyunca \u00fccretli bir \u00fcye olman\u0131z gerekir.<\/p>\n<p>&nbsp;<\/p>\n<div id=\"briti-3909562243\" class=\"briti-icerikten-sonra_2\" style=\"margin-top: 25px;margin-bottom: 25px;\"><a href=\"https:\/\/wa.me\/message\/NDZLLIOQT4H3O1\" aria-label=\"bytv reklam banner\"><img loading=\"lazy\" decoding=\"async\" src=\"https:\/\/by-tv.co.uk\/wp-content\/uploads\/2025\/12\/bytv-reklam-banner.jpg\" alt=\"\"  width=\"2376\" height=\"1008\"   \/><\/a><\/div>","protected":false},"excerpt":{"rendered":"<p>Boris Johnson&#8217;\u0131n yerine kimin ge\u00e7ece\u011fini \u00f6\u011frenmemiz i\u00e7in hala uzun bir yol var. Ancak Muhafazakar Parti milletvekillerinin hangi iki aday\u0131n nihai k\u0131sa listeye girece\u011fine karar vermeleri i\u00e7in son birka\u00e7 g\u00fcn kald\u0131. 18 Temmuz Pazartesi &#8211; 20:00 Muhafazakar Parti milletvekillerinin oy kullanaca\u011f\u0131 \u00fc\u00e7\u00fcnc\u00fc tur oylaman\u0131n sonu\u00e7lar\u0131 a\u00e7\u0131klanacak. 19 Temmuz Sal\u0131&nbsp; D\u00f6rd\u00fcnc\u00fc tur oylaman\u0131n yan\u0131 s\u0131ra, yar\u0131\u015fa devam eden adaylar Sky News kanal\u0131na \u00e7\u0131kacak ve TV&#8217;de 3. kez tart\u0131\u015facak. 20 Temmuz \u00c7ar\u015famba Son oylama turu ger\u00e7ekle\u015fecek ve finale kalan son iki rakip belli olacak. Final Finale kalan 2 aday Muhafazakar Parti \u00fcyelerinin deste\u011fini almak i\u00e7in 22 Temmuz Cuma g\u00fcn\u00fcnden itibaren \u00fclke \u00e7ap\u0131nda toplant\u0131lar, [&hellip;]<\/p>\n","protected":false},"author":1,"featured_media":16411,"comment_status":"open","ping_status":"open","sticky":false,"template":"","format":"standard","meta":{"ngg_post_thumbnail":0,"footnotes":""},"categories":[4515],"tags":[],"class_list":["post-16410","post","type-post","status-publish","format-standard","has-post-thumbnail","hentry","category-muhafazakar-parti-lideri-ve-basbakanlik"],"_links":{"self":[{"href":"https:\/\/by-tv.co.uk\/en\/wp-json\/wp\/v2\/posts\/16410","targetHints":{"allow":["GET"]}}],"collection":[{"href":"https:\/\/by-tv.co.uk\/en\/wp-json\/wp\/v2\/posts"}],"about":[{"href":"https:\/\/by-tv.co.uk\/en\/wp-json\/wp\/v2\/types\/post"}],"author":[{"embeddable":true,"href":"https:\/\/by-tv.co.uk\/en\/wp-json\/wp\/v2\/users\/1"}],"replies":[{"embeddable":true,"href":"https:\/\/by-tv.co.uk\/en\/wp-json\/wp\/v2\/comments?post=16410"}],"version-history":[{"count":0,"href":"https:\/\/by-tv.co.uk\/en\/wp-json\/wp\/v2\/posts\/16410\/revisions"}],"wp:featuredmedia":[{"embeddable":true,"href":"https:\/\/by-tv.co.uk\/en\/wp-json\/wp\/v2\/media\/16411"}],"wp:attachment":[{"href":"https:\/\/by-tv.co.uk\/en\/wp-json\/wp\/v2\/media?parent=16410"}],"wp:term":[{"taxonomy":"category","embeddable":true,"href":"https:\/\/by-tv.co.uk\/en\/wp-json\/wp\/v2\/categories?post=16410"},{"taxonomy":"post_tag","embeddable":true,"href":"https:\/\/by-tv.co.uk\/en\/wp-json\/wp\/v2\/tags?post=16410"}],"curies":[{"name":"wp","href":"https:\/\/api.w.org\/{rel}","templated":true}]}}