{"id":16342,"date":"2022-07-11T11:33:19","date_gmt":"2022-07-11T10:33:19","guid":{"rendered":"https:\/\/by-tv.co.uk\/?p=16342"},"modified":"2022-07-11T11:35:07","modified_gmt":"2022-07-11T10:35:07","slug":"ingilterede-yilin-en-sicak-gunu-yasaniyor","status":"publish","type":"post","link":"https:\/\/by-tv.co.uk\/en\/ingilterede-yilin-en-sicak-gunu-yasaniyor\/","title":{"rendered":"\u0130ngiltere&#8217;de y\u0131l\u0131n en s\u0131cak g\u00fcn\u00fc ya\u015fan\u0131yor"},"content":{"rendered":"<p>\u0130ngilizler, bu y\u0131l\u0131n en s\u0131cak g\u00fcnlerinden birini ya\u015f\u0131yor. \u00dclkede s\u0131cakl\u0131klar\u0131n 33C&#8217;ye kadar \u00e7\u0131kmas\u0131 bekleniyor. \u0130ngiltere&#8217;nin baz\u0131 b\u00f6lgelerinin Maldivler ve Bahamalar&#8217;dan daha s\u0131cak olmas\u0131 ve g\u00fcne\u015fli havan\u0131n hafta sonuna kadar s\u00fcrmesi bekleniyor.<\/p>\n<p>Meteoroloji Ofisi, orta, g\u00fcney ve do\u011fu \u0130ngiltere&#8217;deki s\u0131cak hava dalgas\u0131n\u0131n Pazartesi \u00f6\u011fleden sonra daha da artaca\u011f\u0131n\u0131 s\u00f6yledi.<\/p>\n<p>\u00dclkenin 2022 i\u00e7in rekor s\u0131cakl\u0131k seviyesi, 17 Haziran&#8217;da Heathrow&#8217;da g\u00f6r\u00fclen 32.7C olarak kaydedilmi\u015fti.<\/p><div id=\"briti-3704031392\" class=\"briti-icerik\" style=\"margin-top: 5px;margin-bottom: 5px;\"><a href=\"https:\/\/piaryum.com\/services\/\" aria-label=\"piaryum banner\"><img loading=\"lazy\" decoding=\"async\" src=\"https:\/\/by-tv.co.uk\/wp-content\/uploads\/2025\/12\/Gemini_Generated_Image_g5yqr1g5yqr1g5yq.jpg\" alt=\"\"  width=\"2064\" height=\"1152\"   \/><\/a><\/div>\n<blockquote class=\"twitter-tweet\">\n<p dir=\"ltr\" lang=\"en\">The new working week will start bright or sunny for most of us, with temperatures rising fairly rapidly <a href=\"https:\/\/t.co\/RxRuo5srSa\">pic.twitter.com\/RxRuo5srSa<\/a><\/p>\n<p>\u2014 Met Office (@metoffice) <a href=\"https:\/\/twitter.com\/metoffice\/status\/1546222801715175429?ref_src=twsrc%5Etfw\" target=\"_blank\" rel=\"noopener\">July 10, 2022<\/a><\/p><\/blockquote>\n<p><script async=\"\" src=\"https:\/\/platform.twitter.com\/widgets.js\" charset=\"utf-8\"><\/script><br \/>\nPazar g\u00fcn\u00fc, \u0130sko\u00e7ya ve Kuzey \u0130rlanda \u015fimdiye kadar y\u0131l\u0131n en s\u0131cak g\u00fcnlerini ya\u015fad\u0131 ve s\u0131ras\u0131yla 27.3C ve 24.3C kaydedildi.<\/p>\n<h4>B\u00f6lgeniz i\u00e7in hava tahmini nedir?<\/h4>\n<p>Midlands &#8211; 29C<br \/>\nG\u00fcney-Bat\u0131 &#8211; 28C<br \/>\nG\u00fcney-Do\u011fu &#8211; 29C<br \/>\nKuzey &#8211; 29C<br \/>\nKuzey-Do\u011fu &#8211; 27C<br \/>\nDo\u011fu &#8211; 30C<\/p>\n<p>G\u00fcney Galler &#8211; 28C<br \/>\nKuzey Galler &#8211; 22C<br \/>\n\u0130sko\u00e7ya &#8211; 24C<br \/>\nHighlands,<br \/>\n\u0130sko\u00e7ya &#8211; 26C<\/p>\n<p>\u0130ngiltere\u2019de bu y\u0131l\u0131n s\u0131cakl\u0131k rekorlar\u0131:<br \/>\n\u0130sko\u00e7ya (Aboyne) Pazar g\u00fcn\u00fc 27.3C&#8217;ye ula\u015ft\u0131<br \/>\n\u0130rlanda (Shannon) Pazar g\u00fcn\u00fc 25.9C&#8217;ye ula\u015ft\u0131<br \/>\nKuzey \u0130rlanda (Derrylin) Pazar g\u00fcn\u00fc 24.3C&#8217;ye ula\u015ft\u0131<br \/>\n\u0130ngiltere Haziran ay\u0131nda 32.7C&#8217;ye ula\u015ft\u0131<br \/>\nGaller Haziran ay\u0131nda 28.4C&#8217;ye ula\u015ft\u0131<\/p>\n<p>\u0130ngiltere Sa\u011fl\u0131k G\u00fcvenli\u011fi Ajans\u0131 ve Met Ofisi, \u0130ngiltere&#8217;nin Do\u011fusu, G\u00fcney Do\u011fu ve Londra i\u00e7in 3. seviye bir uyar\u0131 yay\u0131nlad\u0131.<\/p>\n<p>Etkilenen b\u00f6lgelerdeki insanlara pencerelerini \u00f6rtmeleri ve savunmas\u0131z ve ya\u015fl\u0131lar\u0131 kontrol etmeleri tavsiye edildi.<\/p>\n<div id=\"briti-2803809374\" class=\"briti-icerikten-sonra_2\" style=\"margin-top: 25px;margin-bottom: 25px;\"><a href=\"https:\/\/wa.me\/message\/NDZLLIOQT4H3O1\" aria-label=\"bytv reklam banner\"><img loading=\"lazy\" decoding=\"async\" src=\"https:\/\/by-tv.co.uk\/wp-content\/uploads\/2025\/12\/bytv-reklam-banner.jpg\" alt=\"\"  width=\"2376\" height=\"1008\"   \/><\/a><\/div>","protected":false},"excerpt":{"rendered":"<p>\u0130ngilizler, bu y\u0131l\u0131n en s\u0131cak g\u00fcnlerinden birini ya\u015f\u0131yor. \u00dclkede s\u0131cakl\u0131klar\u0131n 33C&#8217;ye kadar \u00e7\u0131kmas\u0131 bekleniyor. \u0130ngiltere&#8217;nin baz\u0131 b\u00f6lgelerinin Maldivler ve Bahamalar&#8217;dan daha s\u0131cak olmas\u0131 ve g\u00fcne\u015fli havan\u0131n hafta sonuna kadar s\u00fcrmesi bekleniyor. Meteoroloji Ofisi, orta, g\u00fcney ve do\u011fu \u0130ngiltere&#8217;deki s\u0131cak hava dalgas\u0131n\u0131n Pazartesi \u00f6\u011fleden sonra daha da artaca\u011f\u0131n\u0131 s\u00f6yledi. \u00dclkenin 2022 i\u00e7in rekor s\u0131cakl\u0131k seviyesi, 17 Haziran&#8217;da Heathrow&#8217;da g\u00f6r\u00fclen 32.7C olarak kaydedilmi\u015fti. The new working week will start bright or sunny for most of us, with temperatures rising fairly rapidly pic.twitter.com\/RxRuo5srSa \u2014 Met Office (@metoffice) July 10, 2022 Pazar g\u00fcn\u00fc, \u0130sko\u00e7ya ve Kuzey \u0130rlanda \u015fimdiye kadar y\u0131l\u0131n en s\u0131cak g\u00fcnlerini ya\u015fad\u0131 [&hellip;]<\/p>\n","protected":false},"author":1,"featured_media":16343,"comment_status":"open","ping_status":"open","sticky":false,"template":"","format":"standard","meta":{"ngg_post_thumbnail":0,"footnotes":""},"categories":[1],"tags":[],"class_list":["post-16342","post","type-post","status-publish","format-standard","has-post-thumbnail","hentry","category-genel"],"_links":{"self":[{"href":"https:\/\/by-tv.co.uk\/en\/wp-json\/wp\/v2\/posts\/16342","targetHints":{"allow":["GET"]}}],"collection":[{"href":"https:\/\/by-tv.co.uk\/en\/wp-json\/wp\/v2\/posts"}],"about":[{"href":"https:\/\/by-tv.co.uk\/en\/wp-json\/wp\/v2\/types\/post"}],"author":[{"embeddable":true,"href":"https:\/\/by-tv.co.uk\/en\/wp-json\/wp\/v2\/users\/1"}],"replies":[{"embeddable":true,"href":"https:\/\/by-tv.co.uk\/en\/wp-json\/wp\/v2\/comments?post=16342"}],"version-history":[{"count":0,"href":"https:\/\/by-tv.co.uk\/en\/wp-json\/wp\/v2\/posts\/16342\/revisions"}],"wp:featuredmedia":[{"embeddable":true,"href":"https:\/\/by-tv.co.uk\/en\/wp-json\/wp\/v2\/media\/16343"}],"wp:attachment":[{"href":"https:\/\/by-tv.co.uk\/en\/wp-json\/wp\/v2\/media?parent=16342"}],"wp:term":[{"taxonomy":"category","embeddable":true,"href":"https:\/\/by-tv.co.uk\/en\/wp-json\/wp\/v2\/categories?post=16342"},{"taxonomy":"post_tag","embeddable":true,"href":"https:\/\/by-tv.co.uk\/en\/wp-json\/wp\/v2\/tags?post=16342"}],"curies":[{"name":"wp","href":"https:\/\/api.w.org\/{rel}","templated":true}]}}