{"id":16208,"date":"2022-06-29T11:03:37","date_gmt":"2022-06-29T10:03:37","guid":{"rendered":"https:\/\/by-tv.co.uk\/?p=16208"},"modified":"2022-06-29T11:25:50","modified_gmt":"2022-06-29T10:25:50","slug":"prof-basak-akdemir-lordlar-kamarasinda-calismalarini-anlatti","status":"publish","type":"post","link":"https:\/\/by-tv.co.uk\/en\/prof-basak-akdemir-lordlar-kamarasinda-calismalarini-anlatti\/","title":{"rendered":"Prof. Ba\u015fak Akdemir, Lordlar Kamaras\u0131&#8217;nda \u00e7al\u0131\u015fmalar\u0131n\u0131 anlatt\u0131"},"content":{"rendered":"<p>Ge\u00e7ti\u011fimiz haftalarda Londra\u2019da imzalar\u0131 at\u0131lan BM destekli ara\u015ft\u0131rma merkezi CIFAL of London\u2019\u0131n ba\u015f\u0131na ge\u00e7en akademisyen Prof. Ba\u015fak Akdemir Lordlar Kamaras\u0131&#8217;nda d\u00fczenlenen \u2018An Afternoon Tea Talk: The Bangladesh Story\u2019 isimli etkinlikte bir konu\u015fma yapt\u0131.<br \/>\n<iframe loading=\"lazy\" title=\"CIFAL of London Direkt\u00f6r\u00fc Prof. Ba\u015fak Akdemir, Lordlar Kamaras\u0131'nda \u00e7al\u0131\u015fmalar\u0131n\u0131 anlatt\u0131\" src=\"https:\/\/www.youtube.com\/embed\/JPWO--De3Uk\" width=\"1271\" height=\"715\" frameborder=\"0\" allowfullscreen=\"allowfullscreen\"><\/iframe><br \/>\nBanglade\u015f D\u0131\u015fi\u015fleri Bakan\u0131 Dr Abdul Momen, \u0130ngiliz Milletvekili Rushanara Ali, Lord Rami Ranger, Londra \u00c7ay Borsas\u0131&#8217;n\u0131n CEO&#8217;su Sheik Aliur Rahman\u2019\u0131n da kat\u0131ld\u0131\u011f\u0131 etkinlik Banglade\u015f&#8217;in Birle\u015fik Krall\u0131k Y\u00fcksek Komiseri Saida Muna Tasneem ve Londra \u00c7ay Borsas\u0131&#8217;n\u0131n giri\u015fimiyle yap\u0131ld\u0131.<\/p>\n<div id=\"attachment_16209\" style=\"width: 2058px\" class=\"wp-caption alignleft\"><img loading=\"lazy\" decoding=\"async\" aria-describedby=\"caption-attachment-16209\" class=\"size-full wp-image-16209\" src=\"https:\/\/by-tv.co.uk\/wp-content\/uploads\/2022\/06\/WhatsApp-Image-2022-06-28-at-20.23.33-1.jpeg\" alt=\"\" width=\"2048\" height=\"1150\" title=\"\"><p id=\"caption-attachment-16209\" class=\"wp-caption-text\">\u0130ngiliz Milletvekili Rushanara Ali<\/p><\/div>\n<p>BM Y\u00f6netici ve Liderler i\u00e7in Uluslararas\u0131 E\u011fitim Merkezi (CIFAL Londra) Direkt\u00f6r\u00fc Prof. Akdemir, \u00c7ay \u00fcretimi konusunun, <a href=\"https:\/\/mla.ac.uk\/cifal-london\" target=\"_blank\" rel=\"noopener\">CIFAL City of London<\/a>&#8216;\u0131n takip etti\u011fi konular\u0131n i\u00e7inde oldu\u011funu belirterek yerel d\u00fczeyde kapasiteyi g\u00fc\u00e7lendiren yenilik\u00e7i \u00e7\u00f6z\u00fcmlerin uygulanmas\u0131 i\u00e7in liderler yeti\u015ftirerek karar verme s\u00fcre\u00e7lerinin iyile\u015ftirilmesini desteklediklerini s\u00f6yledi.<\/p>\n<p>BM\u2019nin 2030 S\u00fcrd\u00fcr\u00fclebilir Kalk\u0131nma G\u00fcndemi planlamas\u0131yla hareket eden \u0130ngiltere\u2019de MLA College ortakl\u0131\u011f\u0131nda kurulan olan CIFAL City of London; yerel ve b\u00f6lgesel yetkililer, uluslararas\u0131 kurulu\u015flar, \u00f6zel sekt\u00f6r ve sivil toplum kurulu\u015flar\u0131 ile ortakla\u015fa e\u011fitim, mesleki e\u011fitim f\u0131rsatlar\u0131 ve en iyi uygulamalar\u0131n, ara\u00e7lar\u0131n ve stratejilerin de\u011fi\u015fimini sa\u011flamakla ilgili \u00e7al\u0131\u015fmalar yap\u0131yor.<\/p><div id=\"briti-3739230498\" class=\"briti-icerik\" style=\"margin-top: 5px;margin-bottom: 5px;\"><a href=\"https:\/\/piaryum.com\/services\/\" aria-label=\"piaryum banner\"><img loading=\"lazy\" decoding=\"async\" src=\"https:\/\/by-tv.co.uk\/wp-content\/uploads\/2025\/12\/Gemini_Generated_Image_g5yqr1g5yqr1g5yq.jpg\" alt=\"\"  width=\"2064\" height=\"1152\"   \/><\/a><\/div>\n<p>\u00c7ay\u0131n, M\u00d6 2700&#8217;den beri var olan \u00e7ok \u00f6nemli bir emtia oldu\u011funu s\u00f6yleyen <a href=\"https:\/\/by-tv.co.uk\/en\/?s=ba\u015fak+akdemir\">Prof. Akdemir<\/a>; d\u00fcnyan\u0131n en pop\u00fcler ikinci i\u00e7ece\u011finin \u00e7ay olmas\u0131na ra\u011fmen \u00e7ay \u00e7ift\u00e7ileri ve i\u015f\u00e7ileri adil bir anla\u015fma yapmak i\u00e7in hala b\u00fcy\u00fck m\u00fccadeleler verdi\u011fini kaydetti. Prof. Akdemir, bu ve benzeri alanlarda daha adil bir payla\u015f\u0131m\u0131n ve anla\u015fman\u0131n; Birle\u015fmi\u015f Milletler S\u00fcrd\u00fcr\u00fclebilir Kalk\u0131nma Hedeflerinin savunulmas\u0131 yoluyla de\u011fi\u015ftirilebilece\u011fini belirtti.<\/p>\n<p>Banglade\u015f \u00e7ay bitkisinin yayg\u0131n \u015fekilde yeti\u015ftirildi\u011fi ve \u00e7ay \u00fcretiminin yap\u0131ld\u0131\u011f\u0131 \u00fclkelerin ba\u015f\u0131nda geliyor. Ba\u015fkent Dakka&#8217;n\u0131n 203 km kadar kuzeydo\u011fusunda bulunan ve \u00fclkenin \u00e7ay ba\u015fkenti diye bilinen ve&nbsp; \u00e7ay tarlalar\u0131yla dolu y\u00fczlerce k\u00fc\u00e7\u00fck tepeden olu\u015fan Sreemanga Banglade\u015f&#8217;de bulunuyor.<\/p>\n<div id=\"attachment_16211\" style=\"width: 2058px\" class=\"wp-caption alignleft\"><img loading=\"lazy\" decoding=\"async\" aria-describedby=\"caption-attachment-16211\" class=\"wp-image-16211 size-full\" src=\"https:\/\/by-tv.co.uk\/wp-content\/uploads\/2022\/06\/WhatsApp-Image-2022-06-28-at-20.23.30.jpeg\" alt=\"\u2018An Afternoon Tea Talk: The Bangladesh Story\u2019\" width=\"2048\" height=\"1536\" title=\"\"><p id=\"caption-attachment-16211\" class=\"wp-caption-text\">Banglade\u015f D\u0131\u015fi\u015fleri Bakan\u0131 Dr Abdul Momen, \u0130ngiliz Milletvekili Rushanara Ali, Lord Rami Ranger, Londra \u00c7ay Borsas\u0131&#8217;n\u0131n CEO&#8217;su Sheik Aliur Rahman\u2019\u0131n da kat\u0131ld\u0131\u011f\u0131 etkinlik Banglade\u015f&#8217;in Birle\u015fik Krall\u0131k Y\u00fcksek Komiseri Saida Muna Tasneem ve Londra \u00c7ay Borsas\u0131&#8217;n\u0131n giri\u015fimiyle yap\u0131ld\u0131.<\/p><\/div>\n<p>CIFAL Londra Direkt\u00f6r\u00fc Prof. Akdemir \u201cCIFAL City of London&#8217;da \u00e7ok \u00f6zel bir y\u00f6netim kurulu \u00fcyesine sahip olma ayr\u0131cal\u0131\u011f\u0131na sahibiz. <a href=\"https:\/\/londonteaexchange.co.uk\" target=\"_blank\" rel=\"noopener\">Londra \u00c7ay Borsas\u0131<\/a>&#8216;n\u0131n CEO&#8217;su Say\u0131n Sheik Aliur Rahman, sadece ticarette uzman de\u011fil, \u00e7aya g\u00f6n\u00fcl vermi\u015f biri. 2030 y\u0131l\u0131na kadar s\u00fcrd\u00fcr\u00fclebilir kalk\u0131nma hedeflerine ula\u015fmak i\u00e7in bizimle birlikte \u00e7al\u0131\u015ft\u0131\u011f\u0131 i\u00e7in mutluyuz. S\u00fcrd\u00fcr\u00fclebilir kalk\u0131nma hedeflerine ancak birlikte \u00e7al\u0131\u015f\u0131rsak ula\u015fabiliriz. Herkes i\u00e7in daha iyi bir d\u00fcnyaya ula\u015fmak i\u00e7in sizinle birlikte \u00e7al\u0131\u015fmay\u0131 d\u00f6rt g\u00f6zle bekliyoruz.\u201d dedi.<\/p>\n<div id=\"attachment_16218\" style=\"width: 1160px\" class=\"wp-caption alignleft\"><img loading=\"lazy\" decoding=\"async\" aria-describedby=\"caption-attachment-16218\" class=\"size-full wp-image-16218\" src=\"https:\/\/by-tv.co.uk\/wp-content\/uploads\/2022\/06\/Londra-Cay-Borsasinin-CEOsu-Sheik-Aliur-Rahman.jpeg\" alt=\"\" width=\"1150\" height=\"860\" title=\"\"><p id=\"caption-attachment-16218\" class=\"wp-caption-text\">Londra \u00c7ay Borsas\u0131\u2019n\u0131n CEO\u2019su Sheik Aliur Rahman<\/p><\/div>\n<p>Birle\u015fmi\u015f Milletler S\u00fcrd\u00fcr\u00fclebilir Kalk\u0131nma Hedefleri, yoksullu\u011fu sona erdirmek, e\u015fitsizli\u011fi azaltmak, sa\u011fl\u0131k ve e\u011fitimi iyile\u015ftirmek amac\u0131yla herkes i\u00e7in daha iyi ve daha s\u00fcrd\u00fcr\u00fclebilir bir gelecek elde etmek i\u00e7in bir plan olarak tasarlanm\u0131\u015ft\u0131r. <img loading=\"lazy\" decoding=\"async\" class=\"alignleft size-full wp-image-16217\" src=\"https:\/\/by-tv.co.uk\/wp-content\/uploads\/2022\/06\/London-Tee-Exchange.jpg\" alt=\"\" width=\"1536\" height=\"1100\" title=\"\"><\/p>\n<p>&nbsp;Banglade\u015f&#8217;in tarihinin de konu\u015fuldu\u011fu etkinlikteki (Londra \u00c7ay Borsas\u0131 taraf\u0131ndan konuklara bu \u00fclkeye \u00f6zg\u00fc en kaliteli \u00e7aylardan ikram edildi. London Tea Exchange (Londra \u00c7ay Borsas\u0131) d\u00fcnyan\u0131n d\u00f6rt bir yan\u0131ndan 300&#8217;den fazla birinci s\u0131n\u0131f \u00e7ay ve nadir \u00e7ay \u00e7e\u015fidinden olu\u015fan geni\u015f portf\u00f6y\u00fc ile, do\u011frudan yirmi farkl\u0131 \u00fclkeden \u00e7ay tedarik ediyor.&nbsp;&nbsp;<\/p>\n<p>&nbsp;<\/p>\n<p>Haber+Foto\u011fraf: Ergin Balabeyoglu<\/p>\n<div id=\"briti-2033287330\" class=\"briti-icerikten-sonra_2\" style=\"margin-top: 25px;margin-bottom: 25px;\"><a href=\"https:\/\/wa.me\/message\/NDZLLIOQT4H3O1\" aria-label=\"bytv reklam banner\"><img loading=\"lazy\" decoding=\"async\" src=\"https:\/\/by-tv.co.uk\/wp-content\/uploads\/2025\/12\/bytv-reklam-banner.jpg\" alt=\"\"  width=\"2376\" height=\"1008\"   \/><\/a><\/div>","protected":false},"excerpt":{"rendered":"<p>Ge\u00e7ti\u011fimiz haftalarda Londra\u2019da imzalar\u0131 at\u0131lan BM destekli ara\u015ft\u0131rma merkezi CIFAL of London\u2019\u0131n ba\u015f\u0131na ge\u00e7en akademisyen Prof. Ba\u015fak Akdemir Lordlar Kamaras\u0131&#8217;nda d\u00fczenlenen \u2018An Afternoon Tea Talk: The Bangladesh Story\u2019 isimli etkinlikte bir konu\u015fma yapt\u0131. Banglade\u015f D\u0131\u015fi\u015fleri Bakan\u0131 Dr Abdul Momen, \u0130ngiliz Milletvekili Rushanara Ali, Lord Rami Ranger, Londra \u00c7ay Borsas\u0131&#8217;n\u0131n CEO&#8217;su Sheik Aliur Rahman\u2019\u0131n da kat\u0131ld\u0131\u011f\u0131 etkinlik Banglade\u015f&#8217;in Birle\u015fik Krall\u0131k Y\u00fcksek Komiseri Saida Muna Tasneem ve Londra \u00c7ay Borsas\u0131&#8217;n\u0131n giri\u015fimiyle yap\u0131ld\u0131. BM Y\u00f6netici ve Liderler i\u00e7in Uluslararas\u0131 E\u011fitim Merkezi (CIFAL Londra) Direkt\u00f6r\u00fc Prof. Akdemir, \u00c7ay \u00fcretimi konusunun, CIFAL City of London&#8216;\u0131n takip etti\u011fi konular\u0131n i\u00e7inde oldu\u011funu belirterek yerel d\u00fczeyde kapasiteyi g\u00fc\u00e7lendiren [&hellip;]<\/p>\n","protected":false},"author":1,"featured_media":16210,"comment_status":"open","ping_status":"open","sticky":false,"template":"","format":"video","meta":{"ngg_post_thumbnail":0,"footnotes":""},"categories":[11,15],"tags":[4488,4486,4487,149,228,4492,4491,4489,4490],"class_list":["post-16208","post","type-post","status-publish","format-video","has-post-thumbnail","hentry","category-dunya","category-ingiltere","tag-baglades","tag-cifal-of-london","tag-dr-abdul-momen","tag-ingiltere","tag-londra","tag-londra-cay-borsasi","tag-rushanara-ali","tag-saida-muna-tasneem","tag-sayin-sheik-aliur","post_format-post-format-video"],"_links":{"self":[{"href":"https:\/\/by-tv.co.uk\/en\/wp-json\/wp\/v2\/posts\/16208","targetHints":{"allow":["GET"]}}],"collection":[{"href":"https:\/\/by-tv.co.uk\/en\/wp-json\/wp\/v2\/posts"}],"about":[{"href":"https:\/\/by-tv.co.uk\/en\/wp-json\/wp\/v2\/types\/post"}],"author":[{"embeddable":true,"href":"https:\/\/by-tv.co.uk\/en\/wp-json\/wp\/v2\/users\/1"}],"replies":[{"embeddable":true,"href":"https:\/\/by-tv.co.uk\/en\/wp-json\/wp\/v2\/comments?post=16208"}],"version-history":[{"count":0,"href":"https:\/\/by-tv.co.uk\/en\/wp-json\/wp\/v2\/posts\/16208\/revisions"}],"wp:featuredmedia":[{"embeddable":true,"href":"https:\/\/by-tv.co.uk\/en\/wp-json\/wp\/v2\/media\/16210"}],"wp:attachment":[{"href":"https:\/\/by-tv.co.uk\/en\/wp-json\/wp\/v2\/media?parent=16208"}],"wp:term":[{"taxonomy":"category","embeddable":true,"href":"https:\/\/by-tv.co.uk\/en\/wp-json\/wp\/v2\/categories?post=16208"},{"taxonomy":"post_tag","embeddable":true,"href":"https:\/\/by-tv.co.uk\/en\/wp-json\/wp\/v2\/tags?post=16208"}],"curies":[{"name":"wp","href":"https:\/\/api.w.org\/{rel}","templated":true}]}}