{"id":16201,"date":"2022-06-29T07:57:36","date_gmt":"2022-06-29T06:57:36","guid":{"rendered":"https:\/\/by-tv.co.uk\/?p=16201"},"modified":"2022-06-29T07:57:36","modified_gmt":"2022-06-29T06:57:36","slug":"johnson-putin-rusyasindan-kacmak-isteyen-bilim-insanlarini-ingiltereye-davet-etti","status":"publish","type":"post","link":"https:\/\/by-tv.co.uk\/en\/johnson-putin-rusyasindan-kacmak-isteyen-bilim-insanlarini-ingiltereye-davet-etti\/","title":{"rendered":"Johnson, Putin&#8217;den ka\u00e7mak isteyen Rus bilim insanlar\u0131n\u0131 \u0130ngiltere&#8217;ye davet etti"},"content":{"rendered":"<p>\u0130ngiltere Ba\u015fbakan\u0131 Boris Johnson, Rusya Lideri Vladimir Putin&#8217;in h\u00fck\u00fcmetine kar\u015f\u0131 \u00e7\u0131kan Rus bilim insanlar\u0131n\u0131n \u0130ngiltere&#8217;ye ta\u015f\u0131nabilece\u011fini a\u00e7\u0131klad\u0131.<\/p>\n<p>\u0130ngiltere Ba\u015fbakan Johnson, Ukraynal\u0131 bilim insanlar\u0131na y\u00f6nelik bir daveti Rusya&#8217;daki bilim insanlar\u0131na da iletti.<\/p>\n<p>Pazartesi g\u00fcn\u00fc Almanya\u2019n\u0131n Bavyera eyaletindeki G7 zirvesinde konu\u015fan Johnson, \u2018Putin&#8217;in \u015fiddetine deh\u015fet i\u00e7inde bakan ve art\u0131k Rusya&#8217;da g\u00fcvende hissetmeyen Rus bilim insanlar\u0131na ve ara\u015ft\u0131rmac\u0131lara\u2019 seslendi. Johnson, onlar\u0131 \u0130ngiltere&#8217;ye gelmeye ve a\u00e7\u0131kl\u0131k, \u00f6zg\u00fcrl\u00fck ve bilgi aray\u0131\u015f\u0131na de\u011fer veren bir \u00fclkede \u00e7al\u0131\u015fmaya davet etti.<\/p><div id=\"briti-1381416561\" class=\"briti-icerik\" style=\"margin-top: 5px;margin-bottom: 5px;\"><a href=\"https:\/\/piaryum.com\/services\/\" aria-label=\"piaryum banner\"><img loading=\"lazy\" decoding=\"async\" src=\"https:\/\/by-tv.co.uk\/wp-content\/uploads\/2025\/12\/Gemini_Generated_Image_g5yqr1g5yqr1g5yq.jpg\" alt=\"\"  width=\"2064\" height=\"1152\"   \/><\/a><\/div>\n<p>\u0130ngiltere \u2018risk alt\u0131ndaki ara\u015ft\u0131rmac\u0131lar plan\u0131\u2019 b\u00fct\u00e7esini geni\u015fletti<\/p>\n<p>\u0130ngiltere, \u015fu anda yakla\u015f\u0131k 13 milyon sterlin (15.9 milyon dolar) olan \u2018risk alt\u0131ndaki ara\u015ft\u0131rmac\u0131lar plan\u0131\u2019 olarak adland\u0131r\u0131lan b\u00fct\u00e7eyi de geni\u015fletti\u011fini belirtti. Bu y\u0131l\u0131n Mart ay\u0131nda ba\u015flat\u0131lan program, Ukraynal\u0131 bilim insanlar\u0131n\u0131n \u0130ngiltere&#8217;ye ta\u015f\u0131nmas\u0131na ve finansal olarak desteklenmesine yard\u0131mc\u0131 olmak i\u00e7in tasarland\u0131.<\/p>\n<p>\u0130ngiliz h\u00fck\u00fcmetinden yap\u0131lan a\u00e7\u0131klamaya g\u00f6re, 130&#8217;dan fazla akademisyen teklif ald\u0131.<\/p>\n<p>Johnson, \u0130ngiltere&#8217;nin d\u00fcnyan\u0131n \u00f6nde gelen \u00fcniversitelerinin, ara\u015ft\u0131rma kurumlar\u0131n\u0131n ve teknoloji i\u015fletmelerinin, \u00e7at\u0131\u015fman\u0131n ba\u015flang\u0131c\u0131ndan bu yana Ukraynal\u0131 m\u00fcltecilere kap\u0131lar\u0131n\u0131 a\u00e7an s\u0131radan \u0130ngilizlerden farkl\u0131 olmad\u0131\u011f\u0131n\u0131 s\u00f6yledi.<\/p>\n<p>Bunun \u00fczerine \u0130ngiltere Uluslararas\u0131 Ticaret Bakanl\u0131\u011f\u0131, Ukraynal\u0131 bilim ve teknoloji i\u015f liderlerine ge\u00e7ici yer de\u011fi\u015ftirme ve mentorluk hizmeti sunacak.<\/p>\n<p>\u0130ngiltere ba\u015fbakan\u0131, plan\u0131n geni\u015flemesinin gelecekte hem Ukrayna hem de \u0130ngiltere&#8217;nin geli\u015fmesine yard\u0131mc\u0131 olaca\u011f\u0131na olan g\u00fcvenini dile getirdi.<\/p>\n<p>Johnson, Putin&#8217;in Ukrayna&#8217;da ba\u015far\u0131s\u0131z olmas\u0131n\u0131 sa\u011flamada bilim ve teknolojinin belirleyici olaca\u011f\u0131n\u0131 da s\u00f6zlerine ekledi.<\/p>\n<p>&nbsp;<\/p>\n<p>TRT Haber<\/p>\n<div id=\"briti-3812001151\" class=\"briti-icerikten-sonra_2\" style=\"margin-top: 25px;margin-bottom: 25px;\"><a href=\"https:\/\/wa.me\/message\/NDZLLIOQT4H3O1\" aria-label=\"bytv reklam banner\"><img loading=\"lazy\" decoding=\"async\" src=\"https:\/\/by-tv.co.uk\/wp-content\/uploads\/2025\/12\/bytv-reklam-banner.jpg\" alt=\"\"  width=\"2376\" height=\"1008\"   \/><\/a><\/div>","protected":false},"excerpt":{"rendered":"<p>\u0130ngiltere Ba\u015fbakan\u0131 Boris Johnson, Rusya Lideri Vladimir Putin&#8217;in h\u00fck\u00fcmetine kar\u015f\u0131 \u00e7\u0131kan Rus bilim insanlar\u0131n\u0131n \u0130ngiltere&#8217;ye ta\u015f\u0131nabilece\u011fini a\u00e7\u0131klad\u0131. \u0130ngiltere Ba\u015fbakan Johnson, Ukraynal\u0131 bilim insanlar\u0131na y\u00f6nelik bir daveti Rusya&#8217;daki bilim insanlar\u0131na da iletti. Pazartesi g\u00fcn\u00fc Almanya\u2019n\u0131n Bavyera eyaletindeki G7 zirvesinde konu\u015fan Johnson, \u2018Putin&#8217;in \u015fiddetine deh\u015fet i\u00e7inde bakan ve art\u0131k Rusya&#8217;da g\u00fcvende hissetmeyen Rus bilim insanlar\u0131na ve ara\u015ft\u0131rmac\u0131lara\u2019 seslendi. Johnson, onlar\u0131 \u0130ngiltere&#8217;ye gelmeye ve a\u00e7\u0131kl\u0131k, \u00f6zg\u00fcrl\u00fck ve bilgi aray\u0131\u015f\u0131na de\u011fer veren bir \u00fclkede \u00e7al\u0131\u015fmaya davet etti. \u0130ngiltere \u2018risk alt\u0131ndaki ara\u015ft\u0131rmac\u0131lar plan\u0131\u2019 b\u00fct\u00e7esini geni\u015fletti \u0130ngiltere, \u015fu anda yakla\u015f\u0131k 13 milyon sterlin (15.9 milyon dolar) olan \u2018risk alt\u0131ndaki ara\u015ft\u0131rmac\u0131lar plan\u0131\u2019 olarak adland\u0131r\u0131lan b\u00fct\u00e7eyi de geni\u015fletti\u011fini [&hellip;]<\/p>\n","protected":false},"author":1,"featured_media":16202,"comment_status":"open","ping_status":"open","sticky":false,"template":"","format":"standard","meta":{"ngg_post_thumbnail":0,"footnotes":""},"categories":[1],"tags":[],"class_list":["post-16201","post","type-post","status-publish","format-standard","has-post-thumbnail","hentry","category-genel"],"_links":{"self":[{"href":"https:\/\/by-tv.co.uk\/en\/wp-json\/wp\/v2\/posts\/16201","targetHints":{"allow":["GET"]}}],"collection":[{"href":"https:\/\/by-tv.co.uk\/en\/wp-json\/wp\/v2\/posts"}],"about":[{"href":"https:\/\/by-tv.co.uk\/en\/wp-json\/wp\/v2\/types\/post"}],"author":[{"embeddable":true,"href":"https:\/\/by-tv.co.uk\/en\/wp-json\/wp\/v2\/users\/1"}],"replies":[{"embeddable":true,"href":"https:\/\/by-tv.co.uk\/en\/wp-json\/wp\/v2\/comments?post=16201"}],"version-history":[{"count":0,"href":"https:\/\/by-tv.co.uk\/en\/wp-json\/wp\/v2\/posts\/16201\/revisions"}],"wp:featuredmedia":[{"embeddable":true,"href":"https:\/\/by-tv.co.uk\/en\/wp-json\/wp\/v2\/media\/16202"}],"wp:attachment":[{"href":"https:\/\/by-tv.co.uk\/en\/wp-json\/wp\/v2\/media?parent=16201"}],"wp:term":[{"taxonomy":"category","embeddable":true,"href":"https:\/\/by-tv.co.uk\/en\/wp-json\/wp\/v2\/categories?post=16201"},{"taxonomy":"post_tag","embeddable":true,"href":"https:\/\/by-tv.co.uk\/en\/wp-json\/wp\/v2\/tags?post=16201"}],"curies":[{"name":"wp","href":"https:\/\/api.w.org\/{rel}","templated":true}]}}