{"id":15923,"date":"2022-06-12T15:45:50","date_gmt":"2022-06-12T14:45:50","guid":{"rendered":"https:\/\/by-tv.co.uk\/?p=15923"},"modified":"2022-06-12T15:45:50","modified_gmt":"2022-06-12T14:45:50","slug":"oxford-universitesinden-dr-emre-eren-korkmaz-henuz-johnsonin-vadesinin-doldugunu-dusunmuyorum","status":"publish","type":"post","link":"https:\/\/by-tv.co.uk\/en\/oxford-universitesinden-dr-emre-eren-korkmaz-henuz-johnsonin-vadesinin-doldugunu-dusunmuyorum\/","title":{"rendered":"Oxford \u00dcniversitesi&#8217;nden Dr. Emre Eren Korkmaz &#8220;Hen\u00fcz, Johnson&#8217;\u0131n vadesinin doldu\u011funu d\u00fc\u015f\u00fcnm\u00fcyorum&#8221;"},"content":{"rendered":"<p>\ud83d\udcccGe\u00e7ti\u011fimiz hafta, \u0130ngiltere&#8217;de Muhafazakar Parti i\u00e7inde yap\u0131lan g\u00fcvenoyu yoklamas\u0131n\u0131 148&#8217;e kar\u015f\u0131 211 oyla kazanan \u0130ngiltere Ba\u015fbakan\u0131 Boris Johnson&#8217;\u0131n ilerleyen s\u00fcre\u00e7lerde ak\u0131betinin ne olaca\u011f\u0131 merak konusu. Johnson oylamay\u0131 kazanm\u0131\u015f olsa da , olduk\u00e7a \u00f6nemli bir oranda parti i\u00e7i muhalefetle kar\u015f\u0131 kar\u015f\u0131ya ger\u00e7e\u011fi ortada duruyor.<\/p>\n<p>\ud83d\udccc<a href=\"https:\/\/www.qeh.ox.ac.uk\/people\/emre-eren-korkmaz\" target=\"_blank\" rel=\"noopener\">Oxford \u00dcniversitesi<\/a> G\u00f6\u00e7 ve Kalk\u0131nma B\u00f6l\u00fcm\u00fc \u00d6\u011fretim \u00dcyesi Dr. Emre Eren Korkmaz, Johnson i\u00e7in yap\u0131lan oylama karar\u0131n\u0131 de\u011ferlendirdi. Dr. Korkmaz &#8220;Hen\u00fcz, Johnson&#8217;\u0131n vadesinin doldu\u011funu d\u00fc\u015f\u00fcnm\u00fcyorum&#8221; dedi.<br \/>\n<iframe loading=\"lazy\" title=\"YouTube video player\" src=\"https:\/\/www.youtube.com\/embed\/AqWj5kcujns\" width=\"1271\" height=\"715\" frameborder=\"0\" allowfullscreen=\"allowfullscreen\"><\/iframe><br \/>\n\ud83d\udcccKurallara g\u00f6re, g\u00fcven oylamas\u0131nda kazanan bir lider, bir sene i\u00e7inde yeni bir oylamayla kar\u015f\u0131 kar\u015f\u0131ya kalam\u0131yor. Ne var ki, 1922 Komitesi Ba\u015fkan\u0131 Sir Graham Brady, \u00fcyelerin istemesi halinde kurallar\u0131n de\u011fi\u015febilece\u011fini s\u00f6yledi. Konu, daha \u00f6nce de g\u00fcndeme gelmi\u015f ve oylamalar aras\u0131ndaki s\u00fcrenin azalt\u0131lmas\u0131 tart\u0131\u015fmaya a\u00e7\u0131lm\u0131\u015ft\u0131. B\u00f6yle bir senaryonun ger\u00e7ekle\u015fmesi halinde yeni bir oylaman\u0131n \u00f6n\u00fc a\u00e7\u0131k.<\/p>\n<div id=\"briti-2365709931\" class=\"briti-icerikten-sonra_2\" style=\"margin-top: 25px;margin-bottom: 25px;\"><a href=\"https:\/\/wa.me\/message\/NDZLLIOQT4H3O1\" aria-label=\"bytv reklam banner\"><img loading=\"lazy\" decoding=\"async\" src=\"https:\/\/by-tv.co.uk\/wp-content\/uploads\/2025\/12\/bytv-reklam-banner.jpg\" alt=\"\"  width=\"2376\" height=\"1008\"   \/><\/a><\/div>","protected":false},"excerpt":{"rendered":"<p>\ud83d\udcccGe\u00e7ti\u011fimiz hafta, \u0130ngiltere&#8217;de Muhafazakar Parti i\u00e7inde yap\u0131lan g\u00fcvenoyu yoklamas\u0131n\u0131 148&#8217;e kar\u015f\u0131 211 oyla kazanan \u0130ngiltere Ba\u015fbakan\u0131 Boris Johnson&#8217;\u0131n ilerleyen s\u00fcre\u00e7lerde ak\u0131betinin ne olaca\u011f\u0131 merak konusu. Johnson oylamay\u0131 kazanm\u0131\u015f olsa da , olduk\u00e7a \u00f6nemli bir oranda parti i\u00e7i muhalefetle kar\u015f\u0131 kar\u015f\u0131ya ger\u00e7e\u011fi ortada duruyor. \ud83d\udcccOxford \u00dcniversitesi G\u00f6\u00e7 ve Kalk\u0131nma B\u00f6l\u00fcm\u00fc \u00d6\u011fretim \u00dcyesi Dr. Emre Eren Korkmaz, Johnson i\u00e7in yap\u0131lan oylama karar\u0131n\u0131 de\u011ferlendirdi. Dr. Korkmaz &#8220;Hen\u00fcz, Johnson&#8217;\u0131n vadesinin doldu\u011funu d\u00fc\u015f\u00fcnm\u00fcyorum&#8221; dedi. \ud83d\udcccKurallara g\u00f6re, g\u00fcven oylamas\u0131nda kazanan bir lider, bir sene i\u00e7inde yeni bir oylamayla kar\u015f\u0131 kar\u015f\u0131ya kalam\u0131yor. Ne var ki, 1922 Komitesi Ba\u015fkan\u0131 Sir Graham Brady, \u00fcyelerin istemesi halinde kurallar\u0131n de\u011fi\u015febilece\u011fini s\u00f6yledi. [&hellip;]<\/p>\n","protected":false},"author":1,"featured_media":15924,"comment_status":"open","ping_status":"open","sticky":false,"template":"","format":"video","meta":{"ngg_post_thumbnail":0,"footnotes":""},"categories":[1],"tags":[417,875],"class_list":["post-15923","post","type-post","status-publish","format-video","has-post-thumbnail","hentry","category-genel","tag-boris-johnson","tag-emre-eren-korkmaz","post_format-post-format-video"],"_links":{"self":[{"href":"https:\/\/by-tv.co.uk\/en\/wp-json\/wp\/v2\/posts\/15923","targetHints":{"allow":["GET"]}}],"collection":[{"href":"https:\/\/by-tv.co.uk\/en\/wp-json\/wp\/v2\/posts"}],"about":[{"href":"https:\/\/by-tv.co.uk\/en\/wp-json\/wp\/v2\/types\/post"}],"author":[{"embeddable":true,"href":"https:\/\/by-tv.co.uk\/en\/wp-json\/wp\/v2\/users\/1"}],"replies":[{"embeddable":true,"href":"https:\/\/by-tv.co.uk\/en\/wp-json\/wp\/v2\/comments?post=15923"}],"version-history":[{"count":0,"href":"https:\/\/by-tv.co.uk\/en\/wp-json\/wp\/v2\/posts\/15923\/revisions"}],"wp:featuredmedia":[{"embeddable":true,"href":"https:\/\/by-tv.co.uk\/en\/wp-json\/wp\/v2\/media\/15924"}],"wp:attachment":[{"href":"https:\/\/by-tv.co.uk\/en\/wp-json\/wp\/v2\/media?parent=15923"}],"wp:term":[{"taxonomy":"category","embeddable":true,"href":"https:\/\/by-tv.co.uk\/en\/wp-json\/wp\/v2\/categories?post=15923"},{"taxonomy":"post_tag","embeddable":true,"href":"https:\/\/by-tv.co.uk\/en\/wp-json\/wp\/v2\/tags?post=15923"}],"curies":[{"name":"wp","href":"https:\/\/api.w.org\/{rel}","templated":true}]}}