{"id":15686,"date":"2022-05-28T10:19:57","date_gmt":"2022-05-28T09:19:57","guid":{"rendered":"https:\/\/by-tv.co.uk\/?p=15686"},"modified":"2022-05-28T10:19:57","modified_gmt":"2022-05-28T09:19:57","slug":"easyjet-havayolu-sirketi-londra-gatwickten-kalkan-200den-fazla-ucusu-iptal-etti","status":"publish","type":"post","link":"https:\/\/by-tv.co.uk\/en\/easyjet-havayolu-sirketi-londra-gatwickten-kalkan-200den-fazla-ucusu-iptal-etti\/","title":{"rendered":"EasyJet havayolu \u015firketi, Londra Gatwick&#8217;ten kalkan 200&#8217;den fazla u\u00e7u\u015fu iptal etti"},"content":{"rendered":"<p>EasyJet havayolu \u015firketi, yar\u0131y\u0131l tatiline denk gelen 28 May\u0131s ve 6 Haziran tarihleri \u200b\u200baras\u0131nda Londra Gatwick havaalan\u0131ndan g\u00fcnde yakla\u015f\u0131k 24 u\u00e7u\u015fun iptal edilece\u011fini s\u00f6yledi.<\/p>\n<p>Havayolu, iptallerin &#8220;bu yo\u011fun d\u00f6nemde g\u00fcvenilir hizmetler sunmak i\u00e7in&#8221; gerekli oldu\u011funu s\u00f6yledi.<\/p>\n<p>\u00d6te yandan Ula\u015ft\u0131rma Bakanl\u0131\u011f\u0131 (DfT) yar\u0131y\u0131l tatili nedeniyle ya\u015fanabilecek yo\u011funluk nedeniyle , insanlar\u0131 Dover liman\u0131na seyahat etmeden \u00f6nce en son tavsiyeleri kontrol etmeye \u00e7a\u011f\u0131rd\u0131.<\/p><div id=\"briti-2516751386\" class=\"briti-icerik\" style=\"margin-top: 5px;margin-bottom: 5px;\"><a href=\"https:\/\/piaryum.com\/services\/\" aria-label=\"piaryum banner\"><img loading=\"lazy\" decoding=\"async\" src=\"https:\/\/by-tv.co.uk\/wp-content\/uploads\/2025\/12\/Gemini_Generated_Image_g5yqr1g5yqr1g5yq.jpg\" alt=\"\"  width=\"2064\" height=\"1152\"   \/><\/a><\/div>\n<p>Bakanl\u0131k Kent&#8217;teki yollar\u0131n &#8220;ola\u011fan\u00fcst\u00fc fazla say\u0131da&#8221; yolcu nedeniyle &#8220;son derece yo\u011fun&#8221; oldu\u011fu ve P&amp;O Ferries&#8217;in hala t\u00fcm feribot seferlerini yapmad\u0131\u011f\u0131 konusunda uyard\u0131.<\/p>\n<blockquote class=\"twitter-tweet\">\n<p dir=\"ltr\" lang=\"en\">We apologise to all customers whose flights have been affected by IT system issues. You can check your flight status here &gt;&gt;&gt; <a href=\"https:\/\/t.co\/z1q01rpz7Z\">https:\/\/t.co\/z1q01rpz7Z<\/a><\/p>\n<p>\u2014 easyJet (@easyJet) <a href=\"https:\/\/twitter.com\/easyJet\/status\/1529841232268214275?ref_src=twsrc%5Etfw\" target=\"_blank\" rel=\"noopener\">May 26, 2022<\/a><\/p><\/blockquote>\n<p><script async=\"\" src=\"https:\/\/platform.twitter.com\/widgets.js\" charset=\"utf-8\"><\/script><br \/>\nPer\u015fembe g\u00fcn\u00fc bir yaz\u0131l\u0131m hatas\u0131 EasyJet&#8217;i yakla\u015f\u0131k 200 u\u00e7u\u015fu iptal etmeye zorlad\u0131.<\/p>\n<p>Sorun, Birle\u015fik Krall\u0131k&#8217;taki havaalanlar\u0131n\u0131 etkiledi. Cuma sabah\u0131 20 EasyJet u\u00e7u\u015fu daha iptal edildi ve \u00fc\u00e7\u00fc 24 saatten fazla olmak \u00fczere &#8220;az say\u0131da&#8221; TUI u\u00e7u\u015fu da ertelendi.<\/p>\n<p>Ancak EasyJet, son iptallerin \u015fu anda \u00e7\u00f6z\u00fclm\u00fc\u015f olan yaz\u0131l\u0131m hatas\u0131 ile ilgili olmad\u0131\u011f\u0131n\u0131 s\u00f6yledi.<\/p>\n<p>Hava trafik kontrol k\u0131s\u0131tlamalar\u0131, pist \u00e7al\u0131\u015fmalar\u0131 ve havaliman\u0131 ula\u015f\u0131m gecikmeleri de dahil olmak \u00fczere bir dizi sorunun operasyonlar\u0131n\u0131 etkiledi\u011fini ve iptallere katk\u0131da bulundu\u011funu s\u00f6yledi.<\/p>\n<p>Havayolundan yap\u0131lan a\u00e7\u0131klamada, &#8220;Bu iptallerden baz\u0131lar\u0131n\u0131n ge\u00e7 bildirilmesinden ve bu u\u00e7u\u015flarda rezervasyon yapan m\u00fc\u015fterilerimizin verdi\u011fi rahats\u0131zl\u0131ktan dolay\u0131 \u00e7ok \u00fczg\u00fcn\u00fcz, ancak bu yo\u011fun d\u00f6nemde g\u00fcvenilir hizmetler sunmak i\u00e7in bunun gerekli oldu\u011funa inan\u0131yoruz.<\/p>\n<blockquote class=\"twitter-tweet\">\n<p dir=\"ltr\" lang=\"en\">Before setting off on your <a href=\"https:\/\/twitter.com\/hashtag\/HalfTerm?src=hash&amp;ref_src=twsrc%5Etfw\" target=\"_blank\" rel=\"noopener\">#HalfTerm<\/a> journey, don\u2019t forget to plan ahead and check for updates from:-<br \/>\n\ud83d\ude97<a href=\"https:\/\/twitter.com\/NationalHways?ref_src=twsrc%5Etfw\" target=\"_blank\" rel=\"noopener\">@NationalHways<\/a><br \/>\n\ud83d\ude86<a href=\"https:\/\/twitter.com\/nationalrailenq?ref_src=twsrc%5Etfw\" target=\"_blank\" rel=\"noopener\">@NationalRailEnq<\/a><br \/>\n\u26f4 <a href=\"https:\/\/twitter.com\/PoD_travelnews?ref_src=twsrc%5Etfw\" target=\"_blank\" rel=\"noopener\">@PoD_travelnews<\/a> for Dover<br \/>\n\u2708\ufe0f Your operator for flights and ferry services <a href=\"https:\/\/t.co\/EyDxZVCUi6\">pic.twitter.com\/EyDxZVCUi6<\/a><\/p>\n<p>\u2014 Department for Transport (@transportgovuk) <a href=\"https:\/\/twitter.com\/transportgovuk\/status\/1530131718350553088?ref_src=twsrc%5Etfw\" target=\"_blank\" rel=\"noopener\">May 27, 2022<\/a><\/p><\/blockquote>\n<p><script async=\"\" src=\"https:\/\/platform.twitter.com\/widgets.js\" charset=\"utf-8\"><\/script><br \/>\n&#8220;Bug\u00fcnden itibaren m\u00fc\u015fterilere u\u00e7u\u015flar\u0131n\u0131 yeniden rezerve etme veya para iadesi alma se\u00e7ene\u011fi sunuluyor ve d\u00fczenlemelere uygun olarak tazminat i\u00e7in ba\u015fvurabiliyorlar.&#8221;<\/p>\n<p>Havayolu, \u00f6n\u00fcm\u00fczdeki hafta boyunca g\u00fcnde yakla\u015f\u0131k 1.700 u\u00e7u\u015f ger\u00e7ekle\u015ftirmeye devam edecek.<\/p>\n<p>#easyjet #u\u00e7u\u015fiptali #ingiltere #gatwick #londra #londrahavaliman\u0131 #havac\u0131l\u0131k #havayolu<\/p>\n<p>&nbsp;<\/p>\n<div id=\"briti-781918598\" class=\"briti-icerikten-sonra_2\" style=\"margin-top: 25px;margin-bottom: 25px;\"><a href=\"https:\/\/wa.me\/message\/NDZLLIOQT4H3O1\" aria-label=\"bytv reklam banner\"><img loading=\"lazy\" decoding=\"async\" src=\"https:\/\/by-tv.co.uk\/wp-content\/uploads\/2025\/12\/bytv-reklam-banner.jpg\" alt=\"\"  width=\"2376\" height=\"1008\"   \/><\/a><\/div>","protected":false},"excerpt":{"rendered":"<p>EasyJet havayolu \u015firketi, yar\u0131y\u0131l tatiline denk gelen 28 May\u0131s ve 6 Haziran tarihleri \u200b\u200baras\u0131nda Londra Gatwick havaalan\u0131ndan g\u00fcnde yakla\u015f\u0131k 24 u\u00e7u\u015fun iptal edilece\u011fini s\u00f6yledi. Havayolu, iptallerin &#8220;bu yo\u011fun d\u00f6nemde g\u00fcvenilir hizmetler sunmak i\u00e7in&#8221; gerekli oldu\u011funu s\u00f6yledi. \u00d6te yandan Ula\u015ft\u0131rma Bakanl\u0131\u011f\u0131 (DfT) yar\u0131y\u0131l tatili nedeniyle ya\u015fanabilecek yo\u011funluk nedeniyle , insanlar\u0131 Dover liman\u0131na seyahat etmeden \u00f6nce en son tavsiyeleri kontrol etmeye \u00e7a\u011f\u0131rd\u0131. Bakanl\u0131k Kent&#8217;teki yollar\u0131n &#8220;ola\u011fan\u00fcst\u00fc fazla say\u0131da&#8221; yolcu nedeniyle &#8220;son derece yo\u011fun&#8221; oldu\u011fu ve P&amp;O Ferries&#8217;in hala t\u00fcm feribot seferlerini yapmad\u0131\u011f\u0131 konusunda uyard\u0131. We apologise to all customers whose flights have been affected by IT system issues. You can check your [&hellip;]<\/p>\n","protected":false},"author":1,"featured_media":15687,"comment_status":"open","ping_status":"open","sticky":false,"template":"","format":"standard","meta":{"ngg_post_thumbnail":0,"footnotes":""},"categories":[1],"tags":[4430,4431],"class_list":["post-15686","post","type-post","status-publish","format-standard","has-post-thumbnail","hentry","category-genel","tag-easyjet-havayolu","tag-londra-gatwick"],"_links":{"self":[{"href":"https:\/\/by-tv.co.uk\/en\/wp-json\/wp\/v2\/posts\/15686","targetHints":{"allow":["GET"]}}],"collection":[{"href":"https:\/\/by-tv.co.uk\/en\/wp-json\/wp\/v2\/posts"}],"about":[{"href":"https:\/\/by-tv.co.uk\/en\/wp-json\/wp\/v2\/types\/post"}],"author":[{"embeddable":true,"href":"https:\/\/by-tv.co.uk\/en\/wp-json\/wp\/v2\/users\/1"}],"replies":[{"embeddable":true,"href":"https:\/\/by-tv.co.uk\/en\/wp-json\/wp\/v2\/comments?post=15686"}],"version-history":[{"count":0,"href":"https:\/\/by-tv.co.uk\/en\/wp-json\/wp\/v2\/posts\/15686\/revisions"}],"wp:featuredmedia":[{"embeddable":true,"href":"https:\/\/by-tv.co.uk\/en\/wp-json\/wp\/v2\/media\/15687"}],"wp:attachment":[{"href":"https:\/\/by-tv.co.uk\/en\/wp-json\/wp\/v2\/media?parent=15686"}],"wp:term":[{"taxonomy":"category","embeddable":true,"href":"https:\/\/by-tv.co.uk\/en\/wp-json\/wp\/v2\/categories?post=15686"},{"taxonomy":"post_tag","embeddable":true,"href":"https:\/\/by-tv.co.uk\/en\/wp-json\/wp\/v2\/tags?post=15686"}],"curies":[{"name":"wp","href":"https:\/\/api.w.org\/{rel}","templated":true}]}}